{"id":558,"date":"1998-01-16T14:51:29","date_gmt":"1998-01-16T13:51:29","guid":{"rendered":"http:\/\/www.prochoix.org\/wordpress\/?p=558"},"modified":"2015-10-16T14:52:55","modified_gmt":"2015-10-16T13:52:55","slug":"prochoix-n-2-janvier-1998","status":"publish","type":"post","link":"https:\/\/prochoix.org\/?p=558","title":{"rendered":"PROCHOIX n\u00b0 2 &#8211; janvier 1998"},"content":{"rendered":"<h4>En route vers le droit de choisir<\/h4>\n<p>par Fiammetta Venner et Caroline Fourest<\/p>\n<p><em>Pour le premier num\u00e9ro, vous avez \u00e9t\u00e9 nombreux \u00e0 r\u00e9agir&#8230; visc\u00e9ralement\u00a0! Sur la mise en page, vous nous avez doctement fait remarquer qu&rsquo;elle \u00e9tait trop espac\u00e9e &#8211; trop serr\u00e9e, trop s\u00e9rieuse &#8211; pas assez, les caract\u00e8res trop petits &#8211; trop grands&#8230; Aussi, en bons prochoix que nous sommes, nous avons choisi de n&rsquo;en faire qu&rsquo;\u00e0 notre t\u00eate en nous rassurant d&rsquo;un \u00ab\u00a0le journal interpelle, c&rsquo;est l&rsquo;essentiel !&#8230;\u00a0\u00bb<\/em><\/p>\n<h5>Le ver provie dans le fruit de la m\u00e9decine (Fiammetta Venner)<\/h5>\n<p><em>Apr\u00e8s un historique des rapports entretenus par le milieu m\u00e9dical avec le milieu \u00ab\u00a0pro-vie\u00a0\u00bb, ProChoix d\u00e9crit les diff\u00e9rentes strat\u00e9gies auxquelles ont recours les anti-IVG pour convertir m\u00e9decins et infirmi\u00e8res \u00e0 leur cause , comment ces militants se servent de complicit\u00e9s au sein du milieu m\u00e9dical pour capter ou persuader des patientes de renoncer \u00e0 leur avortement. Du CLER \u00e0 l&rsquo;Association des m\u00e9decins pour le respect dela vie en passant par la F\u00e9d\u00e9ration mondiale des m\u00e9decins pour la vie (qui revendique 17 000 membres sur le seul territoire fran\u00e7ais), le dossier donne l&rsquo;exemple d&rsquo;une dizaine d&rsquo;associations de m\u00e9decins anti-IVG et pro-vie. Retrouvez-aussi le portrait exclusif de l&rsquo;un des d&rsquo;un m\u00e9decin pro-vie les plus activiste\u00a0: le docteur Villette, fondateur de l&rsquo;Alliance chr\u00e9tienne et qui vient de planter 100 croix de 7 m\u00e8tres chacune sur un terrain visible de l&rsquo;auroute pour comm\u00e9morer et organiser des p\u00e9lerinages en m\u00e9moire des victimes de l&rsquo;avortement !<\/em><\/p>\n<h5>Xavier &lsquo;Dor&rsquo; enfin en prison (Caroline Fourest)<\/h5>\n<p><em>Retrouvez le r\u00e9cit hilarant du commando de Xavier Dor \u00e0 la nonciature par Xavier Dor lui m\u00eame, les rebondissements autour de son s\u00e9jour en prison et l&rsquo;\u00e9moi que l&rsquo;\u00e9v\u00e9nement a suscit\u00e9 \u00e0 l&rsquo;extr\u00eame droite (article seulement disponible sur papier).<\/em><\/p>\n<h5>Et aussi<\/h5>\n<ul>\n<li>Pouss\u00e9e d&rsquo;Eglises int\u00e9gristes<\/li>\n<li>Entretien avec le Planning familial<\/li>\n<li>Zoom\u00a0: Clermont-Ferrand et le droit de choisir<\/li>\n<li>Parit\u00e9\u00a0: Les femmes sur le tapis de l&rsquo;Assembl\u00e9e nationale<\/li>\n<li>Livre\u00a0: La bio &lsquo;none&rsquo; autoris\u00e9e de m\u00e8re T\u00e9r\u00e9sa<\/li>\n<li>In\u00e9dit\u00a0: L&rsquo;imposture de Jacques Testart&#8230;12<a href=\"http:\/\/www.prochoix.org\/wordpress\/wp-content\/uploads\/2015\/10\/Capture-d\u2019\u00e9cran-2015-10-16-\u00e0-15.52.26.png\"><img loading=\"lazy\" decoding=\"async\" class=\"alignnone size-medium wp-image-559\" src=\"http:\/\/www.prochoix.org\/wordpress\/wp-content\/uploads\/2015\/10\/Capture-d\u2019\u00e9cran-2015-10-16-\u00e0-15.52.26-228x300.png\" alt=\"Capture d\u2019\u00e9cran 2015-10-16 \u00e0 15.52.26\" width=\"228\" height=\"300\" srcset=\"https:\/\/prochoix.org\/wp-content\/uploads\/2015\/10\/Capture-d\u2019\u00e9cran-2015-10-16-\u00e0-15.52.26-228x300.png 228w, https:\/\/prochoix.org\/wp-content\/uploads\/2015\/10\/Capture-d\u2019\u00e9cran-2015-10-16-\u00e0-15.52.26.png 294w\" sizes=\"(max-width: 228px) 100vw, 228px\" \/><\/a><\/li>\n<\/ul>\n","protected":false},"excerpt":{"rendered":"<p>En route vers le droit de choisir par Fiammetta Venner et Caroline Fourest Pour le premier num\u00e9ro, vous avez \u00e9t\u00e9 nombreux \u00e0 r\u00e9agir&#8230; visc\u00e9ralement\u00a0! Sur la mise en page, vous nous avez doctement fait remarquer qu&rsquo;elle \u00e9tait trop espac\u00e9e &#8211; trop serr\u00e9e, trop s\u00e9rieuse &#8211; pas assez, les caract\u00e8res trop petits &#8211; trop grands&#8230; Aussi, &hellip; <a href=\"https:\/\/prochoix.org\/?p=558\" class=\"more-link\">Continuer la lecture de <span class=\"screen-reader-text\">PROCHOIX n\u00b0 2 &#8211; janvier 1998<\/span>  <span class=\"meta-nav\">&rarr;<\/span><\/a><\/p>\n","protected":false},"author":1,"featured_media":0,"comment_status":"open","ping_status":"open","sticky":false,"template":"","format":"standard","meta":{"footnotes":""},"categories":[17],"tags":[],"_links":{"self":[{"href":"https:\/\/prochoix.org\/index.php?rest_route=\/wp\/v2\/posts\/558"}],"collection":[{"href":"https:\/\/prochoix.org\/index.php?rest_route=\/wp\/v2\/posts"}],"about":[{"href":"https:\/\/prochoix.org\/index.php?rest_route=\/wp\/v2\/types\/post"}],"author":[{"embeddable":true,"href":"https:\/\/prochoix.org\/index.php?rest_route=\/wp\/v2\/users\/1"}],"replies":[{"embeddable":true,"href":"https:\/\/prochoix.org\/index.php?rest_route=%2Fwp%2Fv2%2Fcomments&post=558"}],"version-history":[{"count":1,"href":"https:\/\/prochoix.org\/index.php?rest_route=\/wp\/v2\/posts\/558\/revisions"}],"predecessor-version":[{"id":560,"href":"https:\/\/prochoix.org\/index.php?rest_route=\/wp\/v2\/posts\/558\/revisions\/560"}],"wp:attachment":[{"href":"https:\/\/prochoix.org\/index.php?rest_route=%2Fwp%2Fv2%2Fmedia&parent=558"}],"wp:term":[{"taxonomy":"category","embeddable":true,"href":"https:\/\/prochoix.org\/index.php?rest_route=%2Fwp%2Fv2%2Fcategories&post=558"},{"taxonomy":"post_tag","embeddable":true,"href":"https:\/\/prochoix.org\/index.php?rest_route=%2Fwp%2Fv2%2Ftags&post=558"}],"curies":[{"name":"wp","href":"https:\/\/api.w.org\/{rel}","templated":true}]}}