{"id":561,"date":"1998-01-05T14:53:22","date_gmt":"1998-01-05T13:53:22","guid":{"rendered":"http:\/\/www.prochoix.org\/wordpress\/?p=561"},"modified":"2015-10-16T14:53:51","modified_gmt":"2015-10-16T13:53:51","slug":"en-route-vers-le-droit-de-choisir-caroline-fourest-fiammetta-venner","status":"publish","type":"post","link":"https:\/\/prochoix.org\/?p=561","title":{"rendered":"En route vers le droit de choisir (Caroline Fourest, Fiammetta Venner)"},"content":{"rendered":"<div class=\"post-content\">\n<p>Pour le premier num\u00e9ro, vous avez \u00e9t\u00e9 nombreux \u00e0 r\u00e9agir&#8230; visc\u00e9ralement\u00a0! Sur la mise en page, vous nous avez doctement fait remarquer qu&rsquo;elle \u00e9tait trop espac\u00e9e &#8211; trop serr\u00e9e, trop s\u00e9rieuse &#8211; pas assez, les caract\u00e8res trop petits &#8211; trop grands&#8230; Aussi, en bons prochoix que nous sommes, nous avons choisi de n&rsquo;en faire qu&rsquo;\u00e0 notre t\u00eate en nous rassurant d&rsquo;un \u00ab\u00a0le journal interpelle, c&rsquo;est l&rsquo;essentiel\u00a0!\u00a0\u00bb<\/p>\n<p>Et puis sur le fond, les r\u00e9actions furent globalement agr\u00e9ables. Vous avez \u00e9t\u00e9 beaucoup \u00e0 comprendre qu&rsquo;\u00eatre prochoix \u00e9tait l&rsquo;occasion d&rsquo;un \u00e9largissement du combat f\u00e9ministe antifasciste, le moyen de faire progresser l&rsquo;id\u00e9e d&rsquo;une gauche ambitieuse tout en contrant les provie sur tous les terrains. Pas seulement sur l&rsquo;avortement et la contraception, mais aussi sur les PMA, le droit de choisir sa sexualit\u00e9, son pays, son mode de procr\u00e9ation, son environnement, sa mort, ses conditions de travail.<\/p>\n<p>Moins agr\u00e9ables ont \u00e9t\u00e9 les r\u00e9actions frileuses de personnes -pourtant socialement d\u00e9sign\u00e9es comme int\u00e9ress\u00e9es aux r\u00e9alit\u00e9s sociales- et qui nous ont rab\u00e2ch\u00e9 des arguments pour tout dire assez d\u00e9cevants.<\/p>\n<p>Mais avant toute chose, nous profitons de ce moment pour rappeler que ce journal s&rsquo;appelle Prochoix et non pas Provie comme l&rsquo;affirment nos critiques les plus z\u00e9l\u00e9s. Ceci mis au point, la premi\u00e8re remontrance fut de nous reprocher de nous construire en r\u00e9action aux provie. Plut\u00f4t amusant quand l&rsquo;un des objectifs principaux du journal est d&rsquo;encourager la red\u00e9finition de la Gauche vers une adh\u00e9sion ind\u00e9fectible et intransigeante au plus ambitieux des droits\u00a0: celui de choisir sa vie Mais peut-\u00eatre ne faut-il pas chercher \u00e0 \u00eatre meilleurs sous pr\u00e9texte que nos adversaires sont des salauds\u00a0? Et peut-\u00eatre aussi ne faut-il pas les combattre\u00a0? Signalons au passage que depuis Don Quichotte et ses moulins \u00e0 vent, il est d&rsquo;usage, lors d&rsquo;une confrontation, de livrer bataille sur le m\u00eame terrain que ses adversaires&#8230; La seconde critique consiste \u00e0 nous soup\u00e7onner d&rsquo;avoir invent\u00e9 le terme prochoix pour se calquer sur les Am\u00e9ricains. Une brillante analyse qui fera sans soute sourire de nombreuses associations de Clermont-Ferrand, de Lyon et d&rsquo;ailleurs&#8230; constitu\u00e9es en collectif pour le droit de choisir depuis le d\u00e9but des ann\u00e9es 90\u00a0! Sans parler de Choisir de Gis\u00e8le Halimi qui date tout de m\u00eame des ann\u00e9es 70&#8230; N&rsquo;en d\u00e9plaise \u00e0 certain(e)s, des comit\u00e9s et militants prochoix existent bel et bien en France. D&rsquo;ailleurs les contraindre \u00e0 changer de nom (et une insistante pression cherche \u00e0 les y encourager), n&rsquo;y changera rien. L&rsquo;\u00e9ventail de leurs luttes montre bien que leur militantisme ne concerne pas seulement les femmes ou l&rsquo;avortement, mais la soci\u00e9t\u00e9 toute enti\u00e8re. Quant \u00e0 la hantise de faire comme ces \u00ab\u00a0sales ricains\u00a0\u00bb, faisons juste remarquer que nous avons effectivement deux ou trois choses \u00e0 leur envier. Non pas leur lib\u00e9ralisme sauvage mais s\u00fbrement leurs \u00e9tudes f\u00e9ministes et la force de leur mouvement prochoix\u00a0: une quarantaine d&rsquo;associations nationales qui ont su placer les pr\u00e9occupations tant f\u00e9ministes qu&rsquo;homosexuelles et anti-ordre naturel au centre des pr\u00e9occupations politiques. Enfin, et pour \u00e9viter tout malentendu, nous tenons \u00e0 pr\u00e9ciser que Prochoix ne se sent en aucun cas d\u00e9positaire du mouvement pour le droit de choisir en France. D&rsquo;ailleurs nous ne sommes ni un groupe ni m\u00eame un collectif mais le simple lieu d&rsquo;expression d&rsquo;une r\u00e9alit\u00e9 sociale \u00e0 la disposition de tout militant, citoyen, \u00e9lu ou journaliste d\u00e9sireux de se renseigner sur l&rsquo;obscurit\u00e9 des provie et la lumi\u00e8re des prochoix.<\/p>\n<p><strong>Caroline Fourest &amp; Fiammetta Venner<\/strong><\/p>\n<p><em>Paru dans ProChoix n\u00b02 (janvier 1998)<\/em><\/p>\n<\/div>\n<p>lundi 12 janvier 1998<\/p>\n","protected":false},"excerpt":{"rendered":"<p>Pour le premier num\u00e9ro, vous avez \u00e9t\u00e9 nombreux \u00e0 r\u00e9agir&#8230; visc\u00e9ralement\u00a0! Sur la mise en page, vous nous avez doctement fait remarquer qu&rsquo;elle \u00e9tait trop espac\u00e9e &#8211; trop serr\u00e9e, trop s\u00e9rieuse &#8211; pas assez, les caract\u00e8res trop petits &#8211; trop grands&#8230; Aussi, en bons prochoix que nous sommes, nous avons choisi de n&rsquo;en faire qu&rsquo;\u00e0 &hellip; <a href=\"https:\/\/prochoix.org\/?p=561\" class=\"more-link\">Continuer la lecture de <span class=\"screen-reader-text\">En route vers le droit de choisir (Caroline Fourest, Fiammetta Venner)<\/span>  <span class=\"meta-nav\">&rarr;<\/span><\/a><\/p>\n","protected":false},"author":1,"featured_media":0,"comment_status":"open","ping_status":"open","sticky":false,"template":"","format":"standard","meta":{"footnotes":""},"categories":[15],"tags":[],"_links":{"self":[{"href":"https:\/\/prochoix.org\/index.php?rest_route=\/wp\/v2\/posts\/561"}],"collection":[{"href":"https:\/\/prochoix.org\/index.php?rest_route=\/wp\/v2\/posts"}],"about":[{"href":"https:\/\/prochoix.org\/index.php?rest_route=\/wp\/v2\/types\/post"}],"author":[{"embeddable":true,"href":"https:\/\/prochoix.org\/index.php?rest_route=\/wp\/v2\/users\/1"}],"replies":[{"embeddable":true,"href":"https:\/\/prochoix.org\/index.php?rest_route=%2Fwp%2Fv2%2Fcomments&post=561"}],"version-history":[{"count":1,"href":"https:\/\/prochoix.org\/index.php?rest_route=\/wp\/v2\/posts\/561\/revisions"}],"predecessor-version":[{"id":562,"href":"https:\/\/prochoix.org\/index.php?rest_route=\/wp\/v2\/posts\/561\/revisions\/562"}],"wp:attachment":[{"href":"https:\/\/prochoix.org\/index.php?rest_route=%2Fwp%2Fv2%2Fmedia&parent=561"}],"wp:term":[{"taxonomy":"category","embeddable":true,"href":"https:\/\/prochoix.org\/index.php?rest_route=%2Fwp%2Fv2%2Fcategories&post=561"},{"taxonomy":"post_tag","embeddable":true,"href":"https:\/\/prochoix.org\/index.php?rest_route=%2Fwp%2Fv2%2Ftags&post=561"}],"curies":[{"name":"wp","href":"https:\/\/api.w.org\/{rel}","templated":true}]}}