{"id":569,"date":"1998-01-16T14:56:00","date_gmt":"1998-01-16T13:56:00","guid":{"rendered":"http:\/\/www.prochoix.org\/wordpress\/?p=569"},"modified":"2015-10-16T14:56:24","modified_gmt":"2015-10-16T13:56:24","slug":"les-femmes-sur-le-tapis-de-lassemblee","status":"publish","type":"post","link":"https:\/\/prochoix.org\/?p=569","title":{"rendered":"Les femmes sur le tapis de l&rsquo;Assembl\u00e9e"},"content":{"rendered":"<div class=\"post-content\">\n<p><em>L&rsquo;occasion est trop rare pour se priver d&rsquo;un petit plaisir en r\u00e9ecoutant ici la s\u00e9ance du 12 novembre 1997, au cours de laquelle les d\u00e9put\u00e9s de notre pays se sont entretenus quelques minutes des droits des femmes&#8230;<\/em><\/p>\n<p>M. Yves Cochet (Verts). Ma question s&rsquo;adresse \u00e0 M. le Premier ministre. Dans quelques jours, \u00e0 l&rsquo;appel du comit\u00e9 national pour les droits des femmes, une manifestation aura lieu, \u00e0 laquelle nous participerons peut-\u00eatre, les uns et les autres. \u00c0 ce propos, je rappellerai quelques enjeux et poserai une question. Un des premiers enjeux est la r\u00e9duction du temps de travail . M\u00eame si le travail des femmes n&rsquo;est pas une nouveaut\u00e9-les femmes repr\u00e9sentent 45% de la population active-on constate une \u00e9volution quant \u00e0 leur rapport \u00e0 l&#8217;emploi, qui est dor\u00e9navant marqu\u00e9 par plus de pr\u00e9carit\u00e9 et plus de temps partiel. S&rsquo;agissant du temps partiel, je ne citerai qu&rsquo;un seul chiffre\u00a0: 83% des personnes qui occupent un emploi \u00e0 temps partiel sont des femmes. On conna\u00eet les fluctuations du march\u00e9 de l&#8217;emploi et la mani\u00e8re dont elles frappent davantage les femmes. Je crois profond\u00e9ment que les mesures de r\u00e9duction du temps de travail, et donc les 35 heures maintenant, et les 32 heures \u00e0 l&rsquo;avenir (\u00ab\u00a0bien s\u00fbr\u00a0!\u00a0\u00bb sur plusieurs bancs du RPR et de l&rsquo;UDF) sont des mesures authentiquement f\u00e9ministes, proc\u00e9dant d&rsquo;une politique qui l&rsquo;est tout autant. Autre enjeu, qui suppose un changement constitutionnel\u00a0: la parit\u00e9. M\u00eame si votre parti, monsieur le Premier ministre, a, aussi bien que le mien, fait des efforts lors des derni\u00e8res \u00e9lections pour pr\u00e9senter plus de candidates; notre assembl\u00e9e ne compte encore que 10% de femmes. Quelle diff\u00e9rence avec les assembl\u00e9es du Nord de l&rsquo;Europe\u00a0! Nous sommes les avant derniers sur les 15 pays europ\u00e9ens\u00a0! Quand la parit\u00e9 sera-t-elle r\u00e9alis\u00e9e\u00a0?<\/p>\n<p>M. Lucien Degandry. C\u00e9dez votre si\u00e8ge \u00e0 une femme\u00a0!<\/p>\n<p>Yves Cochet. J&rsquo;en viens \u00e0 la question pr\u00e9cise que je voulais vous poser, ne voulant pas m&rsquo;attarder sur d&rsquo;autres enjeux, tels que la lutte contre le prox\u00e9n\u00e9tisme, la lutte pour le droit \u00e0 l&rsquo;IVG, la lutte pour le partage du temps de travail, qu&rsquo;il s&rsquo;agisse du travail professionnel ou du travail domestique, car c&rsquo;est \u00e0 ce partage aussi que doivent aboutir les 35 heures. (\u00ab\u00a0Ah\u00a0!\u00a0\u00bb sur plusieurs bancs du RPR) A mon grand regret, il n&rsquo;y a pas, parce que vous avez voulu un gouvernement resserr\u00e9, de ministre des droits des femmes.(exclamations sur plusieurs bancs du RPR) Il faudrait au moins une d\u00e9l\u00e9gation interminist\u00e9rielle pour les droits des femmes. Monsieur le Premier ministre, \u00e0 quand la d\u00e9l\u00e9gation interminist\u00e9rielle pour les droits des femmes\u00a0! (Applaudissements sur divers bancs du groupe radical, citoyen et vert et sur plusieurs bancs du groupe socialiste)<\/p>\n<p>Mme Martine Aubry, ministre de l&#8217;emploi et de la solidarit\u00e9,. Monsieur Cochet, je suis tr\u00e8s heureuse que M le Premier ministre m&rsquo;ait charg\u00e9 de m&rsquo;occuper des droits des femmes. Je partage le souhait qui doit \u00eatre le m\u00eame sur tous ces bancs, que la d\u00e9l\u00e9gu\u00e9e interminist\u00e9rielle soit rapidement d\u00e9sign\u00e9e. Les candidatures, nombreuses et brillantes, sont celles de femmes attach\u00e9es \u00e0 ce combat. Le 1er ministre sera incessamment amen\u00e9 \u00e0 arr\u00eater son choix \u00e0 choisir cette d\u00e9l\u00e9gu\u00e9e, et je m&rsquo;en r\u00e9jouis personnellement. Monsieur le d\u00e9put\u00e9, vous avez eu raison de commencer par \u00e9voquer le probl\u00e8me du travail et de l&#8217;emploi. Si, dans notre pays, nous parlons beaucoup de parit\u00e9 au niveau politique-\u00e0 ce propos, nous savons comment la gauche a su faire des choix, tout comme le Premier ministre pour former son gouvernement-, nous ne devons pas oublier que le probl\u00e8me majeur auquel sont confront\u00e9es nos concitoyennes est celui du travail et de l&#8217;emploi. Rappelons que les femmes sont plus touch\u00e9es par le ch\u00f4mage que les femmes et que, pour la m\u00eame qualification, leur r\u00e9mun\u00e9ration est inf\u00e9rieure de 27% \u00e0 celles des hommes.<\/p>\n<p>M. Jean-Paul Chari\u00e9. C&rsquo;est faux\u00a0!<\/p>\n<p>Mme Martine Aubry. Rappelons aussi qu&rsquo;\u00e0 dipl\u00f4me \u00e9gal, elles mettent trois fois plus de temps \u00e0 \u00eatres embauch\u00e9es et, quand elles le sont, elles sont moins r\u00e9mun\u00e9r\u00e9es que les hommes\u00a0! Le CERC vient d&rsquo;ailleurs de rendre \u00e0 ce sujet un rapport ce matin. Rappelons encore que les femmes n&rsquo;ont pas acc\u00e8s \u00e0 la formation de la m\u00eame mani\u00e8re que les hommes\u00a0! Sur tous ces points, comme je l&rsquo;ai d&rsquo;ailleurs toujours fait dans ce minist\u00e8re, nous allons dans la ligne de la loi qu&rsquo;Yvette Roudy a fait voter, relancer les grands programmes de la parit\u00e9 professionnelle afin de lutter contre la plus grande des in\u00e9galit\u00e9s d&rsquo;aujourd&rsquo;hui.<\/p>\n<p>M. Lucien Degauchy . L&rsquo;AGED\u00a0!<\/p>\n<p>Mme Martine Aubry. La seconde in\u00e9galit\u00e9 touche \u00e0 la vie quotidienne et personnelle des femmes. Nous y travaillons avec Bernard Kouchner&#8230; (\u00ab\u00a0Ah\u00a0!\u00a0\u00bb sur les bancs de l&rsquo;UDF et du RPR) Nous allons lancer une grande campagne sur la contraception, car les jeunes filles n&rsquo;y ont plus recours aujourd&rsquo;hui. (exclamations sur les bancs de l&rsquo;UDF et du RPR) Cela vous fait peut-\u00eatre rire messieurs de l&rsquo;opposition, mais c&rsquo;est un probl\u00e8me grave et tr\u00e8s compliqu\u00e9. (m\u00eame mouvement) Nous devons aussi travailler sur les violences conjugales et, ainsi que vous l&rsquo;avez rappel\u00e9, faire en sorte que le droit \u00e0 l&rsquo;avortement soit dans notre pays un vrai droit. Sur tous ces points nous travaillons actuellement avec le ministre de la sant\u00e9. S&rsquo;agissant de la parit\u00e9, en faveur de laquelle le premier ministre s&rsquo;est engag\u00e9, les travaux juridiques sont quasiment termin\u00e9s. Quand la d\u00e9l\u00e9gu\u00e9e interminist\u00e9rielle sera d\u00e9sign\u00e9e, nous pourrons, apr\u00e8s un travail qui concerne l&rsquo;ensemble du gouvernement, annoncer les premi\u00e8res mesures. C&rsquo;est donc sur le champ immense du travail, de l&#8217;emploi et de la sant\u00e9, en passant par la vie quotidienne, qu&rsquo;il faudra avancer pour que les femmes de notre pays soient trait\u00e9es \u00e0 parit\u00e9 avec les hommes dans tous les domaines. Nous avons d&rsquo;ailleurs demand\u00e9, dans la circulaire adress\u00e9e aux pr\u00e9fets pour les emploi-jeunes, que la parit\u00e9 soit un crit\u00e8re \u00e0 respecter. (Applaudissements de la gauche)<\/p>\n<p>Paru dans ProChoix n\u00b02 (janvier 1998)<\/p>\n<\/div>\n<p>lundi 12 janvier 1998<\/p>\n","protected":false},"excerpt":{"rendered":"<p>L&rsquo;occasion est trop rare pour se priver d&rsquo;un petit plaisir en r\u00e9ecoutant ici la s\u00e9ance du 12 novembre 1997, au cours de laquelle les d\u00e9put\u00e9s de notre pays se sont entretenus quelques minutes des droits des femmes&#8230; M. Yves Cochet (Verts). Ma question s&rsquo;adresse \u00e0 M. le Premier ministre. Dans quelques jours, \u00e0 l&rsquo;appel du &hellip; <a href=\"https:\/\/prochoix.org\/?p=569\" class=\"more-link\">Continuer la lecture de <span class=\"screen-reader-text\">Les femmes sur le tapis de l&rsquo;Assembl\u00e9e<\/span>  <span class=\"meta-nav\">&rarr;<\/span><\/a><\/p>\n","protected":false},"author":1,"featured_media":0,"comment_status":"open","ping_status":"open","sticky":false,"template":"","format":"standard","meta":{"footnotes":""},"categories":[15],"tags":[],"_links":{"self":[{"href":"https:\/\/prochoix.org\/index.php?rest_route=\/wp\/v2\/posts\/569"}],"collection":[{"href":"https:\/\/prochoix.org\/index.php?rest_route=\/wp\/v2\/posts"}],"about":[{"href":"https:\/\/prochoix.org\/index.php?rest_route=\/wp\/v2\/types\/post"}],"author":[{"embeddable":true,"href":"https:\/\/prochoix.org\/index.php?rest_route=\/wp\/v2\/users\/1"}],"replies":[{"embeddable":true,"href":"https:\/\/prochoix.org\/index.php?rest_route=%2Fwp%2Fv2%2Fcomments&post=569"}],"version-history":[{"count":1,"href":"https:\/\/prochoix.org\/index.php?rest_route=\/wp\/v2\/posts\/569\/revisions"}],"predecessor-version":[{"id":570,"href":"https:\/\/prochoix.org\/index.php?rest_route=\/wp\/v2\/posts\/569\/revisions\/570"}],"wp:attachment":[{"href":"https:\/\/prochoix.org\/index.php?rest_route=%2Fwp%2Fv2%2Fmedia&parent=569"}],"wp:term":[{"taxonomy":"category","embeddable":true,"href":"https:\/\/prochoix.org\/index.php?rest_route=%2Fwp%2Fv2%2Fcategories&post=569"},{"taxonomy":"post_tag","embeddable":true,"href":"https:\/\/prochoix.org\/index.php?rest_route=%2Fwp%2Fv2%2Ftags&post=569"}],"curies":[{"name":"wp","href":"https:\/\/api.w.org\/{rel}","templated":true}]}}