{"id":579,"date":"1998-07-16T14:59:21","date_gmt":"1998-07-16T13:59:21","guid":{"rendered":"http:\/\/www.prochoix.org\/wordpress\/?p=579"},"modified":"2015-10-16T14:59:47","modified_gmt":"2015-10-16T13:59:47","slug":"prochoix-n-6-juillet-1998","status":"publish","type":"post","link":"https:\/\/prochoix.org\/?p=579","title":{"rendered":"PROCHOIX n\u00b0 6 &#8211; juillet 1998"},"content":{"rendered":"<div class=\"post-content\">\n<h4>Prolife vs Prochoice aux Etats-Unis<\/h4>\n<p><em>Apr\u00e8s un historique du bras de fer prolife v\/s prochoice aux \u00c9tats-Unis, ProChoix raconte quelques unes des actions les plus violentes men\u00e9es par les prolife ces derniers mois.<\/em><\/p>\n<ul>\n<li>Pr\u00e9sentation de Catholics for a free choice et Human life international (association \u00ab\u00a0pro-vie\u00a0\u00bb organisatrice d&rsquo;un colloque \u00e0 Paris le 17 octobre).<\/li>\n<li>Plongeon dans une semaine d&rsquo;actualit\u00e9 pro-life.<\/li>\n<li>Un article sur le militantisme homosexuel new-yorkais: les 15 ans du Centre gay et lesbien de New-York.<\/li>\n<\/ul>\n<h5>Et aussi<\/h5>\n<ul>\n<li>Edito\u00a0: un article complet sur le saccage dont a \u00e9t\u00e9 victime le Planning familial de Villeurbanne dans la nuit du 11 au 12 mai 98.<\/li>\n<li>Une enqu\u00eate sur Droit de na\u00eetre, cette association de lobby \u00ab\u00a0pro-vie\u00a0\u00bb qui abreuve l&rsquo;Assembl\u00e9e nationale de livres contre l&rsquo;avortement.<\/li>\n<li>Le proc\u00e8s des meurtriers d&rsquo;Ibrahim Ali au jour le jour\u00a0: retrouvez les r\u00e9sum\u00e9s et des extraits d\u00e9taill\u00e9s des plaidoiries de ce jeune musicien assassin\u00e9 d&rsquo;une balle dans le dos par des colleurs d&rsquo;affiche du FN.<\/li>\n<li>Le Mondial vu de droite ou comment la presse de droite radicale a couvert le mondial du football&#8230;<\/li>\n<li><\/li>\n<\/ul>\n<\/div>\n","protected":false},"excerpt":{"rendered":"<p>Prolife vs Prochoice aux Etats-Unis Apr\u00e8s un historique du bras de fer prolife v\/s prochoice aux \u00c9tats-Unis, ProChoix raconte quelques unes des actions les plus violentes men\u00e9es par les prolife ces derniers mois. Pr\u00e9sentation de Catholics for a free choice et Human life international (association \u00ab\u00a0pro-vie\u00a0\u00bb organisatrice d&rsquo;un colloque \u00e0 Paris le 17 octobre). Plongeon &hellip; <a href=\"https:\/\/prochoix.org\/?p=579\" class=\"more-link\">Continuer la lecture de <span class=\"screen-reader-text\">PROCHOIX n\u00b0 6 &#8211; juillet 1998<\/span>  <span class=\"meta-nav\">&rarr;<\/span><\/a><\/p>\n","protected":false},"author":1,"featured_media":0,"comment_status":"open","ping_status":"open","sticky":false,"template":"","format":"standard","meta":{"footnotes":""},"categories":[15],"tags":[],"_links":{"self":[{"href":"https:\/\/prochoix.org\/index.php?rest_route=\/wp\/v2\/posts\/579"}],"collection":[{"href":"https:\/\/prochoix.org\/index.php?rest_route=\/wp\/v2\/posts"}],"about":[{"href":"https:\/\/prochoix.org\/index.php?rest_route=\/wp\/v2\/types\/post"}],"author":[{"embeddable":true,"href":"https:\/\/prochoix.org\/index.php?rest_route=\/wp\/v2\/users\/1"}],"replies":[{"embeddable":true,"href":"https:\/\/prochoix.org\/index.php?rest_route=%2Fwp%2Fv2%2Fcomments&post=579"}],"version-history":[{"count":1,"href":"https:\/\/prochoix.org\/index.php?rest_route=\/wp\/v2\/posts\/579\/revisions"}],"predecessor-version":[{"id":580,"href":"https:\/\/prochoix.org\/index.php?rest_route=\/wp\/v2\/posts\/579\/revisions\/580"}],"wp:attachment":[{"href":"https:\/\/prochoix.org\/index.php?rest_route=%2Fwp%2Fv2%2Fmedia&parent=579"}],"wp:term":[{"taxonomy":"category","embeddable":true,"href":"https:\/\/prochoix.org\/index.php?rest_route=%2Fwp%2Fv2%2Fcategories&post=579"},{"taxonomy":"post_tag","embeddable":true,"href":"https:\/\/prochoix.org\/index.php?rest_route=%2Fwp%2Fv2%2Ftags&post=579"}],"curies":[{"name":"wp","href":"https:\/\/api.w.org\/{rel}","templated":true}]}}