{"id":585,"date":"1998-12-16T15:01:01","date_gmt":"1998-12-16T14:01:01","guid":{"rendered":"http:\/\/www.prochoix.org\/wordpress\/?p=585"},"modified":"2015-10-16T15:01:21","modified_gmt":"2015-10-16T14:01:21","slug":"prochoix-n-8-decembre-1998","status":"publish","type":"post","link":"https:\/\/prochoix.org\/?p=585","title":{"rendered":"PROCHOIX n\u00b0 8 &#8211; d\u00e9cembre 1998"},"content":{"rendered":"<div class=\"post-content\">\n<h4>Les f\u00e9ministes et la question juive<\/h4>\n<p><em>Ce dossier ne porte pas sur l&rsquo;antis\u00e9mitisme, encore moins sur les antis\u00e9mites mais sur la vigilance. O\u00f9 en est la vigilance par rapport \u00e0 la menace d&rsquo;antis\u00e9mitisme\u00a0? Comment traite-t-on de la question juive dans les milieux f\u00e9ministes.. Le bilan n&rsquo;est pas brillant.<\/em><\/p>\n<ul>\n<li>Exemple d&rsquo;un forum de discussions tournant au pugillat contre ces ayatolahs-de-juifs-qui-rendent-antis\u00e9mites sur internet.<\/li>\n<li>Exemple aussi d&rsquo;un texte d&rsquo;Andr\u00e9a Dworkin (parlant des femmes isra\u00ebliennes comme des vicitmes d&rsquo;une \u00ab\u00a0nuit de christal en permanence\u00a0\u00bb de la part des hommes isra\u00ebliens) paru sans aucune pr\u00e9sentation critique dans Nouvelles Questions f\u00e9ministes et qui aujourd&rsquo;hui encore est sujet de pol\u00e9miques. Retrouvez son analyse en d\u00e9tails.<\/li>\n<li>Ainsi qu&rsquo;un entretien avec Liliane Kandel qui vient de publier les actes du colloque F\u00e9minisme et nazisme.<\/li>\n<\/ul>\n<h5>Et aussi<\/h5>\n<ul>\n<li>Une enqu\u00eate sur les anti-PACS\u00a0: le r\u00e9sum\u00e9 et les portraits des d\u00e9put\u00e9s les plus homophobes au cours des d\u00e9bats \u00e0 l&rsquo;assembl\u00e9e nationale, un portrait complet de Christine Boutin et de son palmar\u00e8s \u00ab\u00a0pro-vie\u00a0\u00bb. Une analyse de la nouvelle strat\u00e9gie de communication du mouvement \u00ab\u00a0pro-vie\u00a0\u00bb \u00e0 travers les manifestations anti-Pacs.<\/li>\n<li>Un article de recherche de Nad\u00e8ge Ragaru, politiste, sur les effets de la transition sur les droits des femmes en Bulgarie post-communiste&#8230;<\/li>\n<li>Le r\u00e9cit mouvement\u00e9 de la contre-manifestation organis\u00e9e par Prochoix-Paris contre la Journ\u00e9e internationale pour la vie organis\u00e9e la 17 octobre \u00e0 la Mutualit\u00e9 de Paris par des associations \u00ab\u00a0pro-vie\u00a0\u00bb fran\u00e7aises et am\u00e9ricaines.<\/li>\n<\/ul>\n<\/div>\n<p>samedi 12 d\u00e9cembre 1998<\/p>\n","protected":false},"excerpt":{"rendered":"<p>Les f\u00e9ministes et la question juive Ce dossier ne porte pas sur l&rsquo;antis\u00e9mitisme, encore moins sur les antis\u00e9mites mais sur la vigilance. O\u00f9 en est la vigilance par rapport \u00e0 la menace d&rsquo;antis\u00e9mitisme\u00a0? Comment traite-t-on de la question juive dans les milieux f\u00e9ministes.. Le bilan n&rsquo;est pas brillant. Exemple d&rsquo;un forum de discussions tournant au &hellip; <a href=\"https:\/\/prochoix.org\/?p=585\" class=\"more-link\">Continuer la lecture de <span class=\"screen-reader-text\">PROCHOIX n\u00b0 8 &#8211; d\u00e9cembre 1998<\/span>  <span class=\"meta-nav\">&rarr;<\/span><\/a><\/p>\n","protected":false},"author":1,"featured_media":0,"comment_status":"open","ping_status":"open","sticky":false,"template":"","format":"standard","meta":{"footnotes":""},"categories":[15],"tags":[],"_links":{"self":[{"href":"https:\/\/prochoix.org\/index.php?rest_route=\/wp\/v2\/posts\/585"}],"collection":[{"href":"https:\/\/prochoix.org\/index.php?rest_route=\/wp\/v2\/posts"}],"about":[{"href":"https:\/\/prochoix.org\/index.php?rest_route=\/wp\/v2\/types\/post"}],"author":[{"embeddable":true,"href":"https:\/\/prochoix.org\/index.php?rest_route=\/wp\/v2\/users\/1"}],"replies":[{"embeddable":true,"href":"https:\/\/prochoix.org\/index.php?rest_route=%2Fwp%2Fv2%2Fcomments&post=585"}],"version-history":[{"count":1,"href":"https:\/\/prochoix.org\/index.php?rest_route=\/wp\/v2\/posts\/585\/revisions"}],"predecessor-version":[{"id":586,"href":"https:\/\/prochoix.org\/index.php?rest_route=\/wp\/v2\/posts\/585\/revisions\/586"}],"wp:attachment":[{"href":"https:\/\/prochoix.org\/index.php?rest_route=%2Fwp%2Fv2%2Fmedia&parent=585"}],"wp:term":[{"taxonomy":"category","embeddable":true,"href":"https:\/\/prochoix.org\/index.php?rest_route=%2Fwp%2Fv2%2Fcategories&post=585"},{"taxonomy":"post_tag","embeddable":true,"href":"https:\/\/prochoix.org\/index.php?rest_route=%2Fwp%2Fv2%2Ftags&post=585"}],"curies":[{"name":"wp","href":"https:\/\/api.w.org\/{rel}","templated":true}]}}