{"id":599,"date":"2015-10-16T09:12:49","date_gmt":"2015-10-16T08:12:49","guid":{"rendered":"http:\/\/www.prochoix.org\/wordpress\/?p=599"},"modified":"2015-10-16T15:13:49","modified_gmt":"2015-10-16T14:13:49","slug":"bechir-ben-hassen-au-quebec","status":"publish","type":"post","link":"https:\/\/prochoix.org\/?p=599","title":{"rendered":"B\u00e9chir Ben Hassen Au Qu\u00e9bec ?"},"content":{"rendered":"<p>Le pr\u00e9dicateur salafiste franco-tunisien B\u00e9chir Ben Hassen est annonc\u00e9 au Qu\u00e9bec. Il est pourtant consid\u00e9r\u00e9 en Tunisie comme un pr\u00eacheur de haine.<\/p>\n<p>Son cycle de conf\u00e9rences \u00e9tait intitul\u00e9 : \u00ab\u00a0pr\u00e9venir la\u00a0radicalisation.\u00a0\u00bb<\/p>\n<p>Le 9 octobre 2015, il\u00a0devait faire\u00a0une conf\u00e9rence \u00e0 Qu\u00e9bec, \u00e0 l&rsquo;universit\u00e9 de Laval. Cette conf\u00e9rence a \u00e9t\u00e9 annul\u00e9e.<\/p>\n<p>Le 10 octobre 2015, il fera une conf\u00e9rence \u00e0 Montr\u00e9al au\u00a0Canadian Institute of Islamic Civilization, un institut cr\u00e9\u00e9 \u00a0par la\u00a0Muslim Association of Canada, proche des Fr\u00e8res musulmans.<\/p>\n<p>Le 11 octobre 2015, il fera une conf\u00e9rence au Centre communautaire d&rsquo;Otawa Gatineau.<\/p>\n<p>Bechir Ben Hassen est un des pr\u00e9dicateurs incitant \u00e0 la haine contre les musulmans non sunnites. En d\u00e9cembre 2014 il d\u00e9clarait<\/p>\n<p><a href=\"http:\/\/www.ikhwan.whoswho\/blog\/archives\/9163\">Pour lire la suite<\/a><\/p>\n","protected":false},"excerpt":{"rendered":"<p>Le pr\u00e9dicateur salafiste franco-tunisien B\u00e9chir Ben Hassen est annonc\u00e9 au Qu\u00e9bec. Il est pourtant consid\u00e9r\u00e9 en Tunisie comme un pr\u00eacheur de haine. Son cycle de conf\u00e9rences \u00e9tait intitul\u00e9 : \u00ab\u00a0pr\u00e9venir la\u00a0radicalisation.\u00a0\u00bb Le 9 octobre 2015, il\u00a0devait faire\u00a0une conf\u00e9rence \u00e0 Qu\u00e9bec, \u00e0 l&rsquo;universit\u00e9 de Laval. Cette conf\u00e9rence a \u00e9t\u00e9 annul\u00e9e. Le 10 octobre 2015, il fera &hellip; <a href=\"https:\/\/prochoix.org\/?p=599\" class=\"more-link\">Continuer la lecture de <span class=\"screen-reader-text\">B\u00e9chir Ben Hassen Au Qu\u00e9bec ?<\/span>  <span class=\"meta-nav\">&rarr;<\/span><\/a><\/p>\n","protected":false},"author":1,"featured_media":0,"comment_status":"open","ping_status":"open","sticky":false,"template":"","format":"standard","meta":{"footnotes":""},"categories":[17],"tags":[],"_links":{"self":[{"href":"https:\/\/prochoix.org\/index.php?rest_route=\/wp\/v2\/posts\/599"}],"collection":[{"href":"https:\/\/prochoix.org\/index.php?rest_route=\/wp\/v2\/posts"}],"about":[{"href":"https:\/\/prochoix.org\/index.php?rest_route=\/wp\/v2\/types\/post"}],"author":[{"embeddable":true,"href":"https:\/\/prochoix.org\/index.php?rest_route=\/wp\/v2\/users\/1"}],"replies":[{"embeddable":true,"href":"https:\/\/prochoix.org\/index.php?rest_route=%2Fwp%2Fv2%2Fcomments&post=599"}],"version-history":[{"count":1,"href":"https:\/\/prochoix.org\/index.php?rest_route=\/wp\/v2\/posts\/599\/revisions"}],"predecessor-version":[{"id":600,"href":"https:\/\/prochoix.org\/index.php?rest_route=\/wp\/v2\/posts\/599\/revisions\/600"}],"wp:attachment":[{"href":"https:\/\/prochoix.org\/index.php?rest_route=%2Fwp%2Fv2%2Fmedia&parent=599"}],"wp:term":[{"taxonomy":"category","embeddable":true,"href":"https:\/\/prochoix.org\/index.php?rest_route=%2Fwp%2Fv2%2Fcategories&post=599"},{"taxonomy":"post_tag","embeddable":true,"href":"https:\/\/prochoix.org\/index.php?rest_route=%2Fwp%2Fv2%2Ftags&post=599"}],"curies":[{"name":"wp","href":"https:\/\/api.w.org\/{rel}","templated":true}]}}