{"id":601,"date":"2015-10-16T08:13:17","date_gmt":"2015-10-16T07:13:17","guid":{"rendered":"http:\/\/www.prochoix.org\/wordpress\/?p=601"},"modified":"2015-10-16T15:14:12","modified_gmt":"2015-10-16T14:14:12","slug":"entretien-avec-celine-pina","status":"publish","type":"post","link":"https:\/\/prochoix.org\/?p=601","title":{"rendered":"Entretien Avec C\u00e9line Pina"},"content":{"rendered":"<p><em>Le Salon musulman du Val d&rsquo;Oise\u00a0accueillait cette ann\u00e9e\u00a0de jeunes pr\u00e9dicateurs fondamentalistes. Plusieurs de leurs d\u00e9clarations sur internet pouvaient laisser augurer des discours incitant \u00e0 la haine et \u00e0 la discrimination. Notamment Rachid Abou Houdeyfa\u00a0o\u00f9\u00a0Nader Abou Anas tous deux pr\u00e9sents au d\u00eener du CCIF de 2014.<\/em><em>\u00a0Le premier\u00a0expliquant que \u00ab\u00a0\u00a0\u00bbLa femme vertueuse, c\u2019est celle qui sort de chez elle avec sa pudeur, avec son honneur, avec son hijab\u00a0\u00bb.\u00a0\u00bb Le\u00a0second que \u00ab\u00a0\u00a0\u00bbLa femme vertueuse, c\u2019est celle qui ob\u00e9it \u00e0 son mari\u00a0\u00bb.\u00a0<\/em><\/p>\n<p><em>Une lettre ouverte a \u00e9t\u00e9 lanc\u00e9e pour\u00a0d\u00e9noncer la tenue de ce salon<a href=\"http:\/\/leplus.nouvelobs.com\/contribution\/1419152-salon-musulman-du-val-d-oise-les-femmes-a-l-honneur-non-communautariste-et-sexiste.html\">*<\/a>.\u00a0<\/em><\/p>\n<p><em>Dans le salon on pouvait trouver pr\u00e8s de 100 exposants dont le stand de l&rsquo;association Barakacity, des boutiques vendant des niqab ou encore des librairies diffusant les livres de Tariq Ramadan ou d&rsquo;Ibn Taymiyyah.\u00a0<\/em><\/p>\n<p><em>Parmi les politiques, un seule voix a v\u00e9ritablement perc\u00e9. C\u00e9line Pina,\u00a0conseill\u00e8re r\u00e9gionale PS. Elle a bien voulu revenir sur ce salon pour <a href=\"http:\/\/www.ikhwan.whoswho\/blog\/archives\/9142\">Ikhwan Info.<\/a><\/em><\/p>\n","protected":false},"excerpt":{"rendered":"<p>Le Salon musulman du Val d&rsquo;Oise\u00a0accueillait cette ann\u00e9e\u00a0de jeunes pr\u00e9dicateurs fondamentalistes. Plusieurs de leurs d\u00e9clarations sur internet pouvaient laisser augurer des discours incitant \u00e0 la haine et \u00e0 la discrimination. Notamment Rachid Abou Houdeyfa\u00a0o\u00f9\u00a0Nader Abou Anas tous deux pr\u00e9sents au d\u00eener du CCIF de 2014.\u00a0Le premier\u00a0expliquant que \u00ab\u00a0\u00a0\u00bbLa femme vertueuse, c\u2019est celle qui sort de &hellip; <a href=\"https:\/\/prochoix.org\/?p=601\" class=\"more-link\">Continuer la lecture de <span class=\"screen-reader-text\">Entretien Avec C\u00e9line Pina<\/span>  <span class=\"meta-nav\">&rarr;<\/span><\/a><\/p>\n","protected":false},"author":1,"featured_media":0,"comment_status":"closed","ping_status":"open","sticky":false,"template":"","format":"standard","meta":{"footnotes":""},"categories":[8],"tags":[],"_links":{"self":[{"href":"https:\/\/prochoix.org\/index.php?rest_route=\/wp\/v2\/posts\/601"}],"collection":[{"href":"https:\/\/prochoix.org\/index.php?rest_route=\/wp\/v2\/posts"}],"about":[{"href":"https:\/\/prochoix.org\/index.php?rest_route=\/wp\/v2\/types\/post"}],"author":[{"embeddable":true,"href":"https:\/\/prochoix.org\/index.php?rest_route=\/wp\/v2\/users\/1"}],"replies":[{"embeddable":true,"href":"https:\/\/prochoix.org\/index.php?rest_route=%2Fwp%2Fv2%2Fcomments&post=601"}],"version-history":[{"count":1,"href":"https:\/\/prochoix.org\/index.php?rest_route=\/wp\/v2\/posts\/601\/revisions"}],"predecessor-version":[{"id":602,"href":"https:\/\/prochoix.org\/index.php?rest_route=\/wp\/v2\/posts\/601\/revisions\/602"}],"wp:attachment":[{"href":"https:\/\/prochoix.org\/index.php?rest_route=%2Fwp%2Fv2%2Fmedia&parent=601"}],"wp:term":[{"taxonomy":"category","embeddable":true,"href":"https:\/\/prochoix.org\/index.php?rest_route=%2Fwp%2Fv2%2Fcategories&post=601"},{"taxonomy":"post_tag","embeddable":true,"href":"https:\/\/prochoix.org\/index.php?rest_route=%2Fwp%2Fv2%2Ftags&post=601"}],"curies":[{"name":"wp","href":"https:\/\/api.w.org\/{rel}","templated":true}]}}