{"id":603,"date":"2015-05-31T15:24:28","date_gmt":"2015-05-31T14:24:28","guid":{"rendered":"http:\/\/www.prochoix.org\/wordpress\/?p=603"},"modified":"2015-10-16T15:25:01","modified_gmt":"2015-10-16T14:25:01","slug":"samuel-mayol-luniversite-territoire-sacrifie-de-la-laicite-colloque-du-clr-30-mai-15","status":"publish","type":"post","link":"https:\/\/prochoix.org\/?p=603","title":{"rendered":"Samuel Mayol : \u00ab L\u2019Universit\u00e9, territoire sacrifi\u00e9 de la la\u00efcit\u00e9 ? \u00bb (Colloque du CLR, 30 mai 15)"},"content":{"rendered":"<p>Chers amis,<\/p>\n<p>Je commencerai mon expos\u00e9 en vous citant un c\u00e9l\u00e8bre pr\u00e9sident d\u2019universit\u00e9\u00a0: \u00ab\u00a0Concernant la la\u00efcit\u00e9, je ne vois vraiment pas l\u2019int\u00e9r\u00eat de faire une loi quand il n\u2019y a ni demande, ni probl\u00e8me.\u00a0\u00bb<\/p>\n<p>Comment ne pas voir que la situation au sein des universit\u00e9s fran\u00e7aises est aujourd\u2019hui inqui\u00e9tante. Et malheureusement les \u00e9v\u00e8nements survenus \u00e0 l\u2019IUT de Saint-Denis au cours de l\u2019ann\u00e9e 2014, tout comme \u00e0 Sciences Po Aix, \u00e0 la Sorbonne, \u00e0 l\u2019universit\u00e9 Paris X Nanterre ou \u00e0 l\u2019universit\u00e9 Paris 13, depuis cette rentr\u00e9e universitaire ont mis en avant cette r\u00e9alit\u00e9 et ne sont finalement que symptomatiques de ce qui se passe r\u00e9ellement au sein des universit\u00e9s fran\u00e7aises. Les faibles soutiens apport\u00e9s \u00e0 la communaut\u00e9 universitaire montrent \u00e0 quel point, \u00e0 tous les niveaux de l\u2019\u00e9tat et du monde universitaire, cette question, certes sensible, n\u2019est en r\u00e9alit\u00e9 pas abord\u00e9e avec l\u2019importance qu\u2019elle m\u00e9rite et le courage qu\u2019elle n\u00e9cessite. Tout semble nous faire croire qu\u2019on n\u2019a pas \u00e9valu\u00e9 ou qu\u2019on ne veut pas \u00e9valuer l\u2019ampleur de la situation.<\/p>\n<p>Les contentieux sont de plus en plus nombreux et concernent tous les secteurs de la vie universitaire, qu\u2019il s\u2019agisse de demandes de d\u00e9rogations pour justifier une absence, du port de signes d\u2019appartenance religieuse, d\u2019actes de pros\u00e9lytisme, de la r\u00e9cusation de la mixit\u00e9 tant au niveau des \u00e9tudiants que des enseignants, de la contestation du contenu des enseignements, de l\u2019exigence de respect des interdits alimentaires, de l\u2019octroi de lieux de cultes ou de locaux de r\u00e9union \u00e0 usage communautaire.<\/p>\n<p>La liste s\u2019enrichit r\u00e9guli\u00e8rement de revendications nouvelles et surtout les cas de conflits se multiplient. Il est temps d\u2019admettre au moins en cette p\u00e9riode de d\u00e9bats, que la situation est r\u00e9elle et que le d\u00e9bat m\u00e9rite clairement d\u2019\u00eatre pos\u00e9 et qu\u2019il ne s\u2019agit pas, \u00e0 l\u2019instar de ce que disent certains, d\u2019un d\u00e9bat st\u00e9rile.<\/p>\n<p>Refuser de voir les probl\u00e8mes en face, de poser le d\u00e9bat, d\u2019\u00e9tablir le diagnostic, et d\u2019y apporter des solutions, c\u2019est une attitude tout autant irresponsable que suicidaire. Les tergiversations que nous avons connu pendant quinze ans pour aboutir finalement \u00e0 une loi en 2004 pour les coll\u00e8ges et les lyc\u00e9es doivent nous servir de le\u00e7ons pour ne pas reproduite une telle erreur.<\/p>\n<p>Alors que de nombreuses personnes continuent \u00e0 me dire et \u00e0 clamer que les \u00e9v\u00e8nements de l\u2019IUT de Saint-Denis ne sont que des faits divers, je souhaite ici revenir sur des \u00e9v\u00e8nements que j\u2019ai eu \u00e0 g\u00e9rer en tant que directeur d\u2019un IUT.<\/p>\n<p>Tout d\u2019abord, je souhaite dire \u00e0 quel point l\u2019IUT de Saint Denis est un joyau de l\u2019enseignement sup\u00e9rieur. Compos\u00e9 de 2000 \u00e9tudiants, l\u2019IUT de Saint Denis, au c\u0153ur de son territoire est particuli\u00e8rement fier de participer activement depuis 1969 \u00e0 l\u2019insertion professionnelle de jeunes issus de ce territoire. Particuli\u00e8rement soucieux de favoriser l\u2019ascension sociale de nos \u00e9tudiants, les \u00e9quipes administratives et p\u00e9dagogiques d\u2019un des plus importants IUT de France ne m\u00e9nagent pas leurs peines pour mener \u00e0 bien notre mission de service public, convaincus de faire le maximum pour nos \u00e9tudiants. Vous aurez compris \u00e0 quel point c\u2019est une fiert\u00e9 pour moi de diriger cette magnifique institution que certains veulent pourtant an\u00e9antir depuis l\u2019ann\u00e9e universitaire derni\u00e8re.<\/p>\n<p>Divers probl\u00e8mes se sont pos\u00e9s \u00e0 moi et chacun \u00e0 leur niveau interpellent sur le respect de la la\u00efcit\u00e9 au sein de nos institutions. Les dysfonctionnements que j\u2019avais d\u00e9nonc\u00e9s d\u00e8s le mois de novembre 2013 et pour lesquels j\u2019ai mis en place les mesures n\u00e9cessaires afin de les r\u00e9soudre ont donn\u00e9 lieu \u00e0 un rapport de l\u2019inspection g\u00e9n\u00e9rale des services.<\/p>\n<p>On peut tout d\u2019abord parler d\u2019entraves r\u00e9elles \u00e0 la la\u00efcit\u00e9. Outre la vente de sandwiches Hallal \u00e0 laquelle j\u2019ai mis fin d\u00e8s le mois de novembre 2012, je me trouve confront\u00e9 \u00e0 la d\u00e9couverte d\u2019une salle de pri\u00e8re clandestine comprenant une trentaine de tapis. A l\u2019origine de ces entraves, une association \u00e9tudiante qui obtient l\u2019autorisation de ce commerce par les responsables m\u00eame de l\u2019universit\u00e9. Je d\u00e9cide bien entendu de mettre fin \u00e0 cette vente de sandwiches entre autre pour des raisons \u00e9videntes de respect de la la\u00efcit\u00e9. Ce dernier point doit ici, collectivement nous interpeller lorsque des \u00e9tudiantes subissent des pressions si elles n\u2019ach\u00e8tent pas les sandwiches hallal de cette association. Dans ce cas pr\u00e9cis, une la\u00efcit\u00e9 respect\u00e9e au sein des universit\u00e9s prot\u00e8ge les \u00e9tudiantes.<\/p>\n<p>A l\u2019heure o\u00f9 je vous parle, cette association, d\u00e9sormais exclue de l\u2019IUT, a encore droit de citer au sein m\u00eame de mon universit\u00e9 d\u2019appartenance. Comment une institution comme la notre peut elle manquer autant de coh\u00e9rence.<br class=\"manualbr\" \/>Cette m\u00eame association avait d\u00e9tourn\u00e9 le local qui lui \u00e9tait attribu\u00e9 en salle de pri\u00e8re. Sans le savoir, j\u2019ai souhait\u00e9 r\u00e9cup\u00e9rer les cl\u00e9s de ce local pour le partager \u00e9quitablement avec d\u2019autres associations \u00e9tudiantes. Ce jour l\u00e0, le 3 f\u00e9vrier 2014, l\u2019IUT se trouve confront\u00e9 \u00e0 une alerte \u00e0 la bombe\u00a0: 2000 \u00e9tudiants, 200 enseignants, 100 personnels administratifs \u00e0 \u00e9vacuer. Le tramway est d\u00e9vi\u00e9, le bureau de poste \u00e0 proximit\u00e9 est \u00e9vacu\u00e9, la place du 8 mai est boucl\u00e9e. Et c\u2019est au moment o\u00f9 on fouille l\u2019IUT que la salle est d\u00e9couverte.<\/p>\n<p>On peut ensuite \u00e9voquer des probl\u00e8mes de communautarismes av\u00e9r\u00e9s au sein d\u2019un des d\u00e9partements. Des faux enseignants vacataires, de faux dipl\u00f4mes d\u00e9livr\u00e9s, des heures de cours non justifi\u00e9es, des cours non assur\u00e9s, des mati\u00e8res factices, des enseignantes malmen\u00e9es, humili\u00e9es voire insult\u00e9es, des \u00e9tudiants m\u00e9pris\u00e9s. Au final, pr\u00e8s de 196000 euros auraient \u00e9t\u00e9 d\u00e9tourn\u00e9s si je n\u2019avais pas stopp\u00e9 cette situation inacceptable.<\/p>\n<p>Lorsque le rapport de l\u2019IGAENR [Inspection g\u00e9n\u00e9rale de l\u2019administration de l\u2019Education nationale et de la Recherche] permet lui m\u00eame d\u2019\u00e9tablir les liens entre les deux parties de cette affaire, on constate alors que la la\u00efcit\u00e9 est en fait mise \u00e0 mal sous diff\u00e9rentes formes. Et si cela se passe ainsi au sein de mon \u00e9tablissement ne nous leurrons pas, cela peut bien entendu arriver dans d\u2019autres \u00e9tablissements.<\/p>\n<p>Mes interventions, le soutien r\u00e9el des \u00e9tudiants et des enseignants dans mon combat pour assainir une situation scandaleuse ont donn\u00e9 lieu \u00e0 un certain nombre d\u2019intimidations dont j\u2019ai \u00e9t\u00e9 victime entre le 31 janvier et le 15 mai 2014\u00a0: pneus de mon v\u00e9hicule d\u00e9gonfl\u00e9s et crev\u00e9s, quinze lettres de menaces de mort. Le 21 mai 2014, j\u2019ai \u00e9t\u00e9 victime d\u2019une agression physique.<\/p>\n<p>Mi-d\u00e9cembre, les menaces reprennent\u00a0: je re\u00e7ois deux livres r\u00e9dig\u00e9s en langue arabe et orn\u00e9s d\u2019une t\u00eate de mort. Plus r\u00e9cemment, \u00e0 la suite des terribles \u00e9v\u00e9nements des 7, 8 et 9 janvier, je re\u00e7ois \u00e0 trois reprises la une photocopi\u00e9e de Charlie Hebdo \u00ab\u00a0tout est pardonn\u00e9\u00a0\u00bb avec cette inscription compl\u00e9mentaire \u00ab\u00a0pas partout, en tout cas pas \u00e0 l\u2019IUT\u00a0\u00bb. Puis je re\u00e7ois une impression de mon portrait avec les yeux crev\u00e9s.<\/p>\n<p>Derni\u00e8rement encore, des paliers ont \u00e9t\u00e9 franchis. Ma voiture a \u00e9t\u00e9 endommag\u00e9e le 22 avril dernier dans le parking de mon immeuble. Vitre cass\u00e9e et deux feuilles pos\u00e9es sur les deux si\u00e8ges avant avec le mot \u00ab\u00a0Mort\u00a0\u00bb \u00e9crit dessus.<br class=\"manualbr\" \/>Le 17 mai, 7 coll\u00e8gues re\u00e7oivent des sms de menace av\u00e9r\u00e9 de mort, coupl\u00e9 avec une allusion antis\u00e9mite notoire. N\u2019ayant visiblement pas r\u00e9ussi \u00e0 me d\u00e9courager avec 30 menaces de mort en 1 an et demi, on s\u2019attaque maintenant \u00e0 ceux qui au sein de l\u2019IUT m\u2019ont aid\u00e9 \u00e0 r\u00e9v\u00e9ler la gravit\u00e9 de la situation. Et je tiens \u00e0 souligner ici le r\u00f4le d\u00e9terminant de mon ami Florent Tetard, ici pr\u00e9sent, membre du conseil d\u2019administration de l\u2019IUT et de l\u2019Universit\u00e9 et que j\u2019avais moi m\u00eame nomm\u00e9 \u00e0 la t\u00eate de la commission financi\u00e8re de l\u2019IUT. Son r\u00f4le et son soutien sans faille ont \u00e9t\u00e9 d\u00e9terminants.<\/p>\n<p>Il semble clair que ces intimidations r\u00e9p\u00e9t\u00e9es, ont pour mission de me faire peur, de semer la terreur, de me faire c\u00e9der, de me faire abdiquer, de m\u2019obliger \u00e0 l\u00e2cher le combat pour en d\u00e9finitive capituler.<\/p>\n<p>Fort du soutien sans faille de mes coll\u00e8gues, de mes \u00e9tudiants dont le r\u00f4le a \u00e9t\u00e9 d\u00e9terminant, et bien entendu du soutien quotidien r\u00e9confortant de ma femme, de mes enfants et de ma famille, \u00e0 aucun moment je n\u2019ai song\u00e9 abandonn\u00e9. Et pourtant notre vie est devenue un enfer depuis ces \u00e9v\u00e8nements\u00a0: changement de voiture hebdomadaire, changement de place de parking, changement de bo\u00eetes au lettres, changement d\u2019horaires et d\u2019itin\u00e9raire pour aller travailler. A ceux qui ne sont pas encore convaincus, je leur demanderai s\u2019ils accepteraient de contraindre leurs enfants \u00e0 ne plus sortir avec une baby-sitter dans la rue, \u00e0 limiter les sorties scolaires, \u00e0 vivre les volets ferm\u00e9s, \u00e0 ne plus aller dans le parking sans la pr\u00e9sence d\u2019un voisin, \u00e0 rentrer chez soi le soir accompagn\u00e9 par les forces de police. Tout cela s\u2019impose \u00e0 moi et de fait \u00e0 ma famille depuis un an. Et le plus dur est encore de trouver les mots pour rassurer mon enfant de 9 ans qui me demande pourquoi je suis menac\u00e9, l\u2019ayant lui-m\u00eame appris \u00e0 l\u2019\u00e9cole, ou encore trouver les explications quand mon autre enfant de 3 ans se demande pourquoi son papa se cache dans la salle de bain pour pleurer.<\/p>\n<p>Beaucoup auraient arr\u00eat\u00e9 ou capitul\u00e9 et il m\u2019est parfois arriv\u00e9 de demander \u00e0 ma femme Anne, ici pr\u00e9sente, et que je tiens \u00e0 remercier si elle souhaitait que j\u2019arr\u00eate tout.<\/p>\n<p>Me r\u00e9pondant syst\u00e9matiquement par la n\u00e9gative, elle doit \u00eatre autant que moi impr\u00e9gn\u00e9e des valeurs de la R\u00e9publique qui doivent \u00eatre d\u00e9fendues partout et j\u2019avais presque envie de dire surtout au sein des universit\u00e9s dont j\u2019ai rappel\u00e9 au d\u00e9but de mon intervention \u00e0 quel point elle a un r\u00f4le important dans la construction d\u2019une soci\u00e9t\u00e9 plus \u00e9galitaire.<\/p>\n<p>Et pourtant en faisant tout cela, alors que je n\u2019ai le sentiment de n\u2019agir qu\u2019en citoyen souhaitant d\u00e9fendre les valeurs de la R\u00e9publique, c\u2019est un proc\u00e8s en islamophobie qui m\u2019est fait. On essaie de me salir, de me d\u00e9nigrer et de me faire passer pour un raciste. On invoque m\u00eame sur les r\u00e9seaux sociaux une \u00ab\u00a0chasse aux arabes\u00a0\u00bb orchestr\u00e9e par le directeur de l\u2019IUT. Vraisemblablement un des plus fervents militants anti raciste de cet IUT, j\u2019avoue que l\u2019attaque m\u2019a souvent affect\u00e9e. Et finalement celle qui m\u2019a le plus rassur\u00e9 sur l\u2019image que je renvoie sur ce sujet est une mes \u00e9tudiantes\u00a0: Na\u00efma.<\/p>\n<p>Il y a \u00e0 peine 3 mois, une de mes \u00e9tudiantes portant le voile se pr\u00e9sente en cours et se met au premier rang. Alors que je commence mon cours, elle se l\u00e8ve et \u00f4te son voile. Me voyant \u00e9tonn\u00e9, elle d\u00e9cide de prendre la parole en disant qu\u2019elle soutien mon action dans l\u2019IUT, qu\u2019elle conna\u00eet mes positions et mes valeurs, qu\u2019elle sait \u00e0 quel point je me pr\u00e9occupe de mes \u00e9tudiants et qu\u2019elle souhaite juste retirer son voile une fois pour me t\u00e9moigner son soutien.<\/p>\n<p>Tout au long de cette crise, J\u2019ai tout mis en \u0153uvre pour apaiser la situation au sein de mon IUT et en aucun cas je n\u2019ai c\u00e9d\u00e9 aux nombreuses tentatives d\u2019intimidation.<\/p>\n<p>Alors qu\u2019on \u00e9tait dans une rupture de service public av\u00e9r\u00e9e au sein de ce d\u00e9partement, mon seul et unique objectif a \u00e9t\u00e9 de g\u00e9rer l\u2019IUT dans le cadre des textes en vigueur, des instances officielles, des options prises par le conseil d\u2019administration de l\u2019IUT et dans le strict respect de la loi.<\/p>\n<p>Depuis un an, j\u2019en appelle les pouvoirs publics \u00e0 ne pas d\u00e9consid\u00e9rer la situation que nous vivons \u00e0 l\u2019IUT de Saint Denis. L\u00e0 aussi, il a fallu user de patience et de d\u00e9termination mais je suis heureux de vous annoncer que la ministre elle-m\u00eame se pr\u00e9occupe aujourd\u2019hui personnellement de notre situation et a commenc\u00e9 \u00e0 prendre les mesures n\u00e9cessaires pour nous aider \u00e0 finaliser le travail d\u2019assainissement que collectivement nous avons entrepris.<\/p>\n<p>Certains ont souhait\u00e9 an\u00e9antir l\u2019IUT de Saint Denis mais en vain. Plus que jamais, nous irons de l\u2019avant, nous nous tournerons vers l\u2019avenir, nous proposerons nos formations \u00e0 nos futurs \u00e9tudiants. Afin de bien signifier \u00e0 ses d\u00e9tracteurs que notre IUT est toujours debout, je vous invite tous le 11 juin prochain \u00e0 un magnifique colloque que nous organisons \u00e0 l\u2019IUT de Saint Denis et dont le th\u00e8me est\u00a0: \u00ab\u00a0changeons d\u2019\u00e9poque\u00a0: la force non violente\u00a0\u00bb. Plus nous serons nombreux ce jour l\u00e0, plus nous montrerons que nous sommes encore en vie.<\/p>\n<p>Mes amis, c\u2019est dans l\u2019enseignement sup\u00e9rieur que se joue pour une bonne part l\u2019avenir de la soci\u00e9t\u00e9. L\u2019Universit\u00e9 est une chance pour le d\u00e9veloppement des savoirs fondamentaux, pour la recherche, pour notre rayonnement international, pour notre d\u00e9veloppement \u00e9conomique.<\/p>\n<p>Nos universit\u00e9s et nos grandes \u00e9coles ont \u00e9t\u00e9 longtemps des lieux dans lesquels et gr\u00e2ce auxquels l\u2019ascenseur social fonctionnait. Elles ont largement contribu\u00e9 au rayonnement scientifique de notre pays.\u2028 Alors qu\u2019on \u00e9voque l\u2019\u00e9mergence d\u2019une \u00ab\u00a0soci\u00e9t\u00e9 de la connaissance\u00a0\u00bb, nos universit\u00e9s, plus que toute autre institution doivent \u00eatre le vecteur de cette coh\u00e9sion r\u00e9publicaine, car elle s\u2019adresse pr\u00e9cis\u00e9ment \u00e0 des adultes. De par leur maturit\u00e9, leur niveau intellectuel, leur niveau d\u2019\u00e9tudes, les \u00e9tudiants devraient \u00eatre en mesure de comprendre que l\u2019universit\u00e9, lieu d\u2019\u00e9change de savoir, de d\u00e9bats, de r\u00e9flexions, de recherches est par essence un lieu d\u2019ouverture sur d\u2019autres personnes, sur d\u2019autres savoirs, sur d\u2019autres th\u00e9ories. A ce titre l\u00e0, toute volont\u00e9 de repli sur soi, sur sa religion, sur ses opinions, sur sa communaut\u00e9 est antinomique avec ce qui fait l\u2019essence m\u00eame de l\u2019universit\u00e9 fran\u00e7aise.<\/p>\n<p>Si l\u2019universit\u00e9 doit donc contribuer au d\u00e9veloppement personnel des \u00e9tudiants et \u00eatre le lieu de la d\u00e9mocratisation du savoir, le comportement de certains \u00e9tudiants vise pr\u00e9cis\u00e9ment \u00e0 refuser certains de ces savoirs, \u00e0 imposer leurs visions de la connaissance, souvent d\u2019ailleurs en contradiction avec les th\u00e9oriciens et chercheurs.<\/p>\n<p>Une nouvelle fois, l\u2019Universit\u00e9 fran\u00e7aise est \u00e0 un tournant de son histoire. Au moment o\u00f9 se pose la question de son avenir, il me semble essentiel de se poser \u00e0 nouveau la question de sa mission.<\/p>\n<p>L\u2019universit\u00e9 doit, en int\u00e9grant pleinement et \u00e0 tous les niveaux la grande diversit\u00e9 des savoirs, qu\u2019ils soient acad\u00e9miques ou techniques, \u00eatre le fondement de la coh\u00e9sion de notre soci\u00e9t\u00e9.\u2028 Et \u00e0 ce titre, la La\u00efcit\u00e9 est le socle indispensable \u00e0 cette coh\u00e9sion.<br class=\"manualbr\" \/>Ne pas comprendre ou admettre que la la\u00efcit\u00e9 doit s\u2019appliquer pleinement au sein des universit\u00e9s, c\u2019est prendre r\u00e9solument le risque de cr\u00e9er une soci\u00e9t\u00e9 fractionn\u00e9e, communautariste, ghetto\u00efs\u00e9e. C\u2019est alors le mod\u00e8le de soci\u00e9t\u00e9 \u00e0 la fran\u00e7aise qui sera remis en cause. Les cons\u00e9quences ne seront pas internes \u00e0 l\u2019universit\u00e9, mais g\u00e9n\u00e9ralis\u00e9e \u00e0 l\u2019ensemble de notre soci\u00e9t\u00e9.<\/p>\n<p>Je terminerai par une citation de Roger Cousinet et que je fais mienne depuis un an\u00a0: \u00ab\u00a0si nous \u00e9tions d\u00e9courageables, il y a longtemps que nous serions d\u00e9courag\u00e9s\u00a0\u00bb.<br class=\"manualbr\" \/>Vous aurez compris, mes amis, que je ne c\u00e9derai pas et irai au bout de mon combat car pour moi, la la\u00efcit\u00e9 est le ciment d\u2019un vivre ensemble apais\u00e9 et surtout d\u2019une soci\u00e9t\u00e9 fraternelle.<\/p>\n<p>http:\/\/www.laicite-republique.org\/samuel-mayol-l-universite.html<\/p>\n","protected":false},"excerpt":{"rendered":"<p>Chers amis, Je commencerai mon expos\u00e9 en vous citant un c\u00e9l\u00e8bre pr\u00e9sident d\u2019universit\u00e9\u00a0: \u00ab\u00a0Concernant la la\u00efcit\u00e9, je ne vois vraiment pas l\u2019int\u00e9r\u00eat de faire une loi quand il n\u2019y a ni demande, ni probl\u00e8me.\u00a0\u00bb Comment ne pas voir que la situation au sein des universit\u00e9s fran\u00e7aises est aujourd\u2019hui inqui\u00e9tante. Et malheureusement les \u00e9v\u00e8nements survenus \u00e0 &hellip; <a href=\"https:\/\/prochoix.org\/?p=603\" class=\"more-link\">Continuer la lecture de <span class=\"screen-reader-text\">Samuel Mayol : \u00ab L\u2019Universit\u00e9, territoire sacrifi\u00e9 de la la\u00efcit\u00e9 ? \u00bb (Colloque du CLR, 30 mai 15)<\/span>  <span class=\"meta-nav\">&rarr;<\/span><\/a><\/p>\n","protected":false},"author":1,"featured_media":0,"comment_status":"open","ping_status":"open","sticky":false,"template":"","format":"standard","meta":{"footnotes":""},"categories":[7],"tags":[],"_links":{"self":[{"href":"https:\/\/prochoix.org\/index.php?rest_route=\/wp\/v2\/posts\/603"}],"collection":[{"href":"https:\/\/prochoix.org\/index.php?rest_route=\/wp\/v2\/posts"}],"about":[{"href":"https:\/\/prochoix.org\/index.php?rest_route=\/wp\/v2\/types\/post"}],"author":[{"embeddable":true,"href":"https:\/\/prochoix.org\/index.php?rest_route=\/wp\/v2\/users\/1"}],"replies":[{"embeddable":true,"href":"https:\/\/prochoix.org\/index.php?rest_route=%2Fwp%2Fv2%2Fcomments&post=603"}],"version-history":[{"count":1,"href":"https:\/\/prochoix.org\/index.php?rest_route=\/wp\/v2\/posts\/603\/revisions"}],"predecessor-version":[{"id":604,"href":"https:\/\/prochoix.org\/index.php?rest_route=\/wp\/v2\/posts\/603\/revisions\/604"}],"wp:attachment":[{"href":"https:\/\/prochoix.org\/index.php?rest_route=%2Fwp%2Fv2%2Fmedia&parent=603"}],"wp:term":[{"taxonomy":"category","embeddable":true,"href":"https:\/\/prochoix.org\/index.php?rest_route=%2Fwp%2Fv2%2Fcategories&post=603"},{"taxonomy":"post_tag","embeddable":true,"href":"https:\/\/prochoix.org\/index.php?rest_route=%2Fwp%2Fv2%2Ftags&post=603"}],"curies":[{"name":"wp","href":"https:\/\/api.w.org\/{rel}","templated":true}]}}