{"id":614,"date":"2015-10-18T23:12:24","date_gmt":"2015-10-18T22:12:24","guid":{"rendered":"http:\/\/www.prochoix.org\/wordpress\/?p=614"},"modified":"2015-10-24T10:22:29","modified_gmt":"2015-10-24T09:22:29","slug":"manifester-pour-la-palestine-avec-le-hamas-et-la-rabia","status":"publish","type":"post","link":"https:\/\/prochoix.org\/?p=614","title":{"rendered":"Manifester Pour La Palestine Avec Le Hamas Et La Rabia"},"content":{"rendered":"<p>Ce 17 octobre 2015, une manifestation \u00e9tait organis\u00e9e \u00e0 Paris, place de la R\u00e9publique. Le titre \u00e9tait\u00a0: \u00ab\u00a0L\u2019intifada continue, soutien \u00e0 la r\u00e9sistance palestinienne\u00a0\u00bb.<\/p>\n<p>La manifestation \u00e9tait organis\u00e9e par G\u00e9n\u00e9ration Palestine Paris, le Collectif Al Qods, ainsi que le Palestinian Youth Mouvement. D\u2019autres associations avaient appel\u00e9 \u00e0 manifester comme le Parti des Indig\u00e8nes de la R\u00e9publique ou le Collectif Cheikh Yassine.<\/p>\n<p>Si certains manifestants \u00e9taient venus manifester leur sympathie et leur solidarit\u00e9 pour la Palestine, d\u2019autres avaient un discours beaucoup plus offensif.<\/p>\n<p>On a pu y voir, p\u00eale-m\u00eale, des affiches, banderoles ou autres autocollant appelant au \u00ab\u00a0Boycott d\u2019Isra\u00ebl\u00a0\u00bb, des illustrations pr\u00e9sentant Isra\u00ebl comme un \u00ab\u00a0pays nazi\u00a0\u00bb, mais aussi des portraits de l\u2019ancien pr\u00e9sident Fr\u00e8re Musulman \u00e9gyptien Mohamed Morsi et de nombreux drapeaux de la Rabia, symbole des Fr\u00e8res Musulmans.<br \/>\n<img loading=\"lazy\" decoding=\"async\" class=\"  wp-image-9221 alignleft\" src=\"http:\/\/www.ikhwan.whoswho\/wp-content\/uploads\/2015\/10\/10487778_10205978800523098_574783630_n.jpg\" alt=\"10487778_10205978800523098_574783630_n\" width=\"254\" height=\"346\" \/><\/p>\n<p>C\u00f4t\u00e9 discours \u00e0 la tribune, on a pu entendre des appels \u00e0 \u00ab\u00a0boycotter Isra\u00ebl\u00a0\u00bb, \u00e0 \u00ab\u00a0continuer la r\u00e9sistance de n\u2019importe quelle mani\u00e8re\u00a0\u00bb, puis des incitations plus directes \u00e0 \u00ab\u00a0continuer les attaques au couteau\u00a0\u00bb (comme d\u00e9j\u00e0 \u00e9nonc\u00e9 dans le communiqu\u00e9 de l\u2019\u00e9v\u00e8nement sur Facebook). Isra\u00ebl y est d\u00e9crit comme \u00ab\u00a0un pays sioniste et nazi\u00a0\u00bb. La possibilit\u00e9 de deux \u00e9tats vivant en paix est \u00e9cart\u00e9e par un intervenant qui r\u00e9clame la victoire totale palestinienne.<\/p>\n<p>Plusieurs manifestants portaient le signe de ralliement des Fr\u00e8res musulmans, la Rabia (aussi orthographi\u00e9 Rabaa). Ce symbole est apparu apr\u00e8s la violente r\u00e9pression contre les Fr\u00e8res musulmans place Rabi\u2019a al Adawiyya, le 14 Ao\u00fbt 2013.<\/p>\n<p>Le Collectif Cheikh Yassine (CCY) a \u00e9galement donn\u00e9 de la voix. Avec un camion, des enceintes, des portraits g\u00e9ants du cheikh Yassine, fondateur du Hamas, les moyens \u00e9taient mis en \u0153uvre. Leur chef, Abdelkrim Sefrioui, est pr\u00e9sent et n\u2019h\u00e9site pas \u00e0 t\u00e9l\u00e9phoner en live avec un haut parleur \u00e0 un \u00ab\u00a0r\u00e9sistant palestinien\u00a0\u00bb, qu\u2019il d\u00e9crit comme un membre \u00e9minent du Hamas, pour que celui-ci donne l\u2019instruction au public de continuer \u00e0 manifester pour la Palestine et \u00e0 s\u2019opposer aux dirigeants fran\u00e7ais \u00ab\u00a0sous la mainmise sioniste\u00a0\u00bb. Tout comme le seraient l\u2019\u00a0\u00ab\u00a0Europe\u00a0\u00bb ou l\u2019\u00a0\u00ab\u00a0ONU\u00a0\u00bb. Le Collectif Cheikh Yassine n\u2019a pas h\u00e9sit\u00e9 \u00e0 relativiser la Shoah en ironisant sur le camp d\u2019extermination d\u2019Auschwitz, et en d\u00e9signant les \u00ab\u00a0sionistes\u00a0\u00bb comme les v\u00e9ritables nazis.<\/p>\n<p><img loading=\"lazy\" decoding=\"async\" class=\"  wp-image-9222 alignleft\" src=\"http:\/\/www.ikhwan.whoswho\/wp-content\/uploads\/2015\/10\/11696696_10205978925726228_216355549_n-200x300.jpg\" alt=\"11696696_10205978925726228_216355549_n\" width=\"243\" height=\"365\" \/><img loading=\"lazy\" decoding=\"async\" class=\"  wp-image-9224 alignleft\" src=\"http:\/\/www.ikhwan.whoswho\/wp-content\/uploads\/2015\/10\/12166532_10205978939326568_344420260_n-300x200.jpg\" alt=\"12166532_10205978939326568_344420260_n\" width=\"272\" height=\"181\" \/><\/p>\n<p>La th\u00e9orie de la destruction de la mosqu\u00e9e Al-Aqsa par les isra\u00e9liens est \u00e9galement d\u00e9velopp\u00e9e, par le biais de la construction de \u00ab\u00a0souterrains pour provoquer sa destruction\u00a0dans un but Talmudique\u00a0\u00bb.<\/p>\n<p>S\u2019en est suivi une pri\u00e8re de rue, la r\u00e9citation de la chahada par le CCY et la foule, quelques \u00ab\u00a0Allah u Akbar\u00a0\u00bb, et un appel aux manifestants de devenir des \u00ab\u00a0moujahidines\u00a0\u00bb sous les applaudissements. Sefrioui entonne alors \u00ab\u00a0Sionistes Fascistes, Hamas r\u00e9sistance, Djihad r\u00e9sistance\u00a0\u00bb avec la foule, ainsi que des appels \u00e0 \u00ab\u00a0armer le Hamas\u00a0\u00bb.<\/p>\n<p><strong>Carla Parisi<\/strong><\/p>\n<p><a href=\"http:\/\/www.ikhwan.whoswho\/blog\/archives\/9220\">\u00a0http:\/\/www.ikhwan.whoswho\/blog\/archives\/9220<\/a><\/p>\n<p>&nbsp;<\/p>\n","protected":false},"excerpt":{"rendered":"<p>Ce 17 octobre 2015, une manifestation \u00e9tait organis\u00e9e \u00e0 Paris, place de la R\u00e9publique. Le titre \u00e9tait\u00a0: \u00ab\u00a0L\u2019intifada continue, soutien \u00e0 la r\u00e9sistance palestinienne\u00a0\u00bb. La manifestation \u00e9tait organis\u00e9e par G\u00e9n\u00e9ration Palestine Paris, le Collectif Al Qods, ainsi que le Palestinian Youth Mouvement. D\u2019autres associations avaient appel\u00e9 \u00e0 manifester comme le Parti des Indig\u00e8nes de la &hellip; <a href=\"https:\/\/prochoix.org\/?p=614\" class=\"more-link\">Continuer la lecture de <span class=\"screen-reader-text\">Manifester Pour La Palestine Avec Le Hamas Et La Rabia<\/span>  <span class=\"meta-nav\">&rarr;<\/span><\/a><\/p>\n","protected":false},"author":1,"featured_media":0,"comment_status":"open","ping_status":"open","sticky":false,"template":"","format":"standard","meta":{"footnotes":""},"categories":[8],"tags":[108],"_links":{"self":[{"href":"https:\/\/prochoix.org\/index.php?rest_route=\/wp\/v2\/posts\/614"}],"collection":[{"href":"https:\/\/prochoix.org\/index.php?rest_route=\/wp\/v2\/posts"}],"about":[{"href":"https:\/\/prochoix.org\/index.php?rest_route=\/wp\/v2\/types\/post"}],"author":[{"embeddable":true,"href":"https:\/\/prochoix.org\/index.php?rest_route=\/wp\/v2\/users\/1"}],"replies":[{"embeddable":true,"href":"https:\/\/prochoix.org\/index.php?rest_route=%2Fwp%2Fv2%2Fcomments&post=614"}],"version-history":[{"count":4,"href":"https:\/\/prochoix.org\/index.php?rest_route=\/wp\/v2\/posts\/614\/revisions"}],"predecessor-version":[{"id":646,"href":"https:\/\/prochoix.org\/index.php?rest_route=\/wp\/v2\/posts\/614\/revisions\/646"}],"wp:attachment":[{"href":"https:\/\/prochoix.org\/index.php?rest_route=%2Fwp%2Fv2%2Fmedia&parent=614"}],"wp:term":[{"taxonomy":"category","embeddable":true,"href":"https:\/\/prochoix.org\/index.php?rest_route=%2Fwp%2Fv2%2Fcategories&post=614"},{"taxonomy":"post_tag","embeddable":true,"href":"https:\/\/prochoix.org\/index.php?rest_route=%2Fwp%2Fv2%2Ftags&post=614"}],"curies":[{"name":"wp","href":"https:\/\/api.w.org\/{rel}","templated":true}]}}