{"id":616,"date":"2015-10-17T23:14:03","date_gmt":"2015-10-17T22:14:03","guid":{"rendered":"http:\/\/www.prochoix.org\/wordpress\/?p=616"},"modified":"2015-10-23T08:14:55","modified_gmt":"2015-10-23T07:14:55","slug":"henriette-reker-poignardee-pour-son-soutien-aux-migrants","status":"publish","type":"post","link":"https:\/\/prochoix.org\/?p=616","title":{"rendered":"Henriette Reker poignard\u00e9e pour son soutien aux migrants"},"content":{"rendered":"<p>INTERNATIONAL &#8211; Une candidate \u00e0 la mairie de Cologne, quatri\u00e8me ville d&rsquo;Allemagne avec 980.000 habitants,\u00a0<a href=\"http:\/\/www.huffingtonpost.de\/2015\/10\/17\/kolner-ob-kandidatin-henriette-reker-bei-messer-attacke-verletzt_n_8318952.html?utm_hp_ref=germany\" target=\"_hplink\">a \u00e9t\u00e9 poignard\u00e9e samedi 17 octobre sur un march\u00e9 o\u00f9 elle faisait campagne<\/a>. Un acte aux motivations \u00ab\u00a0racistes\u00a0\u00bb li\u00e9es \u00e0 la politique d&rsquo;accueil des r\u00e9fugi\u00e9s, a annonc\u00e9 la police r\u00e9gionale.<\/p>\n<p><a href=\"http:\/\/www.huffingtonpost.fr\/2015\/10\/17\/cologne-henriette-reker-poignard-racisme_n_8319630.html?ncid=fcbklnkfrhpmg00000001\">Pour lire la suite<\/a><\/p>\n","protected":false},"excerpt":{"rendered":"<p>INTERNATIONAL &#8211; Une candidate \u00e0 la mairie de Cologne, quatri\u00e8me ville d&rsquo;Allemagne avec 980.000 habitants,\u00a0a \u00e9t\u00e9 poignard\u00e9e samedi 17 octobre sur un march\u00e9 o\u00f9 elle faisait campagne. Un acte aux motivations \u00ab\u00a0racistes\u00a0\u00bb li\u00e9es \u00e0 la politique d&rsquo;accueil des r\u00e9fugi\u00e9s, a annonc\u00e9 la police r\u00e9gionale. Pour lire la suite<\/p>\n","protected":false},"author":1,"featured_media":0,"comment_status":"open","ping_status":"open","sticky":false,"template":"","format":"standard","meta":{"footnotes":""},"categories":[8],"tags":[],"_links":{"self":[{"href":"https:\/\/prochoix.org\/index.php?rest_route=\/wp\/v2\/posts\/616"}],"collection":[{"href":"https:\/\/prochoix.org\/index.php?rest_route=\/wp\/v2\/posts"}],"about":[{"href":"https:\/\/prochoix.org\/index.php?rest_route=\/wp\/v2\/types\/post"}],"author":[{"embeddable":true,"href":"https:\/\/prochoix.org\/index.php?rest_route=\/wp\/v2\/users\/1"}],"replies":[{"embeddable":true,"href":"https:\/\/prochoix.org\/index.php?rest_route=%2Fwp%2Fv2%2Fcomments&post=616"}],"version-history":[{"count":1,"href":"https:\/\/prochoix.org\/index.php?rest_route=\/wp\/v2\/posts\/616\/revisions"}],"predecessor-version":[{"id":617,"href":"https:\/\/prochoix.org\/index.php?rest_route=\/wp\/v2\/posts\/616\/revisions\/617"}],"wp:attachment":[{"href":"https:\/\/prochoix.org\/index.php?rest_route=%2Fwp%2Fv2%2Fmedia&parent=616"}],"wp:term":[{"taxonomy":"category","embeddable":true,"href":"https:\/\/prochoix.org\/index.php?rest_route=%2Fwp%2Fv2%2Fcategories&post=616"},{"taxonomy":"post_tag","embeddable":true,"href":"https:\/\/prochoix.org\/index.php?rest_route=%2Fwp%2Fv2%2Ftags&post=616"}],"curies":[{"name":"wp","href":"https:\/\/api.w.org\/{rel}","templated":true}]}}