{"id":621,"date":"2015-10-24T09:24:57","date_gmt":"2015-10-24T08:24:57","guid":{"rendered":"http:\/\/www.prochoix.org\/wordpress\/?p=621"},"modified":"2015-10-24T12:21:19","modified_gmt":"2015-10-24T11:21:19","slug":"la-ligue-de-lenseignement-fete-la-laicite-avec-les-amis-de-tariq-ramadan","status":"publish","type":"post","link":"https:\/\/prochoix.org\/?p=621","title":{"rendered":"La ligue de l&rsquo;enseignement f\u00eate la la\u00efcit\u00e9 avec les amis de Tariq Ramadan"},"content":{"rendered":"<p style=\"text-align: center;\"><a href=\"http:\/\/www.prochoix.org\/wordpress\/wp-content\/uploads\/2015\/10\/CSEM01VWwAAHrgE1.jpg\"><img loading=\"lazy\" decoding=\"async\" class=\"alignnone size-full wp-image-632\" src=\"http:\/\/www.prochoix.org\/wordpress\/wp-content\/uploads\/2015\/10\/CSEM01VWwAAHrgE1.jpg\" alt=\"CSEM01VWwAAHrgE\" width=\"600\" height=\"450\" srcset=\"https:\/\/prochoix.org\/wp-content\/uploads\/2015\/10\/CSEM01VWwAAHrgE1.jpg 600w, https:\/\/prochoix.org\/wp-content\/uploads\/2015\/10\/CSEM01VWwAAHrgE1-300x225.jpg 300w\" sizes=\"(max-width: 600px) 100vw, 600px\" \/><\/a><\/p>\n<p>Il ne faut pas s&rsquo;\u00e9tonner si les enseignants ont du mal \u00e0 reconqu\u00e9rir\u00a0les territoires perdus de la R\u00e9publique.<\/p>\n<p>Fid\u00e8le \u00e0 sa d\u00e9rive, la Ligue de l&rsquo;enseignement a d\u00e9cid\u00e9 de f\u00eater ses 150 ans et la la\u00efcit\u00e9 en compagnie d&rsquo;Edwy Plenel et du European Muslim network : le think tank gr\u00e2ce auquel\u00a0Tariq Ramadan fait du lobby \u00e0 Bruxelles. Bien s\u00fbr, aucune des grandes voix ayant d\u00e9fendu la la\u00efcit\u00e9 contre les int\u00e9gristes n&rsquo;a \u00e9t\u00e9 invit\u00e9e.<\/p>\n<p>Ce n&rsquo;est pas surprenant. Le noyautage de cette institution, l&rsquo;une des plus influentes et l&rsquo;une des plus subventionn\u00e9es, \u00a0a commenc\u00e9 en 1997. Caroline Fourest le raconte dans son livre sur Tariq Ramadan.<\/p>\n<p><a href=\"http:\/\/www.prochoix.org\/wordpress\/wp-content\/uploads\/2015\/10\/Capture-d\u2019\u00e9cran-2015-10-24-\u00e0-10.22.021.png\"><img loading=\"lazy\" decoding=\"async\" class=\"alignnone size-full wp-image-630\" src=\"http:\/\/www.prochoix.org\/wordpress\/wp-content\/uploads\/2015\/10\/Capture-d\u2019\u00e9cran-2015-10-24-\u00e0-10.22.021.png\" alt=\"Capture d\u2019\u00e9cran 2015-10-24 \u00e0 10.22.02\" width=\"854\" height=\"235\" srcset=\"https:\/\/prochoix.org\/wp-content\/uploads\/2015\/10\/Capture-d\u2019\u00e9cran-2015-10-24-\u00e0-10.22.021.png 854w, https:\/\/prochoix.org\/wp-content\/uploads\/2015\/10\/Capture-d\u2019\u00e9cran-2015-10-24-\u00e0-10.22.021-300x83.png 300w\" sizes=\"(max-width: 854px) 100vw, 854px\" \/><\/a><a href=\"http:\/\/www.prochoix.org\/wordpress\/wp-content\/uploads\/2015\/10\/Capture-d\u2019\u00e9cran-2015-10-24-\u00e0-09.34.342.png\"><img loading=\"lazy\" decoding=\"async\" class=\"alignnone size-full wp-image-635\" src=\"http:\/\/www.prochoix.org\/wordpress\/wp-content\/uploads\/2015\/10\/Capture-d\u2019\u00e9cran-2015-10-24-\u00e0-09.34.342.png\" alt=\"Capture d\u2019\u00e9cran 2015-10-24 \u00e0 09.34.34\" width=\"1688\" height=\"718\" srcset=\"https:\/\/prochoix.org\/wp-content\/uploads\/2015\/10\/Capture-d\u2019\u00e9cran-2015-10-24-\u00e0-09.34.342.png 1688w, https:\/\/prochoix.org\/wp-content\/uploads\/2015\/10\/Capture-d\u2019\u00e9cran-2015-10-24-\u00e0-09.34.342-300x128.png 300w, https:\/\/prochoix.org\/wp-content\/uploads\/2015\/10\/Capture-d\u2019\u00e9cran-2015-10-24-\u00e0-09.34.342-1024x436.png 1024w\" sizes=\"(max-width: 1688px) 100vw, 1688px\" \/><\/a><\/p>\n<p><strong><em>Voici l&rsquo;extrait de\u00a0FRERE TARIQ de Caroline Fourest (Grasset, Paris 2004)<\/em><\/strong><\/p>\n<p>Pour r\u00e9ussir son entr\u00e9e dans la gauche la\u00efque, Ramadan a bien vite compris qu&rsquo;il lui faudrait une autre caution que celle fournie par le dialogue interreligieux.\u00a0Il doit absolument pouvoir se revendiquer d&rsquo;une structure insoup\u00e7onnable du point de vue la\u00efque. L&rsquo;occasion se pr\u00e9sente en 1997 avec l&rsquo;instauration d&rsquo;une \u00ab\u00a0Commission islam et la\u00efcit\u00e9\u00a0\u00bb au sein de la Ligue de l&rsquo;enseignement, l&rsquo;institution d&rsquo;\u00e9ducation populaire la\u00efque par excellence.\u00a0Du pain b\u00e9nit.<\/p>\n<p>La Ligue a le profil id\u00e9al. L&rsquo;un de ses pr\u00e9sidents a pr\u00e9sid\u00e9 la commission charg\u00e9e d&rsquo;\u00e9tablir la loi de 1905. Mais l&rsquo;association est complex\u00e9e par une autre histoire, moins glorieuse, celle de son attitude lors de la colonisation. Un autre pr\u00e9sident, Albert Bayet, a eu une position tr\u00e8s ambigu\u00eb sur l&rsquo;Alg\u00e9rie. Il \u00e9tait m\u00eame plut\u00f4t du c\u00f4t\u00e9 de l&rsquo;Alg\u00e9rie fran\u00e7aise. Ce qui embarrasse tous ses successeurs et h\u00e9ritiers. Voil\u00e0 pour le terrain favorable, sur lequel vient se greffer le parcours individuel de deux militants m\u00ealant marxisme et mysticisme\u00a0: Michel Morineau et Pierre Tournemire, tous deux \u00e0 l&rsquo;origine de la commission, d&rsquo;abord intitul\u00e9e \u00ab\u00a0La France, l&rsquo;islam, perspective d&rsquo;avenir\u00a0\u00bb avant de devenir \u00ab\u00a0Islam et la\u00efcit\u00e9\u00a0\u00bb en 1997.<\/p>\n<p><strong>Michel Morineau<\/strong>\u00a0est un autodidacte qui a re\u00e7u une \u00e9ducation catholique. Il se d\u00e9finit comme \u00ab\u00a0agnostique\u00a0\u00bb mais milite au nom de sa foi chr\u00e9tienne pour les bonnes causes (il a notamment \u00e9t\u00e9 pr\u00e9sident de Chr\u00e9tiens et sida). Secr\u00e9taire g\u00e9n\u00e9ral de la Ligue, il est entre autres charg\u00e9 des relations avec les j\u00e9suites.<\/p>\n<p>Ce dirigeant syndical a entendu parler de Ramadan au moment de son interdiction de s\u00e9jour par Jean-Louis Debr\u00e9. Depuis, il r\u00eave de le rencontrer. La cr\u00e9ation de cette commission va servir de pr\u00e9texte \u00e0 cette rencontre. C&rsquo;est le d\u00e9but d&rsquo;une amiti\u00e9 qui ne s&rsquo;est jamais d\u00e9mentie depuis. Tariq Ramadan a m\u00eame d\u00e9di\u00e9 son dernier livre d&rsquo;entretiens au militant de la Ligue\u00a0: \u00ab\u00a0A Michel Morineau, de \u00ab coeur et d&rsquo;intelligence \u00bb sur la route \u00bb&#8230; Ramadan peut le remercier. Depuis son passage \u00e0 la Ligue de l&rsquo;enseignement, il a incroyablement gagn\u00e9 en l\u00e9gitimit\u00e9 et en contacts. Mais Morineau le d\u00e9fend de toute arri\u00e8re-pens\u00e9e\u00a0: \u00ab\u00a0Ceux qui pr\u00e9tendent qu&rsquo;il a fait de l&rsquo;entrisme \u00e0 la Ligue de l&rsquo;enseignement se trompent. C&rsquo;est moi qui l&rsquo;ai invit\u00e9 \u00e0 participer \u00e0 la commission \u00ab Islam et la\u00efcit\u00e9 \u00bb. Il \u00e9tait l&rsquo;un des rares musulmans \u00e0 conna\u00eetre le v\u00e9ritable sens du mot la\u00efcit\u00e9. Pendant trois ans, nous avons tenu pr\u00e8s de 40 r\u00e9unions. Il n&rsquo;en a pratiquement manqu\u00e9 aucune.\u00a0\u00bb Il faut dire que les r\u00e9unions se faisaient souvent en fonction de ses disponibilit\u00e9s&#8230;<\/p>\n<p><strong>Quel est l&rsquo;objectif de cette Commission ?<\/strong><\/p>\n<p>\u00ab\u00a0Faire l&rsquo;analyse circonstanci\u00e9e de la pr\u00e9sence musulmane dans la soci\u00e9t\u00e9 fran\u00e7aise pour chercher les voies d&rsquo;une int\u00e9gration harmonieuse dans le cadre intangible de la la\u00efcit\u00e9 et de sa philosophie politique.\u00a0\u00bb<\/p>\n<p>Voil\u00e0 pour la d\u00e9claration d&rsquo;intention. Dans les faits, l&rsquo;influence croissante d&rsquo;un Tariq Ramadan va peu \u00e0 peu renverser la vapeur. Au final, la Commission va surtout permettre au pr\u00e9dicateur de se faire accepter par la gauche la\u00efque, notamment gr\u00e2ce \u00e0 des colloques organis\u00e9s avec le Cercle Condorcet, proche des francs-ma\u00e7ons, avec l&rsquo;UNESCO, ou encore avec la revue Confluences M\u00e9diterran\u00e9es. Au d\u00e9part, bien entendu, toutes les tendances de l&rsquo;islam ont \u00e9t\u00e9 convi\u00e9es, m\u00eame celles que Morineau juge visiblement moins fines connaisseuses de la la\u00efcit\u00e9&#8230; comme les musulmans la\u00efques par exemple\u00a0!<\/p>\n<p>Pendant des mois, sous l&rsquo;arbitrage de militants de gauche fascin\u00e9s par l&rsquo;ambassadeur des Fr\u00e8res musulmans, des musulmans modernistes et anti-islamistes comme Soheib Bencheikh, Le\u00efla Bab\u00e8s ou des repr\u00e9sentants de la Mosqu\u00e9e de Paris ont d\u00fb faire semblant de pouvoir dialoguer avec les relais des islamistes en France\u00a0: Larbi Kechat de la Mosqu\u00e9e Adawa et les troupes de Ramadan, &#8211; dont Farid Abdelkrim (l&rsquo;auteur de Maudite soit la France\u00a0? !), Fouad Imarraine et\u00a0<strong>Yamin Makri<\/strong>\u00a0des \u00e9ditions Tawhid. Les r\u00e9unions attirent environ 35 personnes, allant des musulmans les plus modernes et rationalistes \u00e0 ceux qui les traitent dans leur dos de \u00ab\u00a0colonis\u00e9s\u00a0\u00bb et d&rsquo;\u00ab\u00a0assimil\u00e9s\u00a0\u00bb en passant par Hanifa Cherifi, Betoule Fekkar Lambiotte, Gaye Petek, des militants du MRAP et de la Ligue des droits de l&rsquo;homme comme Michel Tubiana, Serge Jakobowicz, Driss el-Yazami, le p\u00e8re Maurice Lelong, Gilles Couvreur et bien s\u00fbr Alain Gresh.<\/p>\n<p>Sans surprise, l&rsquo;ambiance n&rsquo;est pas au beau fixe entre les musulmans lib\u00e9raux et les int\u00e9gristes. Mais du c\u00f4t\u00e9 des militants de la Ligue, c&rsquo;est l&rsquo;incompr\u00e9hension.<\/p>\n<p>Jean Offredo, membre du\u00a0<strong>Cercle Condorcet<\/strong>, ne comprend toujours pas pourquoi les uns et les autres \u00e9taient incapables de s&rsquo;entendre\u00a0: \u00ab\u00a0C&rsquo;est toujours difficile de savoir s&rsquo;il ne s&rsquo;agit pas de querelles personnelles.\u00a0\u00bb En l&rsquo;occurrence, si querelles personnelles il y avait, elles cachaient surtout un enjeu autrement plus politique\u00a0: qui des partisans de l&rsquo;islam la\u00efque ou de ceux de l&rsquo;islam int\u00e9griste aura droit \u00e0 la reconnaissance de la gauche la\u00efque\u00a0?<\/p>\n<p>Gr\u00e2ce au manque de vigilance de certains militants de gauche, ce sont les int\u00e9gristes qui emportent le morceau. Les musulmans lib\u00e9raux ne supportent plus de passer pour des intol\u00e9rants \u00e0 force de devoir assister, sans broncher, au num\u00e9ro qu&rsquo;ils ont connu en Alg\u00e9rie. Ils sont \u00e9puis\u00e9s de voir que les militants de gauche fran\u00e7ais ne comprennent rien \u00e0 ce qui est en train de se jouer, ulc\u00e9r\u00e9s de devoir endurer les col\u00e8res de Ramadan chaque fois que l&rsquo;on \u00e9voque al-Azhar, Mohammed Charfi ou Abdel Raziq.<\/p>\n<p>Au lieu de quoi, c&rsquo;est le petit-fils du fondateur des Fr\u00e8res musulmans qui joue la vedette. La plupart ne viennent plus. Le mufti de Marseille fait savoir pourquoi. Mais les piliers de la Commission n&rsquo;en tiennent pas compte. Chaque d\u00e9part de musulman la\u00efque est compens\u00e9 par l&rsquo;arriv\u00e9e d&rsquo;un \u00e9mule de Ramadan, notamment issu du milieu lyonnais, montant \u00e0 Paris aux frais de la Ligue de l&rsquo;enseignement pour y tenir r\u00e9union avec leur ma\u00eetre \u00e0 penser. Car il faut pr\u00e9ciser que, durant trois ans, cette organisation a pay\u00e9 les d\u00e9placements (avion + h\u00f4tel), non seulement \u00e0 l&rsquo;ambassadeur des Fr\u00e8res musulmans mais aussi \u00e0 ses partisans de l&rsquo;UJM, du JALB ou de l&rsquo;UOIF\u00a0!<\/p>\n<p>Les islamistes pouvaient donc organiser leurs r\u00e9unions \u00e0 Paris aux frais de la Ligue, qui est d\u00e9cid\u00e9ment bonne nourrici\u00e8re.<\/p>\n<p>Un jour enfin, les militants de la f\u00e9d\u00e9ration du Rh\u00f4ne de la Ligue protestent. Ils sont bien plac\u00e9s pour conna\u00eetre le caract\u00e8re int\u00e9griste parfaitement nocif des groupes que leur organisation est en train de subventionner, mais leurs objections sont ignor\u00e9es par Paris, o\u00f9 l&rsquo;ambiance est plus que cordiale entre les islamistes et les militants de la Ligue. Il n&rsquo;est pas rare que les ligueurs et certains jeunes islamistes aillent au restaurant ensemble apr\u00e8s les r\u00e9unions. Tariq Ramadan s&rsquo;y rend plus rarement. Comme il le dit lui-m\u00eame, la \u00ab\u00a0collaboration ce n&rsquo;est pas le mariage\u00a0\u00bb ! Et puis, il ne go\u00fbte pas vraiment les ripailleries et les repas arros\u00e9s de vin. Heureusement, lorsqu&rsquo;une rencontre est pr\u00e9vue sur toute une journ\u00e9e, \u00a0Morineau veille \u00e0 ce qu&rsquo;il n&rsquo;y ait pas de porc au buffet et \u00e0 ce que tout se termine \u00e0 16 heures.<\/p>\n<p>Cette mascarade aurait pu continuer longtemps sans l&rsquo;intervention de Jacqueline Costa-Lascoux, qui pr\u00e9side \u00e0 l&rsquo;\u00e9poque la Ligue de l&rsquo;enseignement. Ancienne membre du Haut Conseil \u00e0 l&rsquo;int\u00e9gration, elle a fait dix ans de th\u00e9ologie musulmane. Avec elle, le num\u00e9ro d&rsquo;esbroufe de Ramadan ne prend pas vraiment. M\u00eame si elle est oblig\u00e9e de respecter sa pr\u00e9sence au sein de la Commission islam et la\u00efcit\u00e9, elle supporte de moins en moins l&rsquo;\u00e9volution de la Commission vers un tremplin pro-Ramadan\u00a0: \u00ab\u00a0Je me suis battue contre ce resserrement sur un seul courant. J&rsquo;ai vu progressivement ces jeunes changer de relations avec Ramadan, qui devenait le ma\u00eetre, le gourou. Les femmes, elles, venaient de moins en moins.\u00a0\u00bb Elle se souvient aussi de cette r\u00e9ponse, cinglante, faite par le pr\u00e9dicateur le jour o\u00f9 elle lui a demand\u00e9 de se situer par rapport \u00e0 la loi de 1905\u00a0: \u00ab\u00a0C&rsquo;est une loi auxiliaire.\u00a0\u00bb<\/p>\n<p>Autant de d\u00e9tails qui n&rsquo;ont visiblement jamais choqu\u00e9 d&rsquo;autres ligueurs rest\u00e9s fid\u00e8les \u00e0 Ramadan. Jacqueline Costa-Lascoux a fini par arriver \u00e0 un constat s\u00e9v\u00e8re sur la raison de tant de l\u00e2chet\u00e9. Elle parle de \u00ab\u00a0comportement na\u00eff et d&rsquo;ignorance parfois dus \u00e0 une certaine fascination pour des comportements totalitaires, en tout cas globalisants \u00bb. Heureusement, il existe de vrais la\u00efques \u00e0 gauche et ceux-l\u00e0 vont finir par obtenir l&rsquo;arr\u00eat de la Commission. En 2000, c&rsquo;est d\u00e9cid\u00e9, la pr\u00e9sidente et le tr\u00e9sorier de l&rsquo;association mettent un terme \u00e0 la Commission. Un peu tard. Le mal est fait.<\/p>\n<p>En quelques mois, Tariq Ramadan a r\u00e9ussi \u00e0 approcher tout ce que la place de Paris compte de militants la\u00efques na\u00effs et il a d\u00e9j\u00e0 trouv\u00e9 des repreneurs.<\/p>\n<p><strong>Michel Tubiana<\/strong>\u00a0propose d&rsquo;h\u00e9berger la Commission au nom de la Ligue des droits de l&rsquo;homme. Jacqueline Costa-Lascoux accepte mais le met en garde\u00a0: \u00ab\u00a0O.K. On te refile la patate chaude mais je te pr\u00e9viens, il co\u00fbte plus cher qu&rsquo;une danseuse\u00a0! \u00bb Ce n&rsquo;est pas un probl\u00e8me.\u00a0<strong>Alain Gresh<\/strong>, au nom du Monde diplomatique, s&rsquo;engage \u00e0 parrainer la Commission.<\/p>\n<p><a href=\"http:\/\/www.amazon.fr\/exec\/obidos\/ASIN\/2246667917\/171-5363018-7677059\">Pour commander le livre<\/a> .<\/p>\n","protected":false},"excerpt":{"rendered":"<p>Il ne faut pas s&rsquo;\u00e9tonner si les enseignants ont du mal \u00e0 reconqu\u00e9rir\u00a0les territoires perdus de la R\u00e9publique. Fid\u00e8le \u00e0 sa d\u00e9rive, la Ligue de l&rsquo;enseignement a d\u00e9cid\u00e9 de f\u00eater ses 150 ans et la la\u00efcit\u00e9 en compagnie d&rsquo;Edwy Plenel et du European Muslim network : le think tank gr\u00e2ce auquel\u00a0Tariq Ramadan fait du lobby &hellip; <a href=\"https:\/\/prochoix.org\/?p=621\" class=\"more-link\">Continuer la lecture de <span class=\"screen-reader-text\">La ligue de l&rsquo;enseignement f\u00eate la la\u00efcit\u00e9 avec les amis de Tariq Ramadan<\/span>  <span class=\"meta-nav\">&rarr;<\/span><\/a><\/p>\n","protected":false},"author":1,"featured_media":0,"comment_status":"open","ping_status":"open","sticky":false,"template":"","format":"standard","meta":{"footnotes":""},"categories":[16],"tags":[9,109,110],"_links":{"self":[{"href":"https:\/\/prochoix.org\/index.php?rest_route=\/wp\/v2\/posts\/621"}],"collection":[{"href":"https:\/\/prochoix.org\/index.php?rest_route=\/wp\/v2\/posts"}],"about":[{"href":"https:\/\/prochoix.org\/index.php?rest_route=\/wp\/v2\/types\/post"}],"author":[{"embeddable":true,"href":"https:\/\/prochoix.org\/index.php?rest_route=\/wp\/v2\/users\/1"}],"replies":[{"embeddable":true,"href":"https:\/\/prochoix.org\/index.php?rest_route=%2Fwp%2Fv2%2Fcomments&post=621"}],"version-history":[{"count":12,"href":"https:\/\/prochoix.org\/index.php?rest_route=\/wp\/v2\/posts\/621\/revisions"}],"predecessor-version":[{"id":653,"href":"https:\/\/prochoix.org\/index.php?rest_route=\/wp\/v2\/posts\/621\/revisions\/653"}],"wp:attachment":[{"href":"https:\/\/prochoix.org\/index.php?rest_route=%2Fwp%2Fv2%2Fmedia&parent=621"}],"wp:term":[{"taxonomy":"category","embeddable":true,"href":"https:\/\/prochoix.org\/index.php?rest_route=%2Fwp%2Fv2%2Fcategories&post=621"},{"taxonomy":"post_tag","embeddable":true,"href":"https:\/\/prochoix.org\/index.php?rest_route=%2Fwp%2Fv2%2Ftags&post=621"}],"curies":[{"name":"wp","href":"https:\/\/api.w.org\/{rel}","templated":true}]}}