{"id":659,"date":"2015-10-29T11:43:00","date_gmt":"2015-10-29T10:43:00","guid":{"rendered":"http:\/\/www.prochoix.org\/wordpress\/?p=659"},"modified":"2016-01-30T12:40:40","modified_gmt":"2016-01-30T11:40:40","slug":"un-avocat-de-riposte-laique-tire-sur-le-batonnier-de-melun","status":"publish","type":"post","link":"https:\/\/prochoix.org\/?p=659","title":{"rendered":"Un avocat de Riposte La\u00efque tire sur le b\u00e2tonnier de Melun"},"content":{"rendered":"<p><a href=\"http:\/\/www.prochoix.org\/wordpress\/wp-content\/uploads\/2015\/10\/blo-rl1.jpg\"><img loading=\"lazy\" decoding=\"async\" class=\"alignnone size-full wp-image-835\" src=\"http:\/\/www.prochoix.org\/wordpress\/wp-content\/uploads\/2015\/10\/blo-rl1.jpg\" alt=\"blo-rl1\" width=\"466\" height=\"340\" srcset=\"https:\/\/prochoix.org\/wp-content\/uploads\/2015\/10\/blo-rl1.jpg 466w, https:\/\/prochoix.org\/wp-content\/uploads\/2015\/10\/blo-rl1-300x219.jpg 300w\" sizes=\"(max-width: 466px) 100vw, 466px\" \/><\/a><\/p>\n<p>Joseph Scipilliti avocat du mouvement d&rsquo;extr\u00eame droite Riposte la\u00efque\u00a0\u00a0a tir\u00e9 sur Henrique Vannier, le \u00a0b\u00e2tonnier de Melun, dans son bureau. Depuis 2007, Prochoix met en garde contre la radicalisation et l&rsquo;incitation \u00e0 la violence du site Riposte La\u00efque<\/p>\n<p>Articles sur Riposte La\u00efque :\u00a0<a href=\"http:\/\/www.prochoix.org\/cgi\/blog\/index.php\/?q=riposte+laique\">http:\/\/www.prochoix.org\/cgi\/blog\/index.php\/?q=riposte+laique<\/a><\/p>\n<p>\u2022\u00a0Premi\u00e8re mise en garde de Caroline Fourest contre Riposte la\u00efque\u00a0:\u00a0\u00ab\u00a0<a href=\"http:\/\/www.prochoix.org\/cgi\/blog\/index.php\/2007\/10\/06\/1759\">La\u00efcit\u00e9\u00a0: la clarification est un combat<\/a>\u00a0\u00bb (octobre 2007)<\/p>\n<p>\u2022\u00a0<a href=\"http:\/\/www.prochoix.org\/cgi\/blog\/index.php\/2007\/11\/05\/1809-affaire-des-vosges-le-traquenard-tendu-par-l-extreme-droite-chretienne\">Affaire des Vosges : Le traquenard tendu par l&rsquo;extr\u00eame-droite chr\u00e9tienne<\/a><\/p>\n<p>\u2022\u00a0<a href=\"http:\/\/www.prochoix.org\/pdf\/Riposte.laique.Brancher.Prochoix.pdf\">Riposte la\u00efque : analyse d&rsquo;une strat\u00e9gie<\/a><\/p>\n<p>\u2022\u00a0<a href=\"http:\/\/www.prochoix.org\/cgi\/blog\/index.php\/2010\/06\/12\/2288\">La chronique de Caroline Fourest contre l&rsquo;Ap\u00e9ro Saucisson<\/a>\u00a0(12 juin 2010)\u00a0:<\/p>\n<p>\u2022\u00a0<a href=\"http:\/\/www.prochoix.org\/pdf\/saucisson\">Le dossier de la Revue ProChoix (n\u00b052) sur le Bloc identitaire<\/a>\u00a0:<\/p>\n<p>\u2022\u00a0<a href=\"http:\/\/www.franceculture.com\/emission-la-chronique-de-caroline-fourest-chronique-de-caroline-fourest-2010-12-20.html\">La chronique de Caroline Fourest sur les Assises contre l&rsquo;islamisation<\/a>\u00a0(20 d\u00e9cembre 2010)\u00a0:<\/p>\n<p>&nbsp;<\/p>\n","protected":false},"excerpt":{"rendered":"<p>Joseph Scipilliti avocat du mouvement d&rsquo;extr\u00eame droite Riposte la\u00efque\u00a0\u00a0a tir\u00e9 sur Henrique Vannier, le \u00a0b\u00e2tonnier de Melun, dans son bureau. Depuis 2007, Prochoix met en garde contre la radicalisation et l&rsquo;incitation \u00e0 la violence du site Riposte La\u00efque Articles sur Riposte La\u00efque :\u00a0http:\/\/www.prochoix.org\/cgi\/blog\/index.php\/?q=riposte+laique \u2022\u00a0Premi\u00e8re mise en garde de Caroline Fourest contre Riposte la\u00efque\u00a0:\u00a0\u00ab\u00a0La\u00efcit\u00e9\u00a0: la clarification &hellip; <a href=\"https:\/\/prochoix.org\/?p=659\" class=\"more-link\">Continuer la lecture de <span class=\"screen-reader-text\">Un avocat de Riposte La\u00efque tire sur le b\u00e2tonnier de Melun<\/span>  <span class=\"meta-nav\">&rarr;<\/span><\/a><\/p>\n","protected":false},"author":1,"featured_media":0,"comment_status":"open","ping_status":"open","sticky":false,"template":"","format":"standard","meta":{"footnotes":""},"categories":[17],"tags":[],"_links":{"self":[{"href":"https:\/\/prochoix.org\/index.php?rest_route=\/wp\/v2\/posts\/659"}],"collection":[{"href":"https:\/\/prochoix.org\/index.php?rest_route=\/wp\/v2\/posts"}],"about":[{"href":"https:\/\/prochoix.org\/index.php?rest_route=\/wp\/v2\/types\/post"}],"author":[{"embeddable":true,"href":"https:\/\/prochoix.org\/index.php?rest_route=\/wp\/v2\/users\/1"}],"replies":[{"embeddable":true,"href":"https:\/\/prochoix.org\/index.php?rest_route=%2Fwp%2Fv2%2Fcomments&post=659"}],"version-history":[{"count":3,"href":"https:\/\/prochoix.org\/index.php?rest_route=\/wp\/v2\/posts\/659\/revisions"}],"predecessor-version":[{"id":836,"href":"https:\/\/prochoix.org\/index.php?rest_route=\/wp\/v2\/posts\/659\/revisions\/836"}],"wp:attachment":[{"href":"https:\/\/prochoix.org\/index.php?rest_route=%2Fwp%2Fv2%2Fmedia&parent=659"}],"wp:term":[{"taxonomy":"category","embeddable":true,"href":"https:\/\/prochoix.org\/index.php?rest_route=%2Fwp%2Fv2%2Fcategories&post=659"},{"taxonomy":"post_tag","embeddable":true,"href":"https:\/\/prochoix.org\/index.php?rest_route=%2Fwp%2Fv2%2Ftags&post=659"}],"curies":[{"name":"wp","href":"https:\/\/api.w.org\/{rel}","templated":true}]}}