{"id":661,"date":"2015-10-31T09:50:18","date_gmt":"2015-10-31T08:50:18","guid":{"rendered":"http:\/\/www.prochoix.org\/wordpress\/?p=661"},"modified":"2015-10-31T09:50:47","modified_gmt":"2015-10-31T08:50:47","slug":"boycottons-la-marche-de-la-dignite-pour-lutter-contre-le-racisme","status":"publish","type":"post","link":"https:\/\/prochoix.org\/?p=661","title":{"rendered":"Boycottons la \u00ab\u00a0Marche de la dignit\u00e9\u00a0\u00bb, soyons vraiment contre le Racisme"},"content":{"rendered":"<p><a href=\"http:\/\/www.prochoix.org\/wordpress\/wp-content\/uploads\/2015\/10\/1983378759.jpg\"><img loading=\"lazy\" decoding=\"async\" class=\"alignnone size-full wp-image-662\" src=\"http:\/\/www.prochoix.org\/wordpress\/wp-content\/uploads\/2015\/10\/1983378759.jpg\" alt=\"1983378759\" width=\"1024\" height=\"748\" srcset=\"https:\/\/prochoix.org\/wp-content\/uploads\/2015\/10\/1983378759.jpg 1024w, https:\/\/prochoix.org\/wp-content\/uploads\/2015\/10\/1983378759-300x219.jpg 300w\" sizes=\"(max-width: 1024px) 100vw, 1024px\" \/><\/a><\/p>\n<p>Beaucoup d&rsquo;antiracistes ont vu venir le pi\u00e8ge. Une marche organis\u00e9e par le PIR, le r\u00e9seau des Indig\u00e8nes de la R\u00e9publique, pour instrumentaliser la cause antiraciste et la mettre au service de ses obsessions (ils viennent encore de r\u00e9clamer des armes pour les int\u00e9gristes du Hamas !). Un vrai cadeau pour la propagande d&rsquo;extr\u00eame droite&#8230; Qui fera monter le racisme.<\/p>\n<p>Refusons d&rsquo;\u00eatre instrumentalis\u00e9s.<\/p>\n<p>Ne marchons pas pour l&rsquo;int\u00e9grisme.<\/p>\n<p>Refusons d&rsquo;opposer un racisme \u00e0\u00a0un autre.<\/p>\n<p>Soyons contre tous les racismes et tous les int\u00e9grismes.<\/p>\n<p>Boycottons la \u00ab\u00a0Marche de la dignit\u00e9\u00a0\u00bb.<\/p>\n<p><em><strong>Prochoix, le 31 octobre 2015<\/strong><\/em><\/p>\n<p>__<\/p>\n<p><em>D&rsquo;autres r\u00e9seaux, libertaires, anarchistes, antifascistes se mobilisent pour alerter&#8230;\u00a0<\/em><\/p>\n<h1>Lettre ouverte \u00e0 ceux qui pensent que participer \u00e0 la Marche-de-la-dignit\u00e9-contre-le-racisme-avec-le-soutien-d\u2019Angela-Davis n\u2019est pas un probl\u00e8me<\/h1>\n<p>samedi 17 octobre 2015<\/p>\n<p>Vous avez peut \u00eatre pr\u00e9vu d\u2019aller marcher avec dignit\u00e9 contre le racisme le 31 octobre prochain en r\u00e9pondant \u00e0 l\u2019appel port\u00e9 par Amal Bentoussi. Vous n\u2019avez peut \u00eatre pas pr\u00eat\u00e9 particuli\u00e8rement attention au fait que cette initiative a \u00e9t\u00e9 lanc\u00e9e par le Parti des Indig\u00e8nes de la R\u00e9publique ou vous avez renonc\u00e9 \u00e0 prendre en compte ce que cela signifie. L\u2019appel lui-m\u00eame se donne d\u2019ailleurs l\u2019air assez normal et \u00e9vite les formules choc dont le P.I.R. s\u2019est pourtant fait une sp\u00e9cialit\u00e9. On pourra tout de m\u00eame y relever l\u2019\u00e9num\u00e9ration significative des \u00ab\u00a0Noirs, Arabes, Rroms et Blancs des quartiers\u00a0\u00bb (fausses \u00e9vidences et vraies assignations identitaires, dont la derni\u00e8re est une nouvelle n\u00e9e des sept familles de la racialisation) et tant pis pour les prol\u00e9taires, \u00ab\u00a0des quartiers\u00a0\u00bb ou pas, qui ne rentrent pas dans ces cat\u00e9gories, les d\u00e9bordent ou tout simplement les refusent. L\u2019appel du meeting de pr\u00e9paration \u00e0 Saint Denis nous replace clairement sur les terres du P.I.R., qui ne laissent comme terrible horizon que la religion et la race, puisqu\u2019on y d\u00e9nonce les \u00ab\u00a0discriminations syst\u00e9miques\u00a0\u00bb, avec la mise en avant de 3 cat\u00e9gories prioritairement discrimin\u00e9es\u00a0: les \u00ab\u00a0musulmans\u00a0\u00bb, les \u00ab\u00a0Noirs\u00a0\u00bb, les \u00ab\u00a0Rroms\u00a0\u00bb.<\/p>\n<p>&nbsp;<\/p>\n<p><strong>On ne marchera donc pas ce jour l\u00e0 pour la \u00ab\u00a0dignit\u00e9\u00a0\u00bb de tout un chacun.<\/strong><\/p>\n<p>De l\u2019habituel racisme au singulier contre lequel on propose de marcher dans le titre, on passe, \u00e0 la fin du texte d\u2019appel, aux racismes au pluriel, d\u00e9clin\u00e9s ainsi\u00a0: \u00ab\u00a0l\u2019islamophobie, la n\u00e9grophobie, la rromophobie galopantes\u00a0\u00bb, il ne manque que l\u2019\u00e9vocation du \u00ab\u00a0philos\u00e9mitisme d\u2019\u00e9tat\u00a0\u00bb pour retrouver \u00e0 l\u2019identique les d\u00e9clarations plus que contestables de la porte parole du P.I.R., \u00e0 Oslo par exemple. D\u2019ailleurs, dans la pr\u00e9sentation des signatures de l\u2019appel on s\u00e9pare et on hi\u00e9rarchise les \u00ab\u00a0femmes racis\u00e9es\u00a0\u00bb, puis les stars et \u00ab\u00a0personnalit\u00e9s\u00a0\u00bb, puis les \u00ab\u00a0associations de racis\u00e9es\u00a0\u00bb, enfin les \u00ab\u00a0soutiens\u00a0\u00bb qui sont les personnalit\u00e9s et groupes non racis\u00e9s ou qui ne sont pas cit\u00e9s \u00e0 ce titre.<\/p>\n<p><strong>On marchera donc ce jour-l\u00e0 pour la promotion d\u2019un anti-racisme repeint aux couleurs de la race.<\/strong><\/p>\n<p>Effectivement, cette marche n\u2019est pas une promenade de sant\u00e9, c\u2019est<\/p>\n<p><strong>une \u00e9tape dans l\u2019avanc\u00e9e d\u2019un projet politique en cours.<\/strong><\/p>\n<ul>\n<li>Il s\u2019agit pour les initiateurs de se poser en\u00a0<strong>m\u00e9diateurs universels<\/strong>d\u00e9tenant le monopole des r\u00e9alit\u00e9s des banlieues et des quartiers populaires, mais aussi de la question des migrants, pour polariser la conflictualit\u00e9 qui peut y prendre place \u00e0 travers un filtre racial et judiciariste.<\/li>\n<li>Il s\u2019agit aussi d\u2019une\u00a0<strong>tentative de r\u00e9cup\u00e9ration<\/strong>\u00e0 la port\u00e9e bien plus large que celle que SOS Racisme a op\u00e9r\u00e9 dans les ann\u00e9es 80, et s\u2019en inspirant sans doute\u00a0: on s\u2019approprie ici ouvertement\u00a0<strong>la marche de 83<\/strong>bien s\u00fbr, mais aussi les\u00a0<strong>\u00e9meutes de 2005<\/strong>, et au-del\u00e0, l\u2019ensemble de\u00a0<strong>l\u2019h\u00e9ritage des luttes immigr\u00e9es<\/strong>, que ce soit sur les questions des papiers, du travail, du logement, ou sur d\u2019autres terrains, qui court sur plusieurs d\u00e9cennies.<\/li>\n<li>Il s\u2019agit donc de la construction d\u2019enjeux politique autour de la question raciale avec l\u2019approbation de la pr\u00e9sence de personnalit\u00e9s plus qu\u2019infr\u00e9quentables, officiellement signataires de l\u2019appel\u00a0: par exemple\u00a0<strong>Tariq Ramadan<\/strong>, ambassadeur des fr\u00e8res musulmans (dont le Hamas est une des branches),\u00a0<strong>M\u00e9dine<\/strong>, connu pour ses quenelles de soutien \u00e0 Dieudonn\u00e9 et sa proximit\u00e9 avec le commercial rat\u00e9 antis\u00e9mite du supr\u00e9macisme noir K\u00e9mi S\u00e9ba,\u00a0<strong>Ismahane Chouder<\/strong>de Participation et Spiritualit\u00e9 Musulmanes, groupe qui a appel\u00e9 \u00e0 la \u00ab\u00a0Manif pour tous\u00a0\u00bb et qui a partie li\u00e9e avec l\u2019assassinat de militants d\u2019extr\u00eame gauche au Maroc dans les ann\u00e9es 90, et bien s\u00fbr\u00a0<strong>Sa\u00efd Bouamama<\/strong>, collaborateur r\u00e9gulier du pro-n\u00e9gationniste Michel Collon, et\u00a0<strong>Houria Bouteldja<\/strong>, porte parole du P.I.R., coutumi\u00e8re des plateaux t\u00e9l\u00e9, de l\u2019\u00e9loge de la famille, de l\u2019ordre et de l\u2019ob\u00e9issance aux structures communautaires et \u00e0 la religion, ainsi que des invectives antis\u00e9mites, contre le m\u00e9tissage, homophobes et sexistes.<\/li>\n<\/ul>\n<p>On ne marchera donc pas ce jour l\u00e0 seulement avec la dignit\u00e9, mais aussi avec ses nouveaux amis. Dieudonnistes, panislamistes, protofascistes religieux\u00a0: la dignit\u00e9 a de bien mauvaises fr\u00e9quentations en ce moment, sans m\u00eame parler de ceux qu\u2019elle ne pr\u00e9sente pas le premier soir.<\/p>\n<p><strong>Nous sommes de plus en plus nombreux aujourd\u2019hui d\u2019horizons relativement vari\u00e9s, r\u00e9volutionnaires, anarchistes, communistes anti-autoritaires, militants, entre autres, des luttes de l\u2019immigration, \u00e9pris sans doute davantage d\u2019\u00e9mancipation que de dignit\u00e9 et de justice, \u00e0 s\u2019opposer \u00e0 la r\u00e9cup\u00e9ration en cours et \u00e0 refuser la proposition politique port\u00e9e par cette initiative.<\/strong><\/p>\n<p><strong>Le 31 octobre, m\u00eame du pied gauche, ne marchons pas dans cette combine\u00a0!<\/strong><\/p>\n<p>Source : Anonyme<\/p>\n","protected":false},"excerpt":{"rendered":"<p>Beaucoup d&rsquo;antiracistes ont vu venir le pi\u00e8ge. Une marche organis\u00e9e par le PIR, le r\u00e9seau des Indig\u00e8nes de la R\u00e9publique, pour instrumentaliser la cause antiraciste et la mettre au service de ses obsessions (ils viennent encore de r\u00e9clamer des armes pour les int\u00e9gristes du Hamas !). Un vrai cadeau pour la propagande d&rsquo;extr\u00eame droite&#8230; Qui &hellip; <a href=\"https:\/\/prochoix.org\/?p=661\" class=\"more-link\">Continuer la lecture de <span class=\"screen-reader-text\">Boycottons la \u00ab\u00a0Marche de la dignit\u00e9\u00a0\u00bb, soyons vraiment contre le Racisme<\/span>  <span class=\"meta-nav\">&rarr;<\/span><\/a><\/p>\n","protected":false},"author":1,"featured_media":0,"comment_status":"open","ping_status":"open","sticky":false,"template":"","format":"standard","meta":{"footnotes":""},"categories":[17],"tags":[108,68,112,111],"_links":{"self":[{"href":"https:\/\/prochoix.org\/index.php?rest_route=\/wp\/v2\/posts\/661"}],"collection":[{"href":"https:\/\/prochoix.org\/index.php?rest_route=\/wp\/v2\/posts"}],"about":[{"href":"https:\/\/prochoix.org\/index.php?rest_route=\/wp\/v2\/types\/post"}],"author":[{"embeddable":true,"href":"https:\/\/prochoix.org\/index.php?rest_route=\/wp\/v2\/users\/1"}],"replies":[{"embeddable":true,"href":"https:\/\/prochoix.org\/index.php?rest_route=%2Fwp%2Fv2%2Fcomments&post=661"}],"version-history":[{"count":4,"href":"https:\/\/prochoix.org\/index.php?rest_route=\/wp\/v2\/posts\/661\/revisions"}],"predecessor-version":[{"id":666,"href":"https:\/\/prochoix.org\/index.php?rest_route=\/wp\/v2\/posts\/661\/revisions\/666"}],"wp:attachment":[{"href":"https:\/\/prochoix.org\/index.php?rest_route=%2Fwp%2Fv2%2Fmedia&parent=661"}],"wp:term":[{"taxonomy":"category","embeddable":true,"href":"https:\/\/prochoix.org\/index.php?rest_route=%2Fwp%2Fv2%2Fcategories&post=661"},{"taxonomy":"post_tag","embeddable":true,"href":"https:\/\/prochoix.org\/index.php?rest_route=%2Fwp%2Fv2%2Ftags&post=661"}],"curies":[{"name":"wp","href":"https:\/\/api.w.org\/{rel}","templated":true}]}}