{"id":667,"date":"2015-11-02T11:53:57","date_gmt":"2015-11-02T10:53:57","guid":{"rendered":"http:\/\/www.prochoix.org\/wordpress\/?p=667"},"modified":"2015-11-02T14:29:42","modified_gmt":"2015-11-02T13:29:42","slug":"lettre-ouverte-aux-journalistes-ayant-couvert-la-marche-de-la-dignite","status":"publish","type":"post","link":"https:\/\/prochoix.org\/?p=667","title":{"rendered":"Lettre ouverte aux journalistes ayant couvert la \u00ab marche de la dignit\u00e9 \u00bb"},"content":{"rendered":"<p><a href=\"http:\/\/www.prochoix.org\/wordpress\/wp-content\/uploads\/2015\/11\/IMG_20151031_143438.jpg\"><img loading=\"lazy\" decoding=\"async\" class=\"alignnone size-full wp-image-677\" src=\"http:\/\/www.prochoix.org\/wordpress\/wp-content\/uploads\/2015\/11\/IMG_20151031_143438.jpg\" alt=\"IMG_20151031_143438\" width=\"4160\" height=\"3120\" srcset=\"https:\/\/prochoix.org\/wp-content\/uploads\/2015\/11\/IMG_20151031_143438.jpg 4160w, https:\/\/prochoix.org\/wp-content\/uploads\/2015\/11\/IMG_20151031_143438-300x225.jpg 300w, https:\/\/prochoix.org\/wp-content\/uploads\/2015\/11\/IMG_20151031_143438-1024x768.jpg 1024w\" sizes=\"(max-width: 4160px) 100vw, 4160px\" \/><\/a><\/p>\n<p>Vous devez vous demander pourquoi ils n\u2019\u00e9taient pas plus nombreux, ce week-end,\u00a0\u00e0 marcher\u00a0contre les violences polici\u00e8res et le racisme \u00e0 Paris ? Entre 10 000 selon les organisateurs et 3500 selon la police.<\/p>\n<p>M\u00eame entre les deux, c\u2019est peu au vu du climat. Une \u00e9poque o\u00f9 Nadine Morano r\u00e9duit la France \u00e0 un pays de \u00ab\u00a0race blanche\u00a0\u00bb, Robert M\u00e9nard part en guerre contre les kebabs, o\u00f9 l\u2019avocat de Riposte la\u00efque tire sur des magistrats, le tout \u00e0 la veille d\u2019\u00e9lections o\u00f9 plusieurs r\u00e9gions risquent de tomber aux mains de l\u2019extr\u00eame droite<\/p>\n<p>Cette actualit\u00e9 n\u2019\u00e9tait pas l\u2019objet de cette marche, surtout pr\u00e9occup\u00e9e par les violences polici\u00e8res anti-Noirs aux Etats-Unis. Des militants sinc\u00e8res s\u2019y sont associ\u00e9s sans conna\u00eetre vraiment ses buts et ses intentions. A la suite d\u2019un battage m\u00e9diatique enthousiaste, qui n\u2019a jamais pris le temps, ou presque, de dire qui se cachait derri\u00e8re la figure d\u2019Angela Davis et les quelques visages mis en avant. Ni pourquoi aucune grande organisation antiraciste ne pouvait, en connaissance de cause, s\u2019associer \u00e0 cette manifestation.<\/p>\n<p>Sans doute certains journalistes \u00e9taient-ils trop occup\u00e9s \u00e0 cracher sur le Prix la\u00efcit\u00e9 ayant rendu hommage \u00e0 <em>Charlie<\/em> et \u00e0 Charb quelques jours auparavant. A \u00e9crire, sans avoir enqu\u00eat\u00e9, qu\u2019on y avait somm\u00e9 une journaliste voil\u00e9e non accr\u00e9dit\u00e9e de retirer son voile\u2026 Alors qu\u2019il s\u2019agissait d\u2019une remarque balay\u00e9e par les organisateurs et qu\u2019elle a bien pu entrer, m\u00eame sans accr\u00e9ditation, malgr\u00e9 les mesures de s\u00e9curit\u00e9 qu\u2019impliquent un \u00e9v\u00e9nement si sensible. Comment les m\u00eames journaux, toujours les m\u00eames, auraient-ils trouv\u00e9 le temps d\u2019enqu\u00eater sur la \u00ab\u00a0Marche de la dignit\u00e9\u00a0\u00bb\u00a0?<\/p>\n<p>Ils n\u2019avaient pas de mots assez joyeux pour d\u00e9crire cette manifestation o\u00f9 l\u2019on a mis, nous a-t-on bien pr\u00e9cis\u00e9, \u00ab\u00a0les femmes en avant\u00a0\u00bb. Sans que l\u2019on comprenne en quoi \u00ab\u00a0les femmes\u00a0\u00bb \u00e9taient particuli\u00e8rement vis\u00e9es par les violences polici\u00e8res, qui concernent plut\u00f4t les hommes\u2026 Les r\u00e9seaux \u00e0 la pointe de cette manifestation \u00e9crivant que le racisme post-colonial utilise la cause des femmes pour attaquer en fait \u00ab\u00a0le gar\u00e7on arabe\u00a0\u00bb, nous en d\u00e9duisons qu\u2019il s\u2019agit d\u2019une technique marketing pour app\u00e2ter les m\u00e9dias. Force est de constater qu\u2019elle a bien march\u00e9.<\/p>\n<p><a href=\"http:\/\/www.prochoix.org\/wordpress\/wp-content\/uploads\/2015\/11\/IMG_20151031_142508.jpg\"><img loading=\"lazy\" decoding=\"async\" class=\"alignnone size-full wp-image-678\" src=\"http:\/\/www.prochoix.org\/wordpress\/wp-content\/uploads\/2015\/11\/IMG_20151031_142508.jpg\" alt=\"IMG_20151031_142508\" width=\"4160\" height=\"3120\" srcset=\"https:\/\/prochoix.org\/wp-content\/uploads\/2015\/11\/IMG_20151031_142508.jpg 4160w, https:\/\/prochoix.org\/wp-content\/uploads\/2015\/11\/IMG_20151031_142508-300x225.jpg 300w, https:\/\/prochoix.org\/wp-content\/uploads\/2015\/11\/IMG_20151031_142508-1024x768.jpg 1024w\" sizes=\"(max-width: 4160px) 100vw, 4160px\" \/><\/a><\/p>\n<p><strong>Le PIR \u00e0 la man\u0153uvre<\/strong><\/p>\n<p>Mais de quelles \u00ab\u00a0femmes\u00a0\u00bb parlons-nous, si du moins leurs id\u00e9es et non leur genre ont encore une importance aux yeux de certains m\u00e9dias\u00a0? De militantes pro-voile emmen\u00e9es par Houria Bouteldja des Indig\u00e8nes de la R\u00e9publique, au premier rang, et \u00e0 la man\u0153uvre depuis des semaines avec les signataires pro-islamistes, antif\u00e9ministes et antila\u00efques, de l\u2019appel.<\/p>\n<p>Il suffisait de jeter un \u0153il \u00e0 la liste des premiers signataires pour y trouver tous les faux nez des associations proches de Tariq Ramadan, qui n\u2019a pas m\u00e9nag\u00e9 ses efforts\u00a0pour battre le rappel.<\/p>\n<p>Les journalistes ont omis de pr\u00e9ciser que le Parti des Indig\u00e8nes de la R\u00e9publique n&rsquo;est pas contre\u00a0toutes les\u00a0 violences&#8230; Il soutient par exemple volontiers l\u2019intifada des couteaux et manifeste avec ceux qui r\u00e9clament \u00ab\u00a0des armes pour le Hamas\u00a0\u00bb. Cela explique peut-\u00eatre pourquoi cette marche de \u00ab\u00a0la dignit\u00e9\u00a0\u00bb \u00e9tait couverte de drapeaux palestiniens. Mais surtout pourquoi le texte d\u2019appel de la marche a oubli\u00e9 d\u2019inclure la lutte contre l\u2019antis\u00e9mitisme\u2026 Alors qu\u2019un Juif a encore \u00e9t\u00e9 agress\u00e9 au couteau il y a quelques jours en France, par un \u00ab\u00a0d\u00e9s\u00e9quilibr\u00e9\u00a0\u00bb selon les journaux. Forc\u00e9ment, quand on glisse au point de tomber avec un couteau sur un Juif, parce que Juif, c\u2019est qu\u2019on a bien d\u00fb perdre l\u2019\u00e9quilibre \u00e0 un moment donn\u00e9\u2026<\/p>\n<p>Visiblement, cela ne m\u00e9ritait pas de faire l\u2019objet de l\u2019appel \u00e0 la manifestation. Seulement de quelques pancartes. Peut-\u00eatre des manifestants \u00e9gar\u00e9s, qui ne devaient pas bien savoir o\u00f9 ils mettaient les pieds.<\/p>\n<p><a href=\"http:\/\/www.prochoix.org\/wordpress\/wp-content\/uploads\/2015\/11\/IMG_20151031_142908.jpg\"><img loading=\"lazy\" decoding=\"async\" class=\"alignnone size-full wp-image-679\" src=\"http:\/\/www.prochoix.org\/wordpress\/wp-content\/uploads\/2015\/11\/IMG_20151031_142908.jpg\" alt=\"IMG_20151031_142908\" width=\"4160\" height=\"3120\" srcset=\"https:\/\/prochoix.org\/wp-content\/uploads\/2015\/11\/IMG_20151031_142908.jpg 4160w, https:\/\/prochoix.org\/wp-content\/uploads\/2015\/11\/IMG_20151031_142908-300x225.jpg 300w, https:\/\/prochoix.org\/wp-content\/uploads\/2015\/11\/IMG_20151031_142908-1024x768.jpg 1024w\" sizes=\"(max-width: 4160px) 100vw, 4160px\" \/><\/a><\/p>\n<p><strong>Une manifestation surtout anti-Charlie<\/strong><\/p>\n<p>Voltuan, militant r\u00e9gulier des\u00a0manifs de la capitale, \u00a0a bien failli se faire lyncher pour avoir brandi \u00ab\u00a0All lives matters\u00a0\u00bb, et non seulement \u00ab\u00a0Black lives matters\u00a0\u00bb. Aux Etats-Unis, ce slogan peut-\u00eatre douteux s\u2019il est port\u00e9 par la droite refusant de voir qu\u2019on tue surtout des Noirs lors des contr\u00f4les policiers\u2026 Mais \u00e0 Paris, port\u00e9 parmi d\u2019autres slogans, dans un esprit universaliste, il n\u2019y avait quand m\u00eame pas de quoi s\u2019\u00e9nerver. Il a \u00e9t\u00e9 \u00e9ject\u00e9.<\/p>\n<p>Sur Twitter, une marcheuse se pr\u00e9sentant comme \u00ab\u00a0queer\u00a0\u00bb et \u00ab\u00a0afro-f\u00e9ministe\u00a0\u00bb s\u2019est \u00e9galement plaint qu\u2019un homme blanc se permette de manifester contre le racisme derri\u00e8re elle\u2026. Avant de se f\u00e9liciter des slogans cri\u00e9s contre le \u00ab\u00a0Charlisme d\u2019Etat\u00a0\u00bb et \u00ab\u00a0l\u2019int\u00e9gration par le jambon\u00a0\u00bb. Mais \u00e7a non plus, on ne pouvait pas le lire dans les comptes-rendus de l\u2019AFP.<\/p>\n<p>Au micro des organisateurs, on a pass\u00e9 quelques minutes \u2014 tout de m\u00eame \u2014 \u00e0 huer le racisme et de longues minutes \u00e0 huer la loi sur les signes religieux \u00e0 l\u2019\u00e9cole publique, Femen et Charlie\u00a0: \u00ab\u00a0les \u2018je suis Charlie\u2019, on en veut pas! Les femens, on en veut pas! L&rsquo;islamophobie,\u00a0 on en veut pas! \u00bb<\/p>\n<p>Des manifestantes voil\u00e9es portaient m\u00eame une pancarte \u00ab\u00a0Fourest, ta race\u00a0\u00bb. D\u2019autres disaient \u00ab\u00a0Morano ta race\u00a0\u00bb, toujours en utilisant le mot \u00ab\u00a0race\u00a0\u00bb sans guillemets. Preuve, s\u2019il en \u00e9tait besoin, que les racistes et les racialistes ont le m\u00eame vocabulaire. Un vocabulaire d\u00e9nonc\u00e9 par les antiracistes universalistes, qu\u2019il faut bien abattre si l\u2019on veut substituer le combat confessionnel et \u00ab\u00a0racial\u00a0\u00bb au combat social et antiraciste.<\/p>\n<p>Sihame Assbague, grande fan de Tariq Ramadan et du rappeur M\u00e9dine, a le m\u00e9rite d\u2019\u00eatre claire : \u00ab\u00a0je suis pour le d\u00e9mant\u00e8lement de Sos racisme \u00bb a-t-elle d\u00e9clar\u00e9 \u00e0 Mediapart.<\/p>\n<p><a href=\"http:\/\/www.prochoix.org\/wordpress\/wp-content\/uploads\/2015\/11\/IMG_20151031_144803.jpg\"><img loading=\"lazy\" decoding=\"async\" class=\"alignnone size-full wp-image-676\" src=\"http:\/\/www.prochoix.org\/wordpress\/wp-content\/uploads\/2015\/11\/IMG_20151031_144803.jpg\" alt=\"IMG_20151031_144803\" width=\"4160\" height=\"3120\" srcset=\"https:\/\/prochoix.org\/wp-content\/uploads\/2015\/11\/IMG_20151031_144803.jpg 4160w, https:\/\/prochoix.org\/wp-content\/uploads\/2015\/11\/IMG_20151031_144803-300x225.jpg 300w, https:\/\/prochoix.org\/wp-content\/uploads\/2015\/11\/IMG_20151031_144803-1024x768.jpg 1024w\" sizes=\"(max-width: 4160px) 100vw, 4160px\" \/><\/a><\/p>\n<p><strong><em>Les antiracistes la\u00efques, voil\u00e0 l\u2019ennemi\u00a0!<\/em><\/strong><\/p>\n<p>C\u2019\u00e9tait bien l\u2019objet sous-jacent de cette marche. Importer la violence et le communautarisme \u00e0 l\u2019am\u00e9ricaine. Monter les victimes d\u2019\u00ab\u00a0islamophobie\u00a0\u00bb et de \u00ab\u00a0n\u00e9grophobie\u00a0\u00bb contre les juifs et la\u00efques, qu\u2019ils soient juif, arabe ou noir.<\/p>\n<p>Pour le comprendre, il ne faut pas se contenter de tendre le micro \u00e0 deux ou trois porte-parole pouss\u00e9s en avant pour faire oublier les dizaines d\u2019organisations ayant r\u00e9dig\u00e9 l\u2019appel. Il faut lire leurs textes, leur doctrine. Le PIR (Parti des Indig\u00e8nes de la R\u00e9publique), \u00e9crit par exemple : \u00ab\u00a0Comme il existe un rapport de force entre les #races, le but de notre organisation est de le politiser pour le faire basculer en notre faveur \u00bb.<\/p>\n<p>Des consignes que les ceux qui couvraient la manifestation n\u2019ont pas non plus jug\u00e9 utile de rapporter, pas plus que les slogans entendus. La parole des \u00ab\u00a0Indig\u00e8nes\u00a0\u00bb, c\u2019est bien connu, compte moins que leur couleur et leur jolie diversit\u00e9\u2026<\/p>\n<p>S\u2019ils avaient d\u00e9laiss\u00e9 deux secondes leur paternalisme post-colonial et leur exotisme, ou s\u2019ils faisaient simplement leur m\u00e9tier, ils auraient expliqu\u00e9 en quoi cette marche ne repr\u00e9sente pas le camp de l\u2019antiracisme mais sa division entre antiracistes communautaristes et antiracistes la\u00efques. Et pourquoi beaucoup ne s\u2019y sont pas associ\u00e9s.<\/p>\n<p>M\u00eame Esther Benbassa s\u2019y est rendue en se bouchant le nez\u00a0! Edwy Plenel, lui, prenait des selfies avec son nouveau public, d\u00e9couvert gr\u00e2ce aux conf\u00e9rences avec Tariq Ramadan. Sergio Coronado des Verts, qui n\u2019a jamais m\u00e9nag\u00e9 son enthousiasme pour le pr\u00e9dicateur ultra-puritain, n\u2019allait pas rater la f\u00eate. Quant \u00e0 Cl\u00e9mentine Autain, dont le courant au Front de gauche est \u00e0 la pointe de l\u2019alliance avec les anti-Charlie, elle s\u2019est pr\u00e9cipit\u00e9e et a tweet\u00e9 d\u2019\u00e9merveillement sur le cort\u00e8ge de \u00ab\u00a0femmes\u00a0\u00bb men\u00e9 par Houria Bouteldja.<\/p>\n<p>C\u2019est tout le probl\u00e8me de certains politiques. A force de ne traiter les \u00e9lecteurs que comme des indig\u00e8nes, ils vont finit par croire qu\u2019il s\u2019agit d\u2019un peuple.<\/p>\n<p><em>Aline Ba\u00eff, ProChoix<\/em><\/p>\n<p><a href=\"http:\/\/www.prochoix.org\/wordpress\/wp-content\/uploads\/2015\/11\/IMG_20151031_181719.jpg\"><img loading=\"lazy\" decoding=\"async\" class=\"alignnone size-full wp-image-675\" src=\"http:\/\/www.prochoix.org\/wordpress\/wp-content\/uploads\/2015\/11\/IMG_20151031_181719.jpg\" alt=\"IMG_20151031_181719\" width=\"3840\" height=\"2160\" srcset=\"https:\/\/prochoix.org\/wp-content\/uploads\/2015\/11\/IMG_20151031_181719.jpg 3840w, https:\/\/prochoix.org\/wp-content\/uploads\/2015\/11\/IMG_20151031_181719-300x169.jpg 300w, https:\/\/prochoix.org\/wp-content\/uploads\/2015\/11\/IMG_20151031_181719-1024x576.jpg 1024w\" sizes=\"(max-width: 3840px) 100vw, 3840px\" \/><\/a><\/p>\n","protected":false},"excerpt":{"rendered":"<p>Vous devez vous demander pourquoi ils n\u2019\u00e9taient pas plus nombreux, ce week-end,\u00a0\u00e0 marcher\u00a0contre les violences polici\u00e8res et le racisme \u00e0 Paris ? Entre 10 000 selon les organisateurs et 3500 selon la police. M\u00eame entre les deux, c\u2019est peu au vu du climat. Une \u00e9poque o\u00f9 Nadine Morano r\u00e9duit la France \u00e0 un pays de &hellip; <a href=\"https:\/\/prochoix.org\/?p=667\" class=\"more-link\">Continuer la lecture de <span class=\"screen-reader-text\">Lettre ouverte aux journalistes ayant couvert la \u00ab marche de la dignit\u00e9 \u00bb<\/span>  <span class=\"meta-nav\">&rarr;<\/span><\/a><\/p>\n","protected":false},"author":1,"featured_media":0,"comment_status":"open","ping_status":"open","sticky":false,"template":"","format":"standard","meta":{"footnotes":""},"categories":[17],"tags":[],"_links":{"self":[{"href":"https:\/\/prochoix.org\/index.php?rest_route=\/wp\/v2\/posts\/667"}],"collection":[{"href":"https:\/\/prochoix.org\/index.php?rest_route=\/wp\/v2\/posts"}],"about":[{"href":"https:\/\/prochoix.org\/index.php?rest_route=\/wp\/v2\/types\/post"}],"author":[{"embeddable":true,"href":"https:\/\/prochoix.org\/index.php?rest_route=\/wp\/v2\/users\/1"}],"replies":[{"embeddable":true,"href":"https:\/\/prochoix.org\/index.php?rest_route=%2Fwp%2Fv2%2Fcomments&post=667"}],"version-history":[{"count":11,"href":"https:\/\/prochoix.org\/index.php?rest_route=\/wp\/v2\/posts\/667\/revisions"}],"predecessor-version":[{"id":687,"href":"https:\/\/prochoix.org\/index.php?rest_route=\/wp\/v2\/posts\/667\/revisions\/687"}],"wp:attachment":[{"href":"https:\/\/prochoix.org\/index.php?rest_route=%2Fwp%2Fv2%2Fmedia&parent=667"}],"wp:term":[{"taxonomy":"category","embeddable":true,"href":"https:\/\/prochoix.org\/index.php?rest_route=%2Fwp%2Fv2%2Fcategories&post=667"},{"taxonomy":"post_tag","embeddable":true,"href":"https:\/\/prochoix.org\/index.php?rest_route=%2Fwp%2Fv2%2Ftags&post=667"}],"curies":[{"name":"wp","href":"https:\/\/api.w.org\/{rel}","templated":true}]}}