{"id":701,"date":"2015-12-03T06:43:38","date_gmt":"2015-12-03T05:43:38","guid":{"rendered":"http:\/\/www.prochoix.org\/wordpress\/?p=701"},"modified":"2015-12-07T06:45:18","modified_gmt":"2015-12-07T05:45:18","slug":"a-propos-des-anti-laics-qui-invoquent-lesprit-charlie-pour-tenter-ironiquement-de-decredibiliser-les-laics","status":"publish","type":"post","link":"https:\/\/prochoix.org\/?p=701","title":{"rendered":"A propos des anti-la\u00efcs qui invoquent l\u2019esprit Charlie pour tenter ironiquement de d\u00e9cr\u00e9dibiliser les la\u00efcs :"},"content":{"rendered":"<p>La manifestation historique en r\u00e9ponse aux attentats de Charlie Hebdo de janvier 2015, r\u00e9unissant plus de 4 millions de fran\u00e7ais dans la rue, a laiss\u00e9 amers certains \u00e9ternels adeptes du la\u00efcit\u00e9-bashing. Entendre des manifestants scander \u00ab\u00a0Je Suis Charlie\u00a0\u00bb, sentir cette compassion et ce soutien spontan\u00e9 et non-violent envers ces 12 personnes assassin\u00e9es de sang-froid a en effet de quoi les irriter.<\/p>\n<p>Il \u00e9tait donc pr\u00e9visible qu\u2019une fois pass\u00e9es ces d\u00e9monstrations de solidarit\u00e9, des voies discordantes allaient profiter de l\u2019espace m\u00e9diatique (t\u00e9l\u00e9vision ou radio pour les plus connus, mais aussi les r\u00e9seaux sociaux) pour reprendre les attaques contre Charlie Hebdo. Emmanuel Todd et ses \u00ab\u00a0catholiques zombis\u00a0\u00bb dans\u00a0<span style=\"text-decoration: underline;\">Qui est Charlie\u00a0?<\/span>\u00a0est certainement un des meilleurs ambassadeurs de cette gauche islamo-complaisante. Le refrain \u00ab\u00a0je suis contre ces attentats\u2026 MAIS ils l\u2019ont quand m\u00eame un peu cherch\u00e9\u00a0\u00bb prend peu \u00e0 peu de l\u2019ampleur et de l\u2019espace.<\/p>\n<p>Au-del\u00e0 de ces attaques qui confondent victimes et terroristes, qui ont au moins le m\u00e9rite d\u2019\u00eatre reconnaissables, d\u2019autres attaques plus sournoises et moins directes prennent place. Et bizarrement, elles viennent le plus souvent des sp\u00e9cialistes de la rh\u00e9torique du \u00ab\u00a0deux poids, deux mesures\u00a0\u00bb entre le traitement m\u00e9diatique ou judiciaire des musulmans (qu\u2019ils consid\u00e8rent toujours forc\u00e9ment opprim\u00e9s, m\u00eame les plus extr\u00e9mistes), et les la\u00efcs (ou les Juifs).<\/p>\n<p>Il s\u2019agit pour ces personnes de d\u00e9noncer les partisans du \u00ab\u00a0Je Suis Charlie\u00a0\u00bb, qui ne seraient selon eux en faveur de la libert\u00e9 d\u2019expression que lorsqu\u2019il s\u2019agit du journal satirique. La supercherie serait donc d\u00e9voil\u00e9e, les Charlie ne seraient que de dangereux censeurs d\u00e8s lors qu\u2019une personne ne se dit pas Charlie, ou d\u00e8s qu\u2019ils \u00e9mettent des critiques envers ces d\u00e9fenseurs de l\u2019islamisme, m\u00eame pour d\u00e9fendre les droits des femmes ou des minorit\u00e9s sexuelles. Selon eux, si X est Charlie et \u00e9met un argument critique envers une opinion int\u00e9griste de Y, il serait donc contre la libert\u00e9 d\u2019expression de Y. Et donc \u00ab\u00a0Je Suis Charlie\u00a0\u00bb ne serait qu\u2019une immense arnaque \u00e0 la fois \u00ab\u00a0raciste\u00a0\u00bb et \u00ab\u00a0anti-libert\u00e9 d\u2019expression\u00a0\u00bb.<\/p>\n<p>Un peu de p\u00e9dagogie s\u2019impose face \u00e0 cette tendance tendant \u00e0 imposer la confusion intellectuelle.<\/p>\n<p>Mettons de cot\u00e9 l\u2019ind\u00e9cence et le cynisme de ces personnes qui osent comme seul argument en appeler \u00e0 l\u2019esprit Charlie, esprit satirique et irr\u00e9v\u00e9rencieux envers les religions qu\u2019ils ont combattu depuis tant d\u2019ann\u00e9es.<\/p>\n<p>La libert\u00e9 d\u2019expression en France permet le droit \u00e0 la critique des institutions religieuses, des textes religieux, et donc le droit au blasph\u00e8me, mais la loi interdit l\u2019incitation \u00e0 la haine envers les individus et donc l\u2019incitation \u00e0 la haine raciale, ethnique ou religieuse, l\u2019apologie de crimes de guerre, les propos discriminatoires \u00e0 raison d&rsquo;orientations sexuelles, d&rsquo;un handicap, ou le n\u00e9gationnisme. C\u2019est ce pourquoi Dieudonn\u00e9 est r\u00e9guli\u00e8rement condamn\u00e9. L\u2019esprit Charlie n\u2019est pas la libert\u00e9 d\u2019exprimer des id\u00e9es haineuses p\u00e9nalement r\u00e9pr\u00e9hensibles, qu\u2019il a par ailleurs toujours combattues.<\/p>\n<p>Charlie Hebdo et ses journalistes et dessinateurs n\u2019ont jamais demand\u00e9 \u00e0 supprimer la parole des int\u00e9gristes de l\u2019espace m\u00e9diatique. C\u2019est au contraire un journal de d\u00e9bats, qui milite pour la confrontation des id\u00e9es sans tabou, et en toute clart\u00e9. Ce qui implique d\u2019inviter l\u2019extr\u00eame droite-religieuse ou politique dans les m\u00e9dias, en pr\u00e9sentant ces invit\u00e9s comme tels, et en apportant des contradicteurs. En aucun cas de les b\u00e2illonner, malgr\u00e9 ce que ces champions de la victimisation esp\u00e9reraient.<\/p>\n<p>Enfin, comment ne pas \u00e9voquer l\u2019hypocrisie de ces rh\u00e9toriques\u00a0? Si ces personnes invoquent la libert\u00e9 d\u2019expression pour d\u00e9fendre la diffusion des id\u00e9es anti-la\u00efques, elles ne peuvent donc pas rejeter les la\u00efcs qui utilisent \u00e9galement leur libert\u00e9 d\u2019expression \u00e0 juste titre pour critiquer ces id\u00e9es\u2026<br \/>\nCarla Parisi<\/p>\n<p>http:\/\/carla-parisi.blogspot.fr\/2015\/12\/a-propos-des-anti-laics-qui-invoquent.html<\/p>\n","protected":false},"excerpt":{"rendered":"<p>La manifestation historique en r\u00e9ponse aux attentats de Charlie Hebdo de janvier 2015, r\u00e9unissant plus de 4 millions de fran\u00e7ais dans la rue, a laiss\u00e9 amers certains \u00e9ternels adeptes du la\u00efcit\u00e9-bashing. Entendre des manifestants scander \u00ab\u00a0Je Suis Charlie\u00a0\u00bb, sentir cette compassion et ce soutien spontan\u00e9 et non-violent envers ces 12 personnes assassin\u00e9es de sang-froid a &hellip; <a href=\"https:\/\/prochoix.org\/?p=701\" class=\"more-link\">Continuer la lecture de <span class=\"screen-reader-text\">A propos des anti-la\u00efcs qui invoquent l\u2019esprit Charlie pour tenter ironiquement de d\u00e9cr\u00e9dibiliser les la\u00efcs :<\/span>  <span class=\"meta-nav\">&rarr;<\/span><\/a><\/p>\n","protected":false},"author":1,"featured_media":0,"comment_status":"open","ping_status":"open","sticky":false,"template":"","format":"standard","meta":{"footnotes":""},"categories":[17],"tags":[],"_links":{"self":[{"href":"https:\/\/prochoix.org\/index.php?rest_route=\/wp\/v2\/posts\/701"}],"collection":[{"href":"https:\/\/prochoix.org\/index.php?rest_route=\/wp\/v2\/posts"}],"about":[{"href":"https:\/\/prochoix.org\/index.php?rest_route=\/wp\/v2\/types\/post"}],"author":[{"embeddable":true,"href":"https:\/\/prochoix.org\/index.php?rest_route=\/wp\/v2\/users\/1"}],"replies":[{"embeddable":true,"href":"https:\/\/prochoix.org\/index.php?rest_route=%2Fwp%2Fv2%2Fcomments&post=701"}],"version-history":[{"count":1,"href":"https:\/\/prochoix.org\/index.php?rest_route=\/wp\/v2\/posts\/701\/revisions"}],"predecessor-version":[{"id":702,"href":"https:\/\/prochoix.org\/index.php?rest_route=\/wp\/v2\/posts\/701\/revisions\/702"}],"wp:attachment":[{"href":"https:\/\/prochoix.org\/index.php?rest_route=%2Fwp%2Fv2%2Fmedia&parent=701"}],"wp:term":[{"taxonomy":"category","embeddable":true,"href":"https:\/\/prochoix.org\/index.php?rest_route=%2Fwp%2Fv2%2Fcategories&post=701"},{"taxonomy":"post_tag","embeddable":true,"href":"https:\/\/prochoix.org\/index.php?rest_route=%2Fwp%2Fv2%2Ftags&post=701"}],"curies":[{"name":"wp","href":"https:\/\/api.w.org\/{rel}","templated":true}]}}