{"id":703,"date":"2015-12-15T13:08:23","date_gmt":"2015-12-15T12:08:23","guid":{"rendered":"http:\/\/www.prochoix.org\/wordpress\/?p=703"},"modified":"2016-01-30T11:05:12","modified_gmt":"2016-01-30T10:05:12","slug":"ensemble-lalibi-de-gauche-des-integristes","status":"publish","type":"post","link":"https:\/\/prochoix.org\/?p=703","title":{"rendered":"\u00ab Ensemble \u00bb : l&rsquo;alibi de gauche des int\u00e9gristes"},"content":{"rendered":"<p><a href=\"http:\/\/www.prochoix.org\/wordpress\/wp-content\/uploads\/2015\/12\/822653-3-marche-pour-la-dignite.jpg\"><img loading=\"lazy\" decoding=\"async\" class=\"alignnone size-full wp-image-706\" src=\"http:\/\/www.prochoix.org\/wordpress\/wp-content\/uploads\/2015\/12\/822653-3-marche-pour-la-dignite.jpg\" alt=\"822653-3-marche-pour-la-dignite\" width=\"1350\" height=\"899\" srcset=\"https:\/\/prochoix.org\/wp-content\/uploads\/2015\/12\/822653-3-marche-pour-la-dignite.jpg 1350w, https:\/\/prochoix.org\/wp-content\/uploads\/2015\/12\/822653-3-marche-pour-la-dignite-300x200.jpg 300w, https:\/\/prochoix.org\/wp-content\/uploads\/2015\/12\/822653-3-marche-pour-la-dignite-1024x682.jpg 1024w\" sizes=\"(max-width: 1350px) 100vw, 1350px\" \/><\/a><\/p>\n<p>Le courant \u00ab\u00a0Ensemble\u00a0\u00bb de Cl\u00e9mentine Autain ne comprend d\u00e9cid\u00e9ment rien \u00e0 l\u2019int\u00e9grisme. Entre les deux tours, il n\u2019a rien trouv\u00e9 de mieux que de relayer l\u2019annonce du <a href=\"http:\/\/www.ikhwan.whoswho\/blog\/archives\/9502\">meeting de Tariq Ramadan et ses amis<\/a>, \u00ab\u00a0Ni Charlie ni Paris\u00a0\u00bb, \u00e0 qui la mairie de Saint-Denis a pr\u00eat\u00e9 la salle pour d\u00e9noncer la politique antiterroriste du gouvernement.<\/p>\n<p><a href=\"http:\/\/www.prochoix.org\/wordpress\/wp-content\/uploads\/2015\/12\/akhimara1-745x450.jpg\"><img loading=\"lazy\" decoding=\"async\" class=\"alignnone  wp-image-705\" src=\"http:\/\/www.prochoix.org\/wordpress\/wp-content\/uploads\/2015\/12\/akhimara1-745x450.jpg\" alt=\"akhimara1-745x450\" width=\"480\" height=\"290\" srcset=\"https:\/\/prochoix.org\/wp-content\/uploads\/2015\/12\/akhimara1-745x450.jpg 745w, https:\/\/prochoix.org\/wp-content\/uploads\/2015\/12\/akhimara1-745x450-300x181.jpg 300w\" sizes=\"(max-width: 480px) 100vw, 480px\" \/><\/a><\/p>\n<p>Et cela n\u2019a rien d\u2019une premi\u00e8re.<\/p>\n<p>En 2004, Cl\u00e9mentine Autain avait sign\u00e9 l&rsquo;appel des Indig\u00e8nes de la R\u00e9publique, puis retir\u00e9 sa signature en d\u00e9couvrant celle de Tariq Ramadan. Sans comprendre que l&rsquo;ensemble du texte attaquait les f\u00e9ministes la\u00efques !<\/p>\n<p><a href=\"http:\/\/www.prochoix.org\/wordpress\/wp-content\/uploads\/2015\/12\/12345436_10153823492942360_3564252715545025904_n.jpg\"><img loading=\"lazy\" decoding=\"async\" class=\"  wp-image-713 aligncenter\" src=\"http:\/\/www.prochoix.org\/wordpress\/wp-content\/uploads\/2015\/12\/12345436_10153823492942360_3564252715545025904_n.jpg\" alt=\"12345436_10153823492942360_3564252715545025904_n\" width=\"319\" height=\"482\" srcset=\"https:\/\/prochoix.org\/wp-content\/uploads\/2015\/12\/12345436_10153823492942360_3564252715545025904_n.jpg 636w, https:\/\/prochoix.org\/wp-content\/uploads\/2015\/12\/12345436_10153823492942360_3564252715545025904_n-199x300.jpg 199w\" sizes=\"(max-width: 319px) 100vw, 319px\" \/><\/a><\/p>\n<p>Elle participe d&rsquo;ailleurs volontiers aux \u00ab\u00a0Y a bon Awards\u00a0\u00bb attaquant toute personne d\u00e9fendant la la\u00efcit\u00e9 comme raciste&#8230;<\/p>\n<p>Cl\u00e9mentine Autain et \u00ab\u00a0Ensemble\u00a0\u00bb ont \u00e9galement particip\u00e9 \u00e0 la Marche de la dignit\u00e9, organis\u00e9e par <a href=\"http:\/\/www.ikhwan.whoswho\/blog\/archives\/9247\">les r\u00e9seaux proches d\u2019Indig\u00e8nes de la R\u00e9publique<\/a>.<\/p>\n<p><a href=\"http:\/\/www.prochoix.org\/wordpress\/wp-content\/uploads\/2015\/12\/Capture-d\u2019\u00e9cran-2015-12-15-\u00e0-13.00.37.png\"><img loading=\"lazy\" decoding=\"async\" class=\"  wp-image-708 aligncenter\" src=\"http:\/\/www.prochoix.org\/wordpress\/wp-content\/uploads\/2015\/12\/Capture-d\u2019\u00e9cran-2015-12-15-\u00e0-13.00.37.png\" alt=\"Capture d\u2019\u00e9cran 2015-12-15 \u00e0 13.00.37\" width=\"426\" height=\"336\" srcset=\"https:\/\/prochoix.org\/wp-content\/uploads\/2015\/12\/Capture-d\u2019\u00e9cran-2015-12-15-\u00e0-13.00.37.png 918w, https:\/\/prochoix.org\/wp-content\/uploads\/2015\/12\/Capture-d\u2019\u00e9cran-2015-12-15-\u00e0-13.00.37-300x237.png 300w\" sizes=\"(max-width: 426px) 100vw, 426px\" \/><\/a><\/p>\n<p>Ensemble a \u00e9galement sign\u00e9 l&rsquo;appel du meeting du 6 mars 2015 d\u00e9non\u00e7ant \u00ab l\u2019islamophobie et le climat de guerre s\u00e9curitaire \u00bb apr\u00e8s les attentats de Charlie et de l&rsquo;Hyper Casher. En compagnie de l\u2019<a href=\"http:\/\/www.huffingtonpost.fr\/caroline-fourest\/l-uoif-nest-pas-l-islam-de-france_b_1414122.html\">UOIF<\/a> (\u00e0 qui Ensemble reproche simplement d&rsquo;\u00eatre contre le mariage pour tous !), mais aussi de Participation et Spiritualit\u00e9 musulmane, du CCIF, du Parti des Indig\u00e8nes de la R\u00e9publique, les Indivisibles, Oumma.com, et la Junta isl\u00e1mica&#8230;.<\/p>\n<p><a href=\"http:\/\/www.prochoix.org\/wordpress\/wp-content\/uploads\/2015\/12\/hqdefault-2.jpg\"><img loading=\"lazy\" decoding=\"async\" class=\"  wp-image-707 aligncenter\" src=\"http:\/\/www.prochoix.org\/wordpress\/wp-content\/uploads\/2015\/12\/hqdefault-2.jpg\" alt=\"hqdefault-2\" width=\"446\" height=\"334\" srcset=\"https:\/\/prochoix.org\/wp-content\/uploads\/2015\/12\/hqdefault-2.jpg 480w, https:\/\/prochoix.org\/wp-content\/uploads\/2015\/12\/hqdefault-2-300x225.jpg 300w\" sizes=\"(max-width: 446px) 100vw, 446px\" \/><\/a><\/p>\n<p>Le <a href=\"https:\/\/www.ensemble-fdg.org\/content\/meeting-du-6-mars-contre-lislamophobie-une-lutte-ne-fait-pas-oublier-les-autres\">communiqu\u00e9<\/a> d&rsquo;Ensemble est alors co-sign\u00e9 par Laurent L\u00e9vy&#8230; L\u2019un des animateurs d\u2019Ensemble et l\u2019un des plus farouches opposants \u00e0 la loi de mars 2004 sur les signes religieux \u00e0 l\u2019\u00e9cole publique. Ses deux filles,\u00a0militantes voil\u00e9es, Lila et Alma L\u00e9vy, ont\u00a0men\u00e9 campagne contre cette loi. Elles ont \u00e9crit un <a href=\"http:\/\/www.prochoix.org\/cgi\/blog\/index.php\/2004\/02\/20\/24-lila-et-alma-levy-reclament-le-droit-de-se-faire-lapider\">livre<\/a> o\u00f9 elles expliquent leur d\u00e9go\u00fbt des homosexuels ou encore d\u00e9fendu que la lapidation \u00e9tait un \u00ab\u00a0choix\u00a0\u00bb.<\/p>\n","protected":false},"excerpt":{"rendered":"<p>Le courant \u00ab\u00a0Ensemble\u00a0\u00bb de Cl\u00e9mentine Autain ne comprend d\u00e9cid\u00e9ment rien \u00e0 l\u2019int\u00e9grisme. Entre les deux tours, il n\u2019a rien trouv\u00e9 de mieux que de relayer l\u2019annonce du meeting de Tariq Ramadan et ses amis, \u00ab\u00a0Ni Charlie ni Paris\u00a0\u00bb, \u00e0 qui la mairie de Saint-Denis a pr\u00eat\u00e9 la salle pour d\u00e9noncer la politique antiterroriste du gouvernement. &hellip; <a href=\"https:\/\/prochoix.org\/?p=703\" class=\"more-link\">Continuer la lecture de <span class=\"screen-reader-text\">\u00ab Ensemble \u00bb : l&rsquo;alibi de gauche des int\u00e9gristes<\/span>  <span class=\"meta-nav\">&rarr;<\/span><\/a><\/p>\n","protected":false},"author":1,"featured_media":0,"comment_status":"open","ping_status":"open","sticky":false,"template":"","format":"standard","meta":{"footnotes":""},"categories":[17],"tags":[36,127,129,128],"_links":{"self":[{"href":"https:\/\/prochoix.org\/index.php?rest_route=\/wp\/v2\/posts\/703"}],"collection":[{"href":"https:\/\/prochoix.org\/index.php?rest_route=\/wp\/v2\/posts"}],"about":[{"href":"https:\/\/prochoix.org\/index.php?rest_route=\/wp\/v2\/types\/post"}],"author":[{"embeddable":true,"href":"https:\/\/prochoix.org\/index.php?rest_route=\/wp\/v2\/users\/1"}],"replies":[{"embeddable":true,"href":"https:\/\/prochoix.org\/index.php?rest_route=%2Fwp%2Fv2%2Fcomments&post=703"}],"version-history":[{"count":8,"href":"https:\/\/prochoix.org\/index.php?rest_route=\/wp\/v2\/posts\/703\/revisions"}],"predecessor-version":[{"id":822,"href":"https:\/\/prochoix.org\/index.php?rest_route=\/wp\/v2\/posts\/703\/revisions\/822"}],"wp:attachment":[{"href":"https:\/\/prochoix.org\/index.php?rest_route=%2Fwp%2Fv2%2Fmedia&parent=703"}],"wp:term":[{"taxonomy":"category","embeddable":true,"href":"https:\/\/prochoix.org\/index.php?rest_route=%2Fwp%2Fv2%2Fcategories&post=703"},{"taxonomy":"post_tag","embeddable":true,"href":"https:\/\/prochoix.org\/index.php?rest_route=%2Fwp%2Fv2%2Ftags&post=703"}],"curies":[{"name":"wp","href":"https:\/\/api.w.org\/{rel}","templated":true}]}}