{"id":716,"date":"2016-01-12T12:08:36","date_gmt":"2016-01-12T11:08:36","guid":{"rendered":"http:\/\/www.prochoix.org\/wordpress\/?p=716"},"modified":"2016-01-30T12:44:50","modified_gmt":"2016-01-30T11:44:50","slug":"petition-pour-un-veritable-observatoire-de-la-laicite","status":"publish","type":"post","link":"https:\/\/prochoix.org\/?p=716","title":{"rendered":"P\u00e9tition pour un v\u00e9ritable Observatoire de la la\u00efcit\u00e9"},"content":{"rendered":"<p><a href=\"http:\/\/www.prochoix.org\/wordpress\/wp-content\/uploads\/2016\/01\/bianco.png\"><img loading=\"lazy\" decoding=\"async\" class=\"alignnone size-full wp-image-722\" src=\"http:\/\/www.prochoix.org\/wordpress\/wp-content\/uploads\/2016\/01\/bianco.png\" alt=\"bianco\" width=\"661\" height=\"372\" srcset=\"https:\/\/prochoix.org\/wp-content\/uploads\/2016\/01\/bianco.png 661w, https:\/\/prochoix.org\/wp-content\/uploads\/2016\/01\/bianco-300x169.png 300w\" sizes=\"(max-width: 661px) 100vw, 661px\" \/><\/a><\/p>\n<p class=\"\"><span class=\"\"><b>(P\u00e9tition sur Change.Org)<\/b><\/span><\/p>\n<p class=\"\"><span class=\"\"><b>M. Jean-Louis Bianco doit d\u00e9missionner de la pr\u00e9sidence de l&rsquo;Observatoire national de la la\u00efcit\u00e9<\/b><\/span><\/p>\n<p class=\"\">Depuis sa cr\u00e9ation, l&rsquo;Observatoire national de la la\u00efcit\u00e9, sous l&rsquo;impulsion de son pr\u00e9sident, M. Jean-Louis Bianco, n&rsquo;a cess\u00e9 de privil\u00e9gier les accommodements irraisonnables et le repli communautariste au d\u00e9triment de la v\u00e9ritable R\u00e9publique diverse et m\u00e9tiss\u00e9e que dessinent la loi de 1905 et l&rsquo;application stricte des lois de 2004 sur le port des signes religieux ostentatoires \u00e0 l&rsquo;\u00e9cole et de 2010 interdisant la dissimulation du visage dans l&rsquo;espace public.<\/p>\n<p class=\"\"><span class=\"\">La loi du 15 mars 2004, par exemple, contrairement \u00e0 ce que pr\u00e9tendent les islamistes dans leur propagande, a eu des r\u00e9sultats positifs, prot\u00e9geant nombre de jeunes filles de cette atteinte \u00e0 leur \u00e9mancipation et d\u00e9livrant nombre de directeurs d\u2019\u00e9tablissement de probl\u00e9matiques insolubles. Autrement dit, les conditions d\u2019une \u00e9ducation la\u00efque et r\u00e9publicaine pour l\u2019ensemble des jeunes citoyens ont \u00e9t\u00e9 assur\u00e9es. Et c\u2019est ce que s\u2019emploient \u00e0 remettre en cause des associations li\u00e9es aux Fr\u00e8res musulmans. Or, M. Bianco a ni\u00e9 ce probl\u00e8me dans Le Monde des Religions, le 12 mai 2014.<\/span><\/p>\n<p class=\"\"><span class=\"\">Quelques semaines plut\u00f4t, le 3 f\u00e9vrier 2014, dans une interview donn\u00e9e \u00e0 Mediapart, dont on conna\u00eet la croisade antila\u00efque, M. Bianco affirmait, avec tout l\u2019aplomb et l\u2019autorit\u00e9 de sa charge : \u00ab La France n\u2019a pas de probl\u00e8me avec sa la\u00efcit\u00e9 \u00bb.<\/span><\/p>\n<p class=\"\"><span class=\"\">Pire encore, le 15 novembre 2015, alors que notre Nation \u00e9tait sous le choc des attentats sanglants dont ses enfants ont fait l\u2019objet de la part de barbares se r\u00e9clamant de l\u2019islam le plus fondamentaliste et le plus belliqueux, il a cosign\u00e9 une tribune, \u00ab Nous sommes unis \u00bb, avec une partie du gratin de l\u2019islam politique en France, au nombre duquel Samy Debah et Yasser Louati, respectivement directeur et porte-parole du Collectif contre l\u2019islamophobie en France (CCIF), association dont le but avou\u00e9 est de faire abroger ces lois. Parmi les signataires se trouve aussi la pr\u00e9sidente de l&rsquo;association interconfessionnelle Coexister, Radia Bakkouch, qui voudrait remplacer la neutralit\u00e9 la\u00efque de l&rsquo;espace public par la coexistence des religions. Nabil Ennasri, Fr\u00e8re musulman lui aussi, factotum du Qatar en France &#8211; doit-on rappeler d\u2019o\u00f9 proviennent les financements des djihadistes ? &#8211; est \u00e9galement signataire. Enfin, le rappeur M\u00e9dine, triste auteur de la chanson \u00ab Don\u2019t la\u00efk \u00bb, qui appelle \u00e0 la crucifixion des \u00ab la\u00efcards \u00bb et \u00e0 l\u2019application de la charia, figure parmi les premiers signataires de cette tribune. Comment la France peut-elle accepter que les responsables de l\u2019Observatoire national de la la\u00efcit\u00e9 collaborent avec les repr\u00e9sentants les plus virulents de l\u2019islam politique ?<\/span><\/p>\n<p class=\"\"><span class=\"\">Alors que 8 Fran\u00e7ais sur 10 jugent que la la\u00efcit\u00e9 est en danger (sondage IFOP pour le Comit\u00e9 national d\u2019action la\u00efque, ant\u00e9rieur au 13 novembre 2015), M. Bianco ne trouve rien de mieux \u00e0 faire que d&rsquo;entretenir cette confusion que portent les th\u00e8ses d&rsquo;une partie de la gauche victimaire ou client\u00e9liste associ\u00e9e \u00e0 des islamistes notoires parfaitement antir\u00e9publicains, quand ils ne sont pas ouvertement en guerre contre le gouvernement, contre les Institutions, contre la France.<\/span><\/p>\n<p class=\"\">Les positions de M. Bianco, affirm\u00e9es sans discontinuer depuis des ann\u00e9es et qu&rsquo;ont d\u00e9nonc\u00e9es \u00e0 plusieurs reprises des membres m\u00eames de l&rsquo;Observatoire (Jean Glavany, Fran\u00e7oise Laborde, Patrick Kessel, par exemple dans leur communiqu\u00e9 de presse commun du 15 janvier 2015), le disqualifient. \u00c0 l\u2019heure o\u00f9 notre pays subit de nouvelles menaces d\u2019attentats et d\u2019assassinats pr\u00e9cis\u00e9ment contre l\u2019\u00e9cole et les militants la\u00efques, il n&rsquo;est plus possible que la la\u00efcit\u00e9 soit repr\u00e9sent\u00e9e et \u00ab\u00a0d\u00e9fendue\u00a0\u00bb en France par M. Bianco, l&rsquo;un de ses contempteurs.<\/p>\n<p class=\"\"><span class=\"\">En cons\u00e9quence, les signataires demandent qu\u2019il soit mis fin aux fonctions de M. Bianco \u00e0 la t\u00eate de l\u2019Observatoire national de la la\u00efcit\u00e9, ainsi qu\u2019\u00e0 celles de son d\u00e9l\u00e9gu\u00e9 g\u00e9n\u00e9ral M. Cad\u00e8ne, pour qu\u2019ils soient remplac\u00e9s par des personnalit\u00e9s dont la pr\u00e9occupation r\u00e9elle sera bien l\u2019affirmation d\u2019une la\u00efcit\u00e9 dynamique et int\u00e9gratrice, plut\u00f4t que la crainte paralysante d\u2019un amalgame que la population fran\u00e7aise dans son immense majorit\u00e9 ne pratique pas et la propagation d\u2019une la\u00efcit\u00e9 de compromission, dont elle ne veut pas.<\/span><\/p>\n<p class=\"\"><strong>Laurence Marchand-Taillade, pr\u00e9sidente de l&rsquo;Observatoire de la la\u00efcit\u00e9 du Val d&rsquo;Oise, et Mohamed Sifaoui<\/strong><\/p>\n<p class=\"\"><a href=\"https:\/\/www.change.org\/p\/manuel-valls-m-jl-bianco-doit-d\u00e9missionner-de-la-pr\u00e9sidence-de-l-observatoire-national-de-la-la\u00efcit\u00e9\">Pour signer la p\u00e9tition<\/a><\/p>\n<p class=\"\"><a href=\"http:\/\/www.conspiracywatch.info\/L-islamophobie-partout_a1317.html\">Pour comprendre qui est le CCIF<\/a><\/p>\n<p class=\"\"><a href=\"http:\/\/www.prochoix.org\/wordpress\/wp-content\/uploads\/2016\/01\/cadene-ccif.png\"><img loading=\"lazy\" decoding=\"async\" class=\"  wp-image-719 aligncenter\" src=\"http:\/\/www.prochoix.org\/wordpress\/wp-content\/uploads\/2016\/01\/cadene-ccif.png\" alt=\"cadene-ccif\" width=\"261\" height=\"377\" srcset=\"https:\/\/prochoix.org\/wp-content\/uploads\/2016\/01\/cadene-ccif.png 631w, https:\/\/prochoix.org\/wp-content\/uploads\/2016\/01\/cadene-ccif-208x300.png 208w\" sizes=\"(max-width: 261px) 100vw, 261px\" \/><\/a><a href=\"http:\/\/www.prochoix.org\/wordpress\/wp-content\/uploads\/2016\/01\/IMG_8204.jpg\"><img loading=\"lazy\" decoding=\"async\" class=\"  wp-image-718 aligncenter\" src=\"http:\/\/www.prochoix.org\/wordpress\/wp-content\/uploads\/2016\/01\/IMG_8204.jpg\" alt=\"IMG_8204\" width=\"310\" height=\"550\" srcset=\"https:\/\/prochoix.org\/wp-content\/uploads\/2016\/01\/IMG_8204.jpg 640w, https:\/\/prochoix.org\/wp-content\/uploads\/2016\/01\/IMG_8204-169x300.jpg 169w, https:\/\/prochoix.org\/wp-content\/uploads\/2016\/01\/IMG_8204-577x1024.jpg 577w\" sizes=\"(max-width: 310px) 100vw, 310px\" \/><\/a><\/p>\n<p class=\"\"><a href=\"http:\/\/www.prochoix.org\/wordpress\/wp-content\/uploads\/2016\/01\/caden-badinter.png\"><img loading=\"lazy\" decoding=\"async\" class=\"  wp-image-720 aligncenter\" src=\"http:\/\/www.prochoix.org\/wordpress\/wp-content\/uploads\/2016\/01\/caden-badinter.png\" alt=\"caden-badinter\" width=\"373\" height=\"286\" srcset=\"https:\/\/prochoix.org\/wp-content\/uploads\/2016\/01\/caden-badinter.png 638w, https:\/\/prochoix.org\/wp-content\/uploads\/2016\/01\/caden-badinter-300x229.png 300w\" sizes=\"(max-width: 373px) 100vw, 373px\" \/><\/a><\/p>\n<p class=\"\"><a href=\"http:\/\/www.prochoix.org\/wordpress\/wp-content\/uploads\/2016\/01\/Capture-d\u2019\u00e9cran-2016-01-12-\u00e0-12.03.45.png\"><img loading=\"lazy\" decoding=\"async\" class=\"  wp-image-721 aligncenter\" src=\"http:\/\/www.prochoix.org\/wordpress\/wp-content\/uploads\/2016\/01\/Capture-d\u2019\u00e9cran-2016-01-12-\u00e0-12.03.45.png\" alt=\"Capture d\u2019\u00e9cran 2016-01-12 \u00e0 12.03.45\" width=\"384\" height=\"140\" srcset=\"https:\/\/prochoix.org\/wp-content\/uploads\/2016\/01\/Capture-d\u2019\u00e9cran-2016-01-12-\u00e0-12.03.45.png 634w, https:\/\/prochoix.org\/wp-content\/uploads\/2016\/01\/Capture-d\u2019\u00e9cran-2016-01-12-\u00e0-12.03.45-300x109.png 300w\" sizes=\"(max-width: 384px) 100vw, 384px\" \/><\/a><\/p>\n<p class=\"\"><strong>Autre initiative, venant de membres de l&rsquo;Observatoire<\/strong><\/p>\n<p class=\"\">Le 11 janvier 2016<br \/>\n<strong>Communiqu\u00e9 de Jean GLAVANY, Patrick KESSEL, Fran\u00e7oise LABORDE<\/strong><\/p>\n<p class=\"\">\u00ab La r\u00e9action du Rapporteur G\u00e9n\u00e9ral de l\u2019Observatoire de la La\u00efcit\u00e9, par Twitter, \u00e0 l\u2019interview sur France Inter de Elisabeth Badinter le 6 janvier dernier est \u00e0 la fois d\u00e9risoire, risible et inacceptable.<br \/>\nD\u00e9risoire et risible car le travail de ce Monsieur en mati\u00e8re de La\u00efcit\u00e9, n\u2019arrivera jamais \u00e0 la cheville de celui d\u2019Elisabeth Badinter. Un petit Monsieur qui s\u2019attaque \u00e0 une grande dame, c\u2019est d\u00e9risoire et risible.<br \/>\nMais c\u2019est aussi inacceptable car ce Monsieur est un fonctionnaire, pay\u00e9 par l\u2019argent des contribuables et tenu au devoir de r\u00e9serve. Ses propos sur une intellectuelle engag\u00e9e, respectable et estimable ne sont en rien acceptables.<br \/>\nC\u2019est pourquoi, nous d\u00e9cidons de suspendre notre participation aux travaux de l\u2019Observatoire de la La\u00efcit\u00e9 tant que le Rapporteur G\u00e9n\u00e9ral ne se sera pas excus\u00e9 ou qu\u2019il n\u2019aura pas \u00e9t\u00e9 d\u00e9savou\u00e9.<\/p>\n<p class=\"\"><em>Jean Glavany, Patrick Kessel, Fran\u00e7oise Laborde<\/em><\/p>\n","protected":false},"excerpt":{"rendered":"<p>(P\u00e9tition sur Change.Org) M. Jean-Louis Bianco doit d\u00e9missionner de la pr\u00e9sidence de l&rsquo;Observatoire national de la la\u00efcit\u00e9 Depuis sa cr\u00e9ation, l&rsquo;Observatoire national de la la\u00efcit\u00e9, sous l&rsquo;impulsion de son pr\u00e9sident, M. Jean-Louis Bianco, n&rsquo;a cess\u00e9 de privil\u00e9gier les accommodements irraisonnables et le repli communautariste au d\u00e9triment de la v\u00e9ritable R\u00e9publique diverse et m\u00e9tiss\u00e9e que dessinent &hellip; <a href=\"https:\/\/prochoix.org\/?p=716\" class=\"more-link\">Continuer la lecture de <span class=\"screen-reader-text\">P\u00e9tition pour un v\u00e9ritable Observatoire de la la\u00efcit\u00e9<\/span>  <span class=\"meta-nav\">&rarr;<\/span><\/a><\/p>\n","protected":false},"author":1,"featured_media":0,"comment_status":"open","ping_status":"open","sticky":false,"template":"","format":"standard","meta":{"footnotes":""},"categories":[17],"tags":[130,131,106,132],"_links":{"self":[{"href":"https:\/\/prochoix.org\/index.php?rest_route=\/wp\/v2\/posts\/716"}],"collection":[{"href":"https:\/\/prochoix.org\/index.php?rest_route=\/wp\/v2\/posts"}],"about":[{"href":"https:\/\/prochoix.org\/index.php?rest_route=\/wp\/v2\/types\/post"}],"author":[{"embeddable":true,"href":"https:\/\/prochoix.org\/index.php?rest_route=\/wp\/v2\/users\/1"}],"replies":[{"embeddable":true,"href":"https:\/\/prochoix.org\/index.php?rest_route=%2Fwp%2Fv2%2Fcomments&post=716"}],"version-history":[{"count":7,"href":"https:\/\/prochoix.org\/index.php?rest_route=\/wp\/v2\/posts\/716\/revisions"}],"predecessor-version":[{"id":839,"href":"https:\/\/prochoix.org\/index.php?rest_route=\/wp\/v2\/posts\/716\/revisions\/839"}],"wp:attachment":[{"href":"https:\/\/prochoix.org\/index.php?rest_route=%2Fwp%2Fv2%2Fmedia&parent=716"}],"wp:term":[{"taxonomy":"category","embeddable":true,"href":"https:\/\/prochoix.org\/index.php?rest_route=%2Fwp%2Fv2%2Fcategories&post=716"},{"taxonomy":"post_tag","embeddable":true,"href":"https:\/\/prochoix.org\/index.php?rest_route=%2Fwp%2Fv2%2Ftags&post=716"}],"curies":[{"name":"wp","href":"https:\/\/api.w.org\/{rel}","templated":true}]}}