{"id":740,"date":"2016-01-17T12:38:25","date_gmt":"2016-01-17T11:38:25","guid":{"rendered":"http:\/\/www.prochoix.org\/wordpress\/?p=740"},"modified":"2016-01-31T09:26:01","modified_gmt":"2016-01-31T08:26:01","slug":"coexister-lassociation-qui-influence-mal-lobservatoire-de-la-laicite","status":"publish","type":"post","link":"https:\/\/prochoix.org\/?p=740","title":{"rendered":"\u00ab\u00a0Coexister\u00a0\u00bb : l&rsquo;association qui influence (mal) l&rsquo;Observatoire de la la\u00efcit\u00e9"},"content":{"rendered":"<p><a href=\"http:\/\/www.prochoix.org\/wordpress\/wp-content\/uploads\/2016\/01\/Coexister.png\"><img loading=\"lazy\" decoding=\"async\" class=\" size-full wp-image-743 aligncenter\" src=\"http:\/\/www.prochoix.org\/wordpress\/wp-content\/uploads\/2016\/01\/Coexister.png\" alt=\"Coexister\" width=\"960\" height=\"250\" srcset=\"https:\/\/prochoix.org\/wp-content\/uploads\/2016\/01\/Coexister.png 960w, https:\/\/prochoix.org\/wp-content\/uploads\/2016\/01\/Coexister-300x78.png 300w\" sizes=\"(max-width: 960px) 100vw, 960px\" \/><\/a><\/p>\n<p><a href=\"http:\/\/www.prochoix.org\/wordpress\/wp-content\/uploads\/2016\/01\/Capture-d\u2019\u00e9cran-2016-01-17-\u00e0-12.15.25.png\"><img loading=\"lazy\" decoding=\"async\" class=\" size-full wp-image-745 aligncenter\" src=\"http:\/\/www.prochoix.org\/wordpress\/wp-content\/uploads\/2016\/01\/Capture-d\u2019\u00e9cran-2016-01-17-\u00e0-12.15.25.png\" alt=\"Capture d\u2019\u00e9cran 2016-01-17 \u00e0 12.15.25\" width=\"625\" height=\"358\" srcset=\"https:\/\/prochoix.org\/wp-content\/uploads\/2016\/01\/Capture-d\u2019\u00e9cran-2016-01-17-\u00e0-12.15.25.png 625w, https:\/\/prochoix.org\/wp-content\/uploads\/2016\/01\/Capture-d\u2019\u00e9cran-2016-01-17-\u00e0-12.15.25-300x172.png 300w\" sizes=\"(max-width: 625px) 100vw, 625px\" \/><\/a><\/p>\n<p>De nombreux la\u00efques reprochent \u00e0 l&rsquo;Observatoire de la la\u00efcit\u00e9 de Jean-Louis Bianco et Nicolas Cad\u00e8ne d&rsquo;avoir presque syst\u00e9matiquement choisi de d\u00e9fendre une approche relevant de\u00a0l&rsquo;oecum\u00e9nisme ang\u00e9lique (r\u00f4le que devraient tenir plut\u00f4t les leaders religieux)\u00a0au lieu de d\u00e9fendre la la\u00efcit\u00e9 contre ceux qui la d\u00e9forment ou la mettent en danger.<\/p>\n<p>Cette approche est li\u00e9e \u00e0 la philosophie m\u00eame de ses animateurs mais aussi \u00e0 l&rsquo;influence, de plus en plus visible, de l&rsquo;association \u00ab\u00a0Coexister\u00a0\u00bb.<\/p>\n<p>Cr\u00e9\u00e9 sous les auspices d&rsquo;un\u00a0journaliste de La Vie, proche de l&rsquo;Eglise catholique, l&rsquo;organisation part de bons sentiments : \u00ab\u00a0militer pour le vivre ensemble entre les trois grandes religions monoth\u00e9istes.\u00a0\u00bb Elle fait, de ce point de vue, un bon travail de terrain en faveur du dialogue inter-religieux. Y compris en allant dialoguer ou faire dialoguer des jeunes ou des militants qui peuvent aller de la Manif pour tous aux militants proches des Fr\u00e8res musulmans&#8230;<\/p>\n<p>C&rsquo;est ainsi que, juste apr\u00e8s le 13 novembre,\u00a0l&rsquo;Observatoire de la la\u00efcit\u00e9 s&rsquo;est retrouv\u00e9 \u00e0\u00a0partager des intiatives avec le rappeur M\u00e9dine (qui veut \u00ab\u00a0crucifier les la\u00efques\u00a0\u00bb dans ses chansons) ou encore le CCIF (Collectif contre l&rsquo;islamophobie&#8230; qu&rsquo;il voit dans toute d\u00e9fense de la la\u00efcit\u00e9). \u00a0Une gaffe\u00a0typique de l&rsquo;esprit\u00a0\u00ab\u00a0Coexister\u00a0\u00bb.<\/p>\n<p><a href=\"http:\/\/www.prochoix.org\/wordpress\/wp-content\/uploads\/2016\/01\/CT8gyKQWsAAXLA0.jpg\"><img loading=\"lazy\" decoding=\"async\" class=\"  wp-image-748 aligncenter\" src=\"http:\/\/www.prochoix.org\/wordpress\/wp-content\/uploads\/2016\/01\/CT8gyKQWsAAXLA0.jpg\" alt=\"CT8gyKQWsAAXLA0\" width=\"394\" height=\"295\" srcset=\"https:\/\/prochoix.org\/wp-content\/uploads\/2016\/01\/CT8gyKQWsAAXLA0.jpg 600w, https:\/\/prochoix.org\/wp-content\/uploads\/2016\/01\/CT8gyKQWsAAXLA0-300x225.jpg 300w\" sizes=\"(max-width: 394px) 100vw, 394px\" \/><\/a><\/p>\n<p><a href=\"http:\/\/www.prochoix.org\/wordpress\/wp-content\/uploads\/2016\/01\/noussommes-unis.png\"><img loading=\"lazy\" decoding=\"async\" class=\"  wp-image-750 aligncenter\" src=\"http:\/\/www.prochoix.org\/wordpress\/wp-content\/uploads\/2016\/01\/noussommes-unis.png\" alt=\"#noussommes-unis\" width=\"389\" height=\"512\" srcset=\"https:\/\/prochoix.org\/wp-content\/uploads\/2016\/01\/noussommes-unis.png 638w, https:\/\/prochoix.org\/wp-content\/uploads\/2016\/01\/noussommes-unis-228x300.png 228w\" sizes=\"(max-width: 389px) 100vw, 389px\" \/><\/a><\/p>\n<p>Est-ce la mission de l&rsquo;Observatoire de la la\u00efcit\u00e9 ?\u00a0C&rsquo;est l\u00e0 o\u00f9 les avis divergent . \u00a0L&rsquo;association <em>Coexister<\/em> dit d\u00e9fendre la \u00ab\u00a0neutralit\u00e9 de \u00a0l&rsquo;Etat\u00a0\u00bb en mati\u00e8re de la la\u00efcit\u00e9, mais \u00ab\u00a0neutre\u00a0\u00bb jusqu&rsquo;\u00e0 quel point ? Jusqu&rsquo;\u00e0 n&rsquo;avoir rien \u00e0 dire quand des croyants\u00a0affirment leur foi au d\u00e9triment d&rsquo;autres principes ? Jusqu&rsquo;\u00e0 collaborer avec ceux qui traitent d\u00a0\u00bbislamophobes\u00a0\u00bb ceux qui d\u00e9fendent la loi de mars 2004 ou l&rsquo;Etat quand il lutte contre le terrorisme ? Jusqu&rsquo;\u00e0 ne pas enseigner une \u00ab\u00a0morale la\u00efque\u00a0\u00bb qui puisse \u00e9ventuellement contredire les dogmes religieux ou certaines croyances ?<\/p>\n<p><strong>Pas de sup\u00e9riorit\u00e9 des sciences sur les croyances \u00e0 l&rsquo;\u00e9cole ?<\/strong><\/p>\n<p>C&rsquo;est ce qu&rsquo;il faut peut-\u00eatre comprendre en lisant ce tweet de <strong>Samuel Grzybowski<\/strong>, l&rsquo;un des animateurs de Coexister. Il semble laisser penser que l&rsquo;\u00e9cole n&rsquo;a pas \u00e0 enseigner la sup\u00e9riorit\u00e9 des sciences sur les croyances&#8230; Et donc, par exemple, la th\u00e9orie de l&rsquo;\u00e9volution\u00a0comme \u00e9tant sup\u00e9rieure (car scientifique) aux croyances\u00a0cr\u00e9ationnistes.<\/p>\n<p><a href=\"http:\/\/www.prochoix.org\/wordpress\/wp-content\/uploads\/2016\/01\/Capture-d\u2019\u00e9cran-2016-01-17-\u00e0-12.06.34.png\"><img loading=\"lazy\" decoding=\"async\" class=\" size-full wp-image-742 aligncenter\" src=\"http:\/\/www.prochoix.org\/wordpress\/wp-content\/uploads\/2016\/01\/Capture-d\u2019\u00e9cran-2016-01-17-\u00e0-12.06.34.png\" alt=\"Capture d\u2019\u00e9cran 2016-01-17 \u00e0 12.06.34\" width=\"633\" height=\"605\" srcset=\"https:\/\/prochoix.org\/wp-content\/uploads\/2016\/01\/Capture-d\u2019\u00e9cran-2016-01-17-\u00e0-12.06.34.png 633w, https:\/\/prochoix.org\/wp-content\/uploads\/2016\/01\/Capture-d\u2019\u00e9cran-2016-01-17-\u00e0-12.06.34-300x287.png 300w\" sizes=\"(max-width: 633px) 100vw, 633px\" \/><\/a><\/p>\n<p>Voil\u00e0 qui interroge quand on sait que l&rsquo;Education \u00a0nationale n&rsquo;a pas toujours \u00e9t\u00e9\u00a0maladroite sur ce point et qui chagrine quand on apprend que L&rsquo;Observatoire de la la\u00efcit\u00e9 a co-\u00e9crit l&rsquo;ouvrage\u00a0<em>L&rsquo;apr\u00e8s\u00a0Charli<\/em>e en partenariat avec&#8230; \u00ab\u00a0Coexister\u00a0\u00bb. \u00a0Ce qui rel\u00e8ve de l&rsquo;ambition p\u00e9dagogique \u00a0minimum.<\/p>\n<p><a href=\"http:\/\/www.prochoix.org\/wordpress\/wp-content\/uploads\/2016\/01\/Capture-d\u2019\u00e9cran-2016-01-17-\u00e0-12.17.04.png\"><img loading=\"lazy\" decoding=\"async\" class=\" size-full wp-image-744 aligncenter\" src=\"http:\/\/www.prochoix.org\/wordpress\/wp-content\/uploads\/2016\/01\/Capture-d\u2019\u00e9cran-2016-01-17-\u00e0-12.17.04.png\" alt=\"Capture d\u2019\u00e9cran 2016-01-17 \u00e0 12.17.04\" width=\"689\" height=\"435\" srcset=\"https:\/\/prochoix.org\/wp-content\/uploads\/2016\/01\/Capture-d\u2019\u00e9cran-2016-01-17-\u00e0-12.17.04.png 689w, https:\/\/prochoix.org\/wp-content\/uploads\/2016\/01\/Capture-d\u2019\u00e9cran-2016-01-17-\u00e0-12.17.04-300x189.png 300w\" sizes=\"(max-width: 689px) 100vw, 689px\" \/><\/a><a href=\"http:\/\/www.prochoix.org\/wordpress\/wp-content\/uploads\/2016\/01\/img_3553_jean_louis_bianco-5a34c.jpg\"><img loading=\"lazy\" decoding=\"async\" class=\" size-full wp-image-746 aligncenter\" src=\"http:\/\/www.prochoix.org\/wordpress\/wp-content\/uploads\/2016\/01\/img_3553_jean_louis_bianco-5a34c.jpg\" alt=\"img_3553_jean_louis_bianco-5a34c\" width=\"550\" height=\"367\" srcset=\"https:\/\/prochoix.org\/wp-content\/uploads\/2016\/01\/img_3553_jean_louis_bianco-5a34c.jpg 550w, https:\/\/prochoix.org\/wp-content\/uploads\/2016\/01\/img_3553_jean_louis_bianco-5a34c-300x200.jpg 300w\" sizes=\"(max-width: 550px) 100vw, 550px\" \/><\/a><\/p>\n<p>Heureusement, le minist\u00e8re de l&rsquo;Education nationale a aussi engag\u00e9 d&rsquo;autres projets, comme avec l&rsquo;association \u00ab\u00a0Dessinez, cr\u00e9ez, libert\u00e9\u00a0\u00bb (plus ambitieuse et plus proche de l&rsquo;esprit Charlie).<\/p>\n<p>En revanche, l&rsquo;Observatoire de la la\u00efcit\u00e9, lui, gagnerait \u00e0 s&rsquo;occuper vraiment de d\u00e9fendre la la\u00efcit\u00e9&#8230; Au lieu de\u00a0se contenter\u00a0de \u00ab\u00a0Coexister\u00a0\u00bb avec ses adversaires.<\/p>\n<p><a href=\"http:\/\/www.prochoix.org\/wordpress\/wp-content\/uploads\/2016\/01\/Capture-d\u2019\u00e9cran-2016-01-31-\u00e0-09.22.32.png\"><img loading=\"lazy\" decoding=\"async\" class=\"alignnone size-full wp-image-843\" src=\"http:\/\/www.prochoix.org\/wordpress\/wp-content\/uploads\/2016\/01\/Capture-d\u2019\u00e9cran-2016-01-31-\u00e0-09.22.32.png\" alt=\"Capture d\u2019\u00e9cran 2016-01-31 \u00e0 09.22.32\" width=\"639\" height=\"675\" srcset=\"https:\/\/prochoix.org\/wp-content\/uploads\/2016\/01\/Capture-d\u2019\u00e9cran-2016-01-31-\u00e0-09.22.32.png 639w, https:\/\/prochoix.org\/wp-content\/uploads\/2016\/01\/Capture-d\u2019\u00e9cran-2016-01-31-\u00e0-09.22.32-284x300.png 284w\" sizes=\"(max-width: 639px) 100vw, 639px\" \/><\/a><\/p>\n","protected":false},"excerpt":{"rendered":"<p>De nombreux la\u00efques reprochent \u00e0 l&rsquo;Observatoire de la la\u00efcit\u00e9 de Jean-Louis Bianco et Nicolas Cad\u00e8ne d&rsquo;avoir presque syst\u00e9matiquement choisi de d\u00e9fendre une approche relevant de\u00a0l&rsquo;oecum\u00e9nisme ang\u00e9lique (r\u00f4le que devraient tenir plut\u00f4t les leaders religieux)\u00a0au lieu de d\u00e9fendre la la\u00efcit\u00e9 contre ceux qui la d\u00e9forment ou la mettent en danger. Cette approche est li\u00e9e \u00e0 la &hellip; <a href=\"https:\/\/prochoix.org\/?p=740\" class=\"more-link\">Continuer la lecture de <span class=\"screen-reader-text\">\u00ab\u00a0Coexister\u00a0\u00bb : l&rsquo;association qui influence (mal) l&rsquo;Observatoire de la la\u00efcit\u00e9<\/span>  <span class=\"meta-nav\">&rarr;<\/span><\/a><\/p>\n","protected":false},"author":1,"featured_media":0,"comment_status":"closed","ping_status":"open","sticky":false,"template":"","format":"standard","meta":{"footnotes":""},"categories":[17],"tags":[],"_links":{"self":[{"href":"https:\/\/prochoix.org\/index.php?rest_route=\/wp\/v2\/posts\/740"}],"collection":[{"href":"https:\/\/prochoix.org\/index.php?rest_route=\/wp\/v2\/posts"}],"about":[{"href":"https:\/\/prochoix.org\/index.php?rest_route=\/wp\/v2\/types\/post"}],"author":[{"embeddable":true,"href":"https:\/\/prochoix.org\/index.php?rest_route=\/wp\/v2\/users\/1"}],"replies":[{"embeddable":true,"href":"https:\/\/prochoix.org\/index.php?rest_route=%2Fwp%2Fv2%2Fcomments&post=740"}],"version-history":[{"count":8,"href":"https:\/\/prochoix.org\/index.php?rest_route=\/wp\/v2\/posts\/740\/revisions"}],"predecessor-version":[{"id":844,"href":"https:\/\/prochoix.org\/index.php?rest_route=\/wp\/v2\/posts\/740\/revisions\/844"}],"wp:attachment":[{"href":"https:\/\/prochoix.org\/index.php?rest_route=%2Fwp%2Fv2%2Fmedia&parent=740"}],"wp:term":[{"taxonomy":"category","embeddable":true,"href":"https:\/\/prochoix.org\/index.php?rest_route=%2Fwp%2Fv2%2Fcategories&post=740"},{"taxonomy":"post_tag","embeddable":true,"href":"https:\/\/prochoix.org\/index.php?rest_route=%2Fwp%2Fv2%2Ftags&post=740"}],"curies":[{"name":"wp","href":"https:\/\/api.w.org\/{rel}","templated":true}]}}