{"id":758,"date":"2016-01-27T10:43:29","date_gmt":"2016-01-27T09:43:29","guid":{"rendered":"http:\/\/www.prochoix.org\/wordpress\/?p=758"},"modified":"2016-02-19T19:17:44","modified_gmt":"2016-02-19T18:17:44","slug":"ces-chercheurs-fort-peu-laiques-qui-soutiennent-jean-louis-bianco","status":"publish","type":"post","link":"https:\/\/prochoix.org\/?p=758","title":{"rendered":"Ces chercheurs fort peu la\u00efques qui soutiennent Jean-Louis Bianco"},"content":{"rendered":"<p><strong><a href=\"http:\/\/www.prochoix.org\/wordpress\/wp-content\/uploads\/2016\/01\/XVM33b595ba-c01a-11e5-b21a-aecb1c98c62d.jpg\"><img loading=\"lazy\" decoding=\"async\" class=\"alignnone size-full wp-image-764\" src=\"http:\/\/www.prochoix.org\/wordpress\/wp-content\/uploads\/2016\/01\/XVM33b595ba-c01a-11e5-b21a-aecb1c98c62d.jpg\" alt=\"XVM33b595ba-c01a-11e5-b21a-aecb1c98c62d\" width=\"805\" height=\"453\" srcset=\"https:\/\/prochoix.org\/wp-content\/uploads\/2016\/01\/XVM33b595ba-c01a-11e5-b21a-aecb1c98c62d.jpg 805w, https:\/\/prochoix.org\/wp-content\/uploads\/2016\/01\/XVM33b595ba-c01a-11e5-b21a-aecb1c98c62d-300x169.jpg 300w\" sizes=\"(max-width: 805px) 100vw, 805px\" \/><\/a>\u00a0<\/strong><\/p>\n<p>L\u2019Observatoire de la la\u00efcit\u00e9 est contest\u00e9 pour son approche orient\u00e9e de la la\u00efcit\u00e9 et sa collaboration avec des r\u00e9seaux int\u00e9gristes organisant la chasse aux militants la\u00efques.<\/p>\n<p>Une <a href=\"https:\/\/www.change.org\/p\/manuel-valls-m-jl-bianco-doit-d\u00e9missionner-de-la-pr\u00e9sidence-de-l-observatoire-national-de-la-la\u00efcit\u00e9\">p\u00e9tition <\/a>rassemblant pr\u00e8s de 5000 la\u00efques demandait d\u00e9j\u00e0 son d\u00e9part. Quatre membres \u00e9minents de l\u2019Observatoire de la la\u00efcit\u00e9 ont claqu\u00e9 la porte. Le Premier ministre lui-m\u00eame s\u2019est inqui\u00e9t\u00e9 des lignes franchies par son pr\u00e9sident et son rapporteur.<\/p>\n<p>Se sentant sur la sellette, Jean-Louis Bianco a cherch\u00e9 a mobiliser ses soutiens\u2026 Ils sont d\u00e9finitivement compromettants.<\/p>\n<p>Apr\u00e8s avoir tent\u00e9 d\u2019obtenir le retrait de la p\u00e9tition le critiquant sur Change.org, donn\u00e9 une interview au <em>Monde<\/em> o\u00f9 il s&rsquo;est dit victime d&rsquo;une cabale \u00ab la\u00efciste\u00a0int\u00e9griste \u00bb, apr\u00e8s un passage au <em>Grand Journal<\/em> troublant d\u2019incomp\u00e9tence o\u00f9 il a dit ne pas comprendre la pol\u00e9mique sur le mot \u00ab\u00a0islamophobie\u00a0\u00bb, il est all\u00e9 mobiliser ses partisans sur le site islamiste SaphirNews.<\/p>\n<p>De fait, ses premiers soutiens venaient des cercles islamistes (dont la proximit\u00e9 avec l\u2019Observatoire est\u00a0d\u00e9montr\u00e9e). Marwan Muhammed, figure de proue du CCIF (Collectif contre l\u2019islamophobie), sans doute l\u2019une des organisations les plus ouvertement agressives envers la la\u00efcit\u00e9 et ses d\u00e9fenseurs, a m\u00eame \u00e9crit une tribune dans <em>Lib\u00e9ration<\/em> pour soutenir Jean-Louis Bianco.<\/p>\n<p><strong>A l&rsquo;origine de cet \u00a0appel d\u00e9sesp\u00e9r\u00e9<\/strong><\/p>\n<p>Pour compenser la radicalit\u00e9 de ces soutiens, le pr\u00e9sident de l\u2019Observatoire est all\u00e9 chercher l&rsquo;appui\u00a0d\u2019universitaires plus pr\u00e9sentables. Il a\u00a0sollicit\u00e9 deux de ses\u00a0proches pour monter un appel : <strong>Jean Baub\u00e9rot<\/strong> et <strong>Rapha\u00ebl Liogie<\/strong>r.<\/p>\n<p>Ce n\u2019est pas un hasard s\u2019il s\u2019agit de deux chercheurs voulant importer une la\u00efcit\u00e9 \u00e0 l\u2019anglo-saxonne, plus \u00ab\u00a0ouverte\u00a0\u00bb aux accommodements d\u00e9raisonnables face aux revendication religieuses et sectaires.<\/p>\n<p>En toute h\u00e2te, ils ont convoqu\u00e9 leurs contacts en demandant \u00e0 ce que l\u2019on r\u00e9siste \u00e0 la \u00ab\u00a0normalisation\u00a0\u00bb de l\u2019Observatoire par les \u00ab\u00a0capitulards gouvernementaux\u00a0\u00bb.<\/p>\n<p><a href=\"http:\/\/www.prochoix.org\/wordpress\/wp-content\/uploads\/2016\/01\/Capture-d\u2019\u00e9cran-2016-01-27-\u00e0-10.02.32.png\"><img loading=\"lazy\" decoding=\"async\" class=\"alignnone  wp-image-759\" src=\"http:\/\/www.prochoix.org\/wordpress\/wp-content\/uploads\/2016\/01\/Capture-d\u2019\u00e9cran-2016-01-27-\u00e0-10.02.32.png\" alt=\"Capture d\u2019\u00e9cran 2016-01-27 \u00e0 10.02.32\" width=\"416\" height=\"373\" srcset=\"https:\/\/prochoix.org\/wp-content\/uploads\/2016\/01\/Capture-d\u2019\u00e9cran-2016-01-27-\u00e0-10.02.32.png 988w, https:\/\/prochoix.org\/wp-content\/uploads\/2016\/01\/Capture-d\u2019\u00e9cran-2016-01-27-\u00e0-10.02.32-300x269.png 300w\" sizes=\"(max-width: 416px) 100vw, 416px\" \/><\/a><\/p>\n<p><strong>Jean-Baub\u00e9rot<\/strong> est le seul membre de la <a href=\"http:\/\/www.prochoix.org\/cgi\/blog\/index.php\/2004\/12\/22\/476-jean-bauberot-faux-defenseur-et-vraie-torpille-de-la-laicite\">Commission Stasi<\/a> \u00e0 ne pas avoir voulu soutenir l\u2019id\u00e9e d\u2019une loi r\u00e9glementant les signes ostensibles \u00e0 l\u2019\u00e9cole publique. Il milite depuis des ann\u00e9es au sein des cercles am\u00e9ricains qualifiant la la\u00efcit\u00e9 fran\u00e7aise d\u2019atteinte \u00e0 la libert\u00e9 religieuse en raison de sa loi de mars 2004 et de sa l\u00e9gislation anti-sectes. Il intervient notamment au CICNS, un mouvement\u00a0qui milite pour la reconnaissance des sectes comme\u00a0\u00ab\u00a0nouvelles spiritualit\u00e9s\u00a0\u00bb. Sans le moindre \u00e9tat d&rsquo;\u00e2me, il intervient dans l&rsquo;association n\u00e9o-soralienne : Fils de France.<\/p>\n<p>Jean Baub\u00e9rot\u00a0r\u00e9clame ouvertement, dans plusieurs de ses ouvrages, une inflexion de la la\u00efcit\u00e9 \u00e0 la canadienne, pourtant en crise \u00e0 cause \u00ab\u00a0d\u2019accommodements raisonnables\u00a0\u00bb avec la loi commune ayant favoris\u00e9 des d\u00e9rogations voire des privil\u00e8ges \u00e0 la demande d\u2019organisations religieuses int\u00e9gristes. Jean Baub\u00e9rot intervient aussi volontiers dans les cercles Fr\u00e8res musulmans de l\u2019UOIF. Il n\u2019h\u00e9site pas, lorsqu\u2019un chercheur le d\u00e9range, \u00e0 demander qu\u2019il soit exclu de son laboratoire.<\/p>\n<p><a href=\"http:\/\/www.prochoix.org\/wordpress\/wp-content\/uploads\/2016\/01\/Capture-d\u2019\u00e9cran-2016-01-27-\u00e0-11.03.33.png\"><img loading=\"lazy\" decoding=\"async\" class=\"alignnone size-full wp-image-763\" src=\"http:\/\/www.prochoix.org\/wordpress\/wp-content\/uploads\/2016\/01\/Capture-d\u2019\u00e9cran-2016-01-27-\u00e0-11.03.33.png\" alt=\"Capture d\u2019\u00e9cran 2016-01-27 \u00e0 11.03.33\" width=\"644\" height=\"469\" srcset=\"https:\/\/prochoix.org\/wp-content\/uploads\/2016\/01\/Capture-d\u2019\u00e9cran-2016-01-27-\u00e0-11.03.33.png 644w, https:\/\/prochoix.org\/wp-content\/uploads\/2016\/01\/Capture-d\u2019\u00e9cran-2016-01-27-\u00e0-11.03.33-300x218.png 300w\" sizes=\"(max-width: 644px) 100vw, 644px\" \/><\/a><\/p>\n<p>Voir aussi :\u00a0<a href=\"https:\/\/halshs.archives-ouvertes.fr\/halshs-01188405\/document\">La concorde fait rage. Sur le \u00ab\u00a0nouveau pacte la\u00efque\u00a0\u00bb par Jeanne Favret-Saada<\/a><\/p>\n<p><strong>Rapha\u00ebl Liogier<\/strong> est encore plus radical. Il d\u00e9crit Alain Vivien (auteur du rapport de vigilance envers les sectes) comme un \u00ab\u00a0grand inquisiteur\u00a0\u00bb et reproche aux f\u00e9ministes un \u00ab\u00a0racisme esth\u00e9tique\u00a0\u00bb envers le voile. Il est l\u2019un des chercheurs les plus invit\u00e9s dans les cercles pro-sectes ou Fr\u00e8res musulmans comme le Rassemblement annuel du Bourget de l\u2019UOIF.<\/p>\n<p><strong><a href=\"http:\/\/www.prochoix.org\/wordpress\/wp-content\/uploads\/2016\/01\/Capture-d\u2019\u00e9cran-2016-01-27-\u00e0-11.01.52.png\"><img loading=\"lazy\" decoding=\"async\" class=\"alignnone size-full wp-image-762\" src=\"http:\/\/www.prochoix.org\/wordpress\/wp-content\/uploads\/2016\/01\/Capture-d\u2019\u00e9cran-2016-01-27-\u00e0-11.01.52.png\" alt=\"Capture d\u2019\u00e9cran 2016-01-27 \u00e0 11.01.52\" width=\"646\" height=\"621\" srcset=\"https:\/\/prochoix.org\/wp-content\/uploads\/2016\/01\/Capture-d\u2019\u00e9cran-2016-01-27-\u00e0-11.01.52.png 646w, https:\/\/prochoix.org\/wp-content\/uploads\/2016\/01\/Capture-d\u2019\u00e9cran-2016-01-27-\u00e0-11.01.52-300x288.png 300w\" sizes=\"(max-width: 646px) 100vw, 646px\" \/><\/a><\/strong><\/p>\n<p>Le texte consensuel qu\u2019ils ont r\u00e9dig\u00e9 pour soutenir Jean-Louis Bianco masque l\u2019orientation de leur d\u00e9marche. Il a pu s\u00e9duire\u00a0des chercheurs n&rsquo;ayant\u00a0pas mesur\u00e9\u00a0l\u2019enjeu de cette pol\u00e9mique. Mais \u00e0 quelques exceptions pr\u00e8s, la liste des 150 chercheurs parle d\u2019elle-m\u00eame. Elle comporte presque tous les chercheurs les plus contestables du point de vue la\u00efque.<\/p>\n<p>La plupart sont des sp\u00e9cialistes des religions et non des sp\u00e9cialistes de la la\u00efcit\u00e9. Plusieurs sont partisans d&rsquo;une la la\u00efcit\u00e9 \u00ab\u00a0ouverte\u00a0\u00bb \u00e0 la ren\u00e9gociation et au dialogue avec les int\u00e9gristes (islamistes ou \u00e9vang\u00e9liques).<\/p>\n<p>Au vu de la plupart de ces soutiens et de l\u2019orientation sectaire que prend l\u2019Observatoire de la la\u00efcit\u00e9, le doute n&rsquo;est plus permis. Il doit changer de pr\u00e9sident et de rapporteur ou \u00eatre dissous.<\/p>\n<p><strong>Des chercheurs\u00a0tr\u00e8s orient\u00e9s<\/strong><\/p>\n<p>Parmi les signataires soutenant Jean-Louis Bianco, on trouve&#8230;<\/p>\n<p><strong>Kader ABDERRAHIM<\/strong>, ma\u00eetre de conf\u00e9rences, IEP Paris, chercheur IRIS<\/p>\n<p>En 2006, dans l\u2019une de ses notes \u00e0 l\u2019IRIS, il ironise sur l\u2019inqui\u00e9tude des Occidentaux concernant\u00a0la victoire du Hamas \u00e0 Gaza a et pr\u00e9dit, au contraire, qu\u2019elle aura un effet b\u00e9n\u00e9fique:<\/p>\n<p><em>\u00ab\u00a0En Occident, \u00e9videmment, le ton \u00e9tait, au mieux \u00e0 l&rsquo;inqui\u00e9tude apr\u00e8s les r\u00e9sultats, au pire \u00e0 la menace. L&rsquo;Union Europ\u00e9enne demandait des garanties et les Etats-Unis indiquaient qu&rsquo;ils ne verseraient plus d&rsquo;aide \u00e0 l&rsquo;Autorit\u00e9 palestinienne. En oubliant au passage de rappeler que le projet de d\u00e9mocratisation du Grand Moyen-Orient est n\u00e9 dans le bureau ovale occup\u00e9 par George Bush. On ne peut pas appeler \u00e0 une d\u00e9mocratisation du monde arabe et \u00eatre surpris qu&rsquo;il s&rsquo;exprime selon ses crit\u00e8res, pour ensuite contester le choix populaire. Ce qui est frappant, c&rsquo;est la sym\u00e9trie des concepts et du vocabulaire employ\u00e9 pour parler du Hamas : souvent qualifi\u00e9 de terroriste, comme le fut l&rsquo;OLP avant d&rsquo;\u00eatre accept\u00e9 comme partenaire, et ses dirigeants sont souvent diabolis\u00e9s, comme le fut Yasser Arafat tout au long de sa vie.\u00a0<\/em><em>Il est probable que le Hamas, au contact de la gestion quotidienne se r\u00e9v\u00e8le pragmatique et r\u00e9aliste, et que son \u00e9volution l&rsquo;am\u00e8nera in\u00e9vitablement \u00e0 engager des n\u00e9gociations avec Isra\u00ebl.\u00a0\u00bb <a href=\"http:\/\/www.palestine-solidarite.org\/debat.Kader_Abderrahim.170206.htm\">*<\/a><\/em><\/p>\n<p>&nbsp;<\/p>\n<p><strong>Esther BENBASSA<\/strong>, directeur d\u2019\u00e9tudes \u00e0 l\u2019EPHE (Sorbonne), titulaire de la Chaire \u00ab\u00a0histoire du juda\u00efsme moderne\u00a0\u00bb, S\u00e9natrice du Val de Marne<\/p>\n<p>Au moment de la loi de mars 2004, \u00e0 un colloque aux c\u00f4t\u00e9s de Tariq Ramadan, elle reprochait \u00e0 la France de se comporter avec les Musulmans comme elle s\u2019est comport\u00e9e sous Vichy avec les Juifs.<\/p>\n<p>&nbsp;<\/p>\n<p><strong>Pascal BONIFACE<\/strong>, g\u00e9opolitologue, universit\u00e9 Paris-8<\/p>\n<p>Le directeur de l\u2019IRIS, auteur d\u2019un note pol\u00e9mique invitant le Parti Socialiste \u00e0 pr\u00e9f\u00e9rer l\u2019\u00e9lectorat musulman \u00e0 l\u2019\u00e9lectorat juif, condamn\u00e9 pour \u00ab<a href=\"http:\/\/pascalbonifaceintellectuelfaussaire.blogspot.fr\/2011\/10\/pascal-boniface-condamne-pour.html\">\u00a0contre fa\u00e7on<\/a>\u00a0\u00bb pour avoir plagi\u00e9 un livre de collaborateurs, il est aussi et surtout l\u2019un des chercheurs les plus proches du Hezbollah, du Hamas et des Fr\u00e8res musulmans. Il a\u00a0\u00a0\u00e9crit\u00a0un livre avec le rappeur M\u00e9dine qui chante \u00ab\u00a0crucifions les la\u00efques\u00a0\u00bb.<\/p>\n<p>Et un\u00a0autre pour traiter de \u00ab\u00a0faussaires\u00a0\u00bb toute personne ayant contest\u00e9 sa complaisance envers les islamistes, notamment envers Tariq Ramadan. Son imposture compl\u00e8te a \u00e9t\u00e9 d\u00e9voil\u00e9e dans un\u00a0<a href=\"http:\/\/fr.scribd.com\/doc\/108953832\/Boniface-un-intellectuel-faussaire\">livre<\/a>.<\/p>\n<p>&nbsp;<\/p>\n<p><strong>Fran\u00e7ois BURGAT<\/strong>, directeur de recherche au CNRS, IREMAM<\/p>\n<p>Sous couvert de recherche, ses livres militent depuis des ann\u00e9es en faveur des Fr\u00e8res musulmans. Pendant les ann\u00e9es noires en Alg\u00e9rie, il a pris le parti du FIS (Front islamique du salut). C\u2019est un des intervenants du Rassemblement annuel de l\u2019UOIF.<\/p>\n<p>&nbsp;<\/p>\n<p><strong>Christine DELPHY<\/strong>, directrice de recherche \u00e9m\u00e9rite au CNRS, sp\u00e9cialiste des f\u00e9minismes<\/p>\n<p>Apr\u00e8s avoir \u00e9t\u00e9 une grande figure f\u00e9ministe, Christine Delphy a \u00e9t\u00e9 critiqu\u00e9e par la revue <a href=\"http:\/\/www.prochoix.org\/cgi\/blog\/index.php\/1998\/12\/12\/122-prochoix-n8-decembre-1998\">ProChoix <\/a>pour avoir un publi\u00e9 dans la Revue NQF un texte tr\u00e8s douteux d\u2019Andrea Dworkin sur les Juifs. Au moment de la loi de mars 2004, elle s\u2019est rapproch\u00e9e des cercles islamistes, avec qui elle fait d\u00e9sormais des conf\u00e9rences. Elle fait partie des compagnons de route des Indig\u00e8nes de la R\u00e9publique.<\/p>\n<p>&nbsp;<\/p>\n<p><strong>Eric FASSIN<\/strong>, professeur de sociologie, universit\u00e9 Paris-8<\/p>\n<p>Partisan d\u2019une approche antiraciste \u00e0 l\u2019anglo-saxonne, Eric Fassin a d\u00e9mission\u00e9 de la revue <em>Prochoix<\/em> en raison de son soutien \u00e0 la loi la\u00efque de mars 2004. Au moment de l\u2019affaire des caricatures, il consid\u00e9rait la d\u00e9marche de <em>Charlie Hebdo<\/em> comme raciste et il a expliqu\u00e9 r\u00e9cemment que les agressions sexuelles \u00e0 Cologne \u00e9taient avant tout une lutte de \u00ab\u00a0pouvoir\u00a0\u00bb (ARTE, 2016).<\/p>\n<p>&nbsp;<\/p>\n<p><strong>Franck FREGOSI<\/strong>, directeur de recherche CNRS, professeur \u00e0 Sciences-Po Aix, directeur du Master Religions et Soci\u00e9t\u00e9, responsable du certificat Pluralit\u00e9 religieuse, droit, la\u00efcit\u00e9 et soci\u00e9t\u00e9, membre de la commission d\u00e9partementale la\u00efcit\u00e9 et libert\u00e9 religieuse des Bouches du Rh\u00f4ne.<\/p>\n<p>Il est membre de l&rsquo;<a href=\"http:\/\/www.prochoix.org\/cgi\/blog\/index.php\/2004\/12\/22\/477-bruno-etienne-frank-fregosi-raphael-liogier-et-leur-observatoire-du-religieux\">Observatoire du Religieux<\/a>\u00a0militant en faveur d&rsquo;une\u00a0la\u00efcit\u00e9 plus \u00ab\u00a0ouverte\u00a0\u00bb aux religions et aux mouvements sectaires.<\/p>\n<p><strong>\u00a0<\/strong><\/p>\n<p><strong>Vincent GEISSER<\/strong>, CR \u00e0 l\u2019Institut de recherches sur le monde arabe et musulman, pr\u00e9sident du Centre d\u2019information et d\u2019\u00e9tudes sur les migrations internationales, directeur de la revue Migrations Soci\u00e9t\u00e9<\/p>\n<p>C\u2019est sans doute l\u2019un des hommes les moins bien plac\u00e9s pour soutenir un Observatoire de la la\u00efcit\u00e9. Son livre <em>La nouvelle islamophobie<\/em>\u00a0est l\u2019un des pamphlets les plus violents \u00e9crits contre les la\u00efques. Il amalgame volontairement le droit au blasph\u00e8me ou m\u00eame le droit de critiquer les islamistes avec du racisme anti-musumans. Pour lui, les plus grands \u00ab\u00a0islamophobes\u00a0\u00bb sont SOS Racisme, les journalistes alg\u00e9riens et la Mosqu\u00e9e de Paris. Et pour cause, comme un aveu, Vincent Geisser explique qu\u2019il vise en r\u00e9alit\u00e9 ceux faisant preuve \u00abd\u2019islamistophobie\u00a0\u00bb&#8230; mais que le mot \u00e9tait trop long. \u00ab\u00a0Sp\u00e9cialiste de la Tunisie\u00a0\u00bb, il s\u2019est pratiquement tromp\u00e9 sur tout sur l\u2019apr\u00e8s printemps tunisien et a longtemps soutenu l\u2019approche du parti islamiste d\u2019Ennahdha. C\u2019est l\u2019un des intervenants du Rassemblement annuel de l\u2019UOIF (Fr\u00e8res musulmans).<\/p>\n<p>Lire notamment : \u00a0<a href=\"http:\/\/www.prochoix.org\/cgi\/blog\/index.php\/2004\/09\/16\/2182-nouvelle-islamophobie-ou-nouvelle-imposture\">Nouvelle islamophobie ou nouvelle imposture\u00a0?<\/a><\/p>\n<p>&nbsp;<\/p>\n<p><strong>Nacira GUENIF,<\/strong> professeure de sociologie, universit\u00e9 Paris-8<\/p>\n<p>Auteure de livres exotiques sur les \u00ab\u00a0beurettes\u00a0\u00bb puis d&rsquo;ouvrages accusant les f\u00e9ministes critiques envers le voile de racisme, Nacira GUENIF est la sociologue du PIR\u00a0: le Parti des Indig\u00e8nes de la R\u00e9publique.<\/p>\n<p>voir notamment :\u00a0<a href=\"http:\/\/www.prochoix.org\/pdf\/kandel.guenif.prochoix.32.pdf\" hreflang=\"fr\">Les noces enchant\u00e9es du \u00ab\u00a0post-f\u00e9minisme\u00a0\u00bb et de l&rsquo;arch\u00e9omachisme, \u00e0 propos du livre \u00a0\u00bb\u00a0\u00bbLes f\u00e9ministes et le gar\u00e7on arabe\u00a0\u00bb\u00a0\u00bb (Liliane Kandel)<\/a><\/p>\n<p><em><strong>Camille Rigault\u00a0<\/strong><\/em><\/p>\n<p>27 janvier 2016<\/p>\n<p>&nbsp;<\/p>\n","protected":false},"excerpt":{"rendered":"<p>\u00a0 L\u2019Observatoire de la la\u00efcit\u00e9 est contest\u00e9 pour son approche orient\u00e9e de la la\u00efcit\u00e9 et sa collaboration avec des r\u00e9seaux int\u00e9gristes organisant la chasse aux militants la\u00efques. Une p\u00e9tition rassemblant pr\u00e8s de 5000 la\u00efques demandait d\u00e9j\u00e0 son d\u00e9part. Quatre membres \u00e9minents de l\u2019Observatoire de la la\u00efcit\u00e9 ont claqu\u00e9 la porte. Le Premier ministre lui-m\u00eame s\u2019est &hellip; <a href=\"https:\/\/prochoix.org\/?p=758\" class=\"more-link\">Continuer la lecture de <span class=\"screen-reader-text\">Ces chercheurs fort peu la\u00efques qui soutiennent Jean-Louis Bianco<\/span>  <span class=\"meta-nav\">&rarr;<\/span><\/a><\/p>\n","protected":false},"author":1,"featured_media":0,"comment_status":"closed","ping_status":"open","sticky":false,"template":"","format":"standard","meta":{"footnotes":""},"categories":[16],"tags":[135,138,130,25,139,137,140,136,23,141,134,133],"_links":{"self":[{"href":"https:\/\/prochoix.org\/index.php?rest_route=\/wp\/v2\/posts\/758"}],"collection":[{"href":"https:\/\/prochoix.org\/index.php?rest_route=\/wp\/v2\/posts"}],"about":[{"href":"https:\/\/prochoix.org\/index.php?rest_route=\/wp\/v2\/types\/post"}],"author":[{"embeddable":true,"href":"https:\/\/prochoix.org\/index.php?rest_route=\/wp\/v2\/users\/1"}],"replies":[{"embeddable":true,"href":"https:\/\/prochoix.org\/index.php?rest_route=%2Fwp%2Fv2%2Fcomments&post=758"}],"version-history":[{"count":33,"href":"https:\/\/prochoix.org\/index.php?rest_route=\/wp\/v2\/posts\/758\/revisions"}],"predecessor-version":[{"id":855,"href":"https:\/\/prochoix.org\/index.php?rest_route=\/wp\/v2\/posts\/758\/revisions\/855"}],"wp:attachment":[{"href":"https:\/\/prochoix.org\/index.php?rest_route=%2Fwp%2Fv2%2Fmedia&parent=758"}],"wp:term":[{"taxonomy":"category","embeddable":true,"href":"https:\/\/prochoix.org\/index.php?rest_route=%2Fwp%2Fv2%2Fcategories&post=758"},{"taxonomy":"post_tag","embeddable":true,"href":"https:\/\/prochoix.org\/index.php?rest_route=%2Fwp%2Fv2%2Ftags&post=758"}],"curies":[{"name":"wp","href":"https:\/\/api.w.org\/{rel}","templated":true}]}}