{"id":78,"date":"2014-09-26T19:10:46","date_gmt":"2014-09-26T18:10:46","guid":{"rendered":"http:\/\/www.prochoix.org\/wordpress\/?p=78"},"modified":"2014-11-16T19:18:09","modified_gmt":"2014-11-16T18:18:09","slug":"amina-enfin-honnete","status":"publish","type":"post","link":"https:\/\/prochoix.org\/?p=78","title":{"rendered":"Amina enfin honn\u00eate"},"content":{"rendered":"<p><a href=\"http:\/\/www.prochoix.org\/wordpress\/wp-content\/uploads\/2014\/11\/n-amina_femen-large570.jpg\"><img loading=\"lazy\" decoding=\"async\" class=\"alignnone size-medium wp-image-79\" src=\"http:\/\/www.prochoix.org\/wordpress\/wp-content\/uploads\/2014\/11\/n-amina_femen-large570-300x125.jpg\" alt=\"-\" width=\"300\" height=\"125\" srcset=\"https:\/\/prochoix.org\/wp-content\/uploads\/2014\/11\/n-amina_femen-large570-300x125.jpg 300w, https:\/\/prochoix.org\/wp-content\/uploads\/2014\/11\/n-amina_femen-large570.jpg 570w\" sizes=\"(max-width: 300px) 100vw, 300px\" \/><\/a><\/p>\n<p>&nbsp;<\/p>\n<p>Je suis heureuse et soulag\u00e9e qu\u2019Amina ait eu le cran de dire qu\u2019elle avait menti sur sa premi\u00e8re agression\u00a0<a href=\"http:\/\/www.liberation.fr\/societe\/2014\/09\/25\/amina-sboui-mon-mensonge-etait-un-appel-au-secours_1107976\" target=\"_hplink\">dans une lettre ouverte<\/a>. Elle parle d\u2019un \u00ab appel au secours \u00bb et r\u00e9alise, enfin, qu\u2019il s\u2019agissait surtout d\u2019une trahison.<\/p>\n<p>Quand la nouvelle de\u00a0sa premi\u00e8re agression\u00a0(Place Clichy) est sortie dans la presse, mon premier r\u00e9flexe a \u00e9t\u00e9 de lui envoyer un message de soutien comme f\u00e9ministe, le second fut d\u2019attendre d\u2019en savoir plus avant d\u2019\u00e9crire sur cette affaire comme journaliste. Finalement, j\u2019ai d\u00e9cid\u00e9 de ne rien \u00e9crire. Trop d\u2019incoh\u00e9rences dans son r\u00e9cit et trop de mauvaises exp\u00e9riences avec Amina par le pass\u00e9.<\/p>\n<p>Des coll\u00e8gues m\u2019ont tout de suite appel\u00e9e pour me demander s\u2019ils pouvaient la croire. Je les ai invit\u00e9s \u00e0 la plus grande prudence. J\u2019ai m\u00eame refus\u00e9 de donner des entretiens \u00e0 ce sujet. Aux politiques qui voulaient soutenir Amina, j\u2019ai conseill\u00e9 d\u2019attendre le verdict des cam\u00e9ras de surveillance\u2026 qui s\u2019est r\u00e9v\u00e9l\u00e9 implacable (mais nous ne l\u2019avons su que tardivement). Amina est d\u2019ailleurs\u00a0poursuivie\u00a0(\u00e0 juste titre) pour \u00ab d\u00e9nonciation calomnieuse \u00bb et la presse, d\u00e9j\u00e0 m\u00e9fiante, s\u2019en est fait largement l\u2019\u00e9cho.<\/p>\n<p>Contrairement \u00e0 ce qu\u2019\u00e9criront les soutiens habituels du sexisme et de l\u2019obscurantisme qui vont se r\u00e9galer de cette affaire, il n\u2019y a pas eu d\u2019emballement m\u00e9diatique, bien au contraire. Son r\u00e9cit a \u00e9t\u00e9 accompagn\u00e9 d\u2019une tr\u00e8s grande suspicion dans la presse, d\u00e8s le d\u00e9but. Au point que lorsqu\u2019Amina a\u00a0r\u00e9ellement \u00e9t\u00e9 agress\u00e9e \u00e0 Bastille, la presse a jug\u00e9 \u2014 cette fois \u00e0 tort \u2014 qu\u2019elle avait \u00ab\u00a0agress\u00e9 une femme voil\u00e9e\u00a0\u00bb en se basant sur l\u2019unique version de la police (\u00e9chaud\u00e9e par le mensonge d\u2019Amina \u00e0 propos de la Place Clichy). Elle a simplement r\u00e9pondu \u00e0 un homme l\u2019ayant trait\u00e9e de \u00ab sale pute \u00bb avant de se faire frapper, ainsi qu\u2019un copain (qui n\u2019est pas son compagnon contrairement \u00e0 ce qui a \u00e9t\u00e9 \u00e9crit), par les amis de cette femme voil\u00e9e, bien plus nombreux. Des t\u00e9moins, depuis, ont r\u00e9tabli la v\u00e9rit\u00e9. Mais la presse s\u2019est emball\u00e9e et une d\u00e9p\u00eache AFP a donn\u00e9 une version erron\u00e9e de cette bagarre \u00e0 partir d\u2019une version polici\u00e8re biais\u00e9e.<\/p>\n<p><strong>La faute \u00e0 qui ? A Amina.<\/strong>\u00a0Rien, ni sa situation (qui est loin d\u2019\u00eatre aussi solitaire qu\u2019elle le d\u00e9crit, elle a b\u00e9n\u00e9fici\u00e9 de tr\u00e8s nombreux soutiens d\u00e8s son arriv\u00e9e en France, malgr\u00e9 ses d\u00e9clarations d\u00e9lirantes tenues en Tunisie contre Femen et ceux qui s\u2019\u00e9taient mobilis\u00e9s pour elle), ni les \u00e9preuves subies ne justifient \u2014 elle le reconna\u00eet \u2014 de jeter le soup\u00e7on sur la parole des femmes ou de semer la division gratuitement dans un pays d\u00e9j\u00e0 si tendu par de v\u00e9ritables agressions, souvent tues.<\/p>\n<p>J\u2019en profite pour faire une mise au point \u00e0 l\u2019intention de ceux qui ne comprennent pas mon lien avec Amina ou Femen. Il est tr\u00e8s simple. J\u2019ai soutenu Amina quand elle s\u2019est lev\u00e9e contre le sexisme et l\u2019int\u00e9grisme en Tunisie, envers et contre beaucoup, et je ne le regrette pas le moins du monde. Ce qu\u2019elle a accompli, avec les Femen, est historique. Gr\u00e2ce \u00e0 elles, on a pu d\u00e9noncer haut et fort le sort des prisonniers politiques et la chasse aux f\u00e9ministes et la\u00efques qui s\u00e9vissait sous le r\u00e8gne de la tro\u00efka unissant Ennahdha et ses alli\u00e9s alibis.<\/p>\n<p>J\u2019ai soutenu\u00a0Femen\u00a0\u00e0 son arriv\u00e9e en France et je ne le regrette pas. Ce qu\u2019elles ont accompli pour d\u00e9noncer le trafic de femmes en Ukraine, l\u2019autoritarisme de Viktor Ianoukovitch, \u00e9tait historique et annonciateur du printemps ukrainien. Leurs provocations ont permis de r\u00e9aliser le poids qui p\u00e8se sur le corps et les seins des femmes, \u00e0 l\u2019est comme au sud, en Occident comme en Orient. Avec leurs seins, elles ont d\u00e9fi\u00e9 aussi bien les int\u00e9gristes musulmans que les int\u00e9gristes chr\u00e9tiens de Civitas, les d\u00e9put\u00e9s espagnols voulant abroger le droit \u00e0 l\u2019IVG et les s\u00e9nateurs fran\u00e7ais n\u2019ayant pas voulu sanctionner les clients alimentant la prostitution. Avec panache et parfois exc\u00e8s, mais c\u2019est le propre de toute provocation. Des provocations bien pacifiques au regard de ceux qu\u2019elles ont d\u00e9fi\u00e9s et souvent vaincus (mais pas toutes seules contrairement \u00e0 ce qu\u2019elles semblent penser).<\/p>\n<p>Leur maladresse parfois infantile comme \u00e0 Notre-Dame ou lors du Jihad Topless, le r\u00e9tr\u00e9cissement du mouvement \u00e0 une seule leader, l\u2019infantilisation de certaines militantes et le changement d\u2019\u00e9poque en Ukraine m\u2019ont convaincue qu\u2019elles avaient \u00e9t\u00e9 utiles \u00e0 bien des causes, mais qu\u2019elles tournaient en rond. Leurs exc\u00e8s commen\u00e7aient \u00e0 faire plus de mal que de bien. J\u2019ai donc pris le large.<\/p>\n<p>Ma rupture politique puis personnelle remonte aux derniers mois de l\u2019\u00e9criture du livre<em>INNA<\/em>, il y a plus d\u2019un an. Tr\u00e8s peu ont compris combien ce livre n\u2019\u00e9tait pas une romance mais au contraire un livre de rupture, \u00e9crit avec le souci d\u2019\u00eatre, malgr\u00e9 tout, le plus juste possible.<\/p>\n<p>En tant qu\u2019\u00e9ditorialiste et \u00e9crivaine, je tiens toujours \u00e0 distinguer, presque maladivement (et c\u2019\u00e9tait aussi l\u2019objet d\u2019<em>INNA<\/em>, avec l\u2019Ukraine), ce qui rel\u00e8ve de l\u2019affectif et du politique, de l\u2019engagement et du professionnalisme, de l\u2019empathie et de la justesse des faits\u2026 Presque de la \u00ab justice des faits \u00bb. Comme une guerre int\u00e9rieure, entre la passion que l\u2019on doit mettre pour tenir bon et s\u2019engager, et la raison qui doit \u00eatre\u00a0<em>in fine<\/em>\u00a0notre seule conseill\u00e8re quand on bataille avec une plume et non une \u00e9p\u00e9e.<\/p>\n<p>On finit par se forger une r\u00e8gle. Par exemple, quand j\u2019approuve une action de FEMEN, je le dis. Quand je la d\u00e9sapprouve, je le dis aussi. Quelle que soit mon humeur, tendre ou f\u00e2ch\u00e9e, vis-\u00e0-vis de ce groupe, ou d\u2019Amina. Bien qu\u2019elles aient perdu ma confiance, depuis longtemps, elles garderont toujours ma tendresse. Parce que, malgr\u00e9 leur jeunesse et leur maladresse, qu\u2019elles ont pay\u00e9es (par des coups, des gardes \u00e0 vue, de la prison et des menaces de mort quotidienne, r\u00e9elles et non fictives), elles tiennent t\u00eate au sexisme, \u00e0 la dictature et \u00e0 l\u2019obscurantisme. Rares sont ceux qui ont ce cran. Mais ce combat, si noble soit-il, demande de penser aux autres et \u00e0 sa cause avant soi, de ne pas trahir, d\u2019inspirer la confiance pour convaincre. Quand la confiance est bris\u00e9e, c\u2019est du courage g\u00e2ch\u00e9. Or la confiance est bris\u00e9e.<\/p>\n<blockquote><p><em>Caroline Fourest est l\u2019auteure de\u00a0<a href=\"http:\/\/livre.fnac.com\/a6498868\/Caroline-Fourest-Inna\">INNA<\/a>\u00a0(Grasset), qui raconte les espoirs et les d\u00e9sillusions du mouvement FEMEN \u00e0 travers sa leader Inna Shevchenko, depuis l\u2019enfance en Ukraine jusqu\u2019aux combats contre CIVITAS \u00e0 Paris en passant par les campagnes avec Amina en Tunisie.<\/em><\/p><\/blockquote>\n","protected":false},"excerpt":{"rendered":"<p>&nbsp; Je suis heureuse et soulag\u00e9e qu\u2019Amina ait eu le cran de dire qu\u2019elle avait menti sur sa premi\u00e8re agression\u00a0dans une lettre ouverte. Elle parle d\u2019un \u00ab appel au secours \u00bb et r\u00e9alise, enfin, qu\u2019il s\u2019agissait surtout d\u2019une trahison. Quand la nouvelle de\u00a0sa premi\u00e8re agression\u00a0(Place Clichy) est sortie dans la presse, mon premier r\u00e9flexe a &hellip; <a href=\"https:\/\/prochoix.org\/?p=78\" class=\"more-link\">Continuer la lecture de <span class=\"screen-reader-text\">Amina enfin honn\u00eate<\/span>  <span class=\"meta-nav\">&rarr;<\/span><\/a><\/p>\n","protected":false},"author":1,"featured_media":0,"comment_status":"open","ping_status":"open","sticky":false,"template":"","format":"standard","meta":{"footnotes":""},"categories":[7],"tags":[],"_links":{"self":[{"href":"https:\/\/prochoix.org\/index.php?rest_route=\/wp\/v2\/posts\/78"}],"collection":[{"href":"https:\/\/prochoix.org\/index.php?rest_route=\/wp\/v2\/posts"}],"about":[{"href":"https:\/\/prochoix.org\/index.php?rest_route=\/wp\/v2\/types\/post"}],"author":[{"embeddable":true,"href":"https:\/\/prochoix.org\/index.php?rest_route=\/wp\/v2\/users\/1"}],"replies":[{"embeddable":true,"href":"https:\/\/prochoix.org\/index.php?rest_route=%2Fwp%2Fv2%2Fcomments&post=78"}],"version-history":[{"count":1,"href":"https:\/\/prochoix.org\/index.php?rest_route=\/wp\/v2\/posts\/78\/revisions"}],"predecessor-version":[{"id":80,"href":"https:\/\/prochoix.org\/index.php?rest_route=\/wp\/v2\/posts\/78\/revisions\/80"}],"wp:attachment":[{"href":"https:\/\/prochoix.org\/index.php?rest_route=%2Fwp%2Fv2%2Fmedia&parent=78"}],"wp:term":[{"taxonomy":"category","embeddable":true,"href":"https:\/\/prochoix.org\/index.php?rest_route=%2Fwp%2Fv2%2Fcategories&post=78"},{"taxonomy":"post_tag","embeddable":true,"href":"https:\/\/prochoix.org\/index.php?rest_route=%2Fwp%2Fv2%2Ftags&post=78"}],"curies":[{"name":"wp","href":"https:\/\/api.w.org\/{rel}","templated":true}]}}