{"id":796,"date":"2016-01-27T01:58:23","date_gmt":"2016-01-27T00:58:23","guid":{"rendered":"http:\/\/www.prochoix.org\/wordpress\/?p=796"},"modified":"2016-01-30T10:30:13","modified_gmt":"2016-01-30T09:30:13","slug":"croatie-extreme-droite-et-negationnisme-au-gouvernement","status":"publish","type":"post","link":"https:\/\/prochoix.org\/?p=796","title":{"rendered":"Croatie : Extr\u00eame droite et n\u00e9gationnisme entrent au gouvernement"},"content":{"rendered":"<p><a href=\"http:\/\/www.prochoix.org\/wordpress\/wp-content\/uploads\/2016\/01\/Capture-d\u2019\u00e9cran-2016-01-30-\u00e0-10.29.43.png\"><img loading=\"lazy\" decoding=\"async\" class=\"alignnone size-full wp-image-811\" src=\"http:\/\/www.prochoix.org\/wordpress\/wp-content\/uploads\/2016\/01\/Capture-d\u2019\u00e9cran-2016-01-30-\u00e0-10.29.43.png\" alt=\"Capture d\u2019\u00e9cran 2016-01-30 \u00e0 10.29.43\" width=\"1134\" height=\"694\" srcset=\"https:\/\/prochoix.org\/wp-content\/uploads\/2016\/01\/Capture-d\u2019\u00e9cran-2016-01-30-\u00e0-10.29.43.png 1134w, https:\/\/prochoix.org\/wp-content\/uploads\/2016\/01\/Capture-d\u2019\u00e9cran-2016-01-30-\u00e0-10.29.43-300x184.png 300w, https:\/\/prochoix.org\/wp-content\/uploads\/2016\/01\/Capture-d\u2019\u00e9cran-2016-01-30-\u00e0-10.29.43-1024x627.png 1024w\" sizes=\"(max-width: 1134px) 100vw, 1134px\" \/><\/a><\/p>\n<p><em>Extr\u00eame droite et n\u00e9gationnisme font de l\u2019entrisme au sein du nouveau gouvernement du 28<sup>\u00e8me<\/sup> membre de l\u2019Union europ\u00e9enne.\u00a0<\/em><em>Les toutes derni\u00e8res \u00e9volutions politiques en Croatie sont particuli\u00e8rement pr\u00e9occupantes. Dans ce petit pays \u00ab\u00a0sans cons\u00e9quences \u00bb pour reprendre l\u2019expression d\u2019un politologue hongrois, l\u2019imitation dans une forme extr\u00eame des mauvais exemples hongrois et polonais, consolide un p\u00f4le de contestation radicale du mod\u00e8le europ\u00e9en misant sur un \u00e9chec politique, \u00e9conomique, voire moral du projet de construction europ\u00e9enne, dans l\u2019espoir d\u2019un retour d\u2019une Europe des nationalismes fond\u00e9 sur des contre-valeurs.\u00a0<\/em><\/p>\n<p>Le 22 janvier, apr\u00e8s deux mois de tergiversation (les \u00e9lections l\u00e9gislatives ont d\u00e9partag\u00e9 dans une proportion presque \u00e9gale droite et gauche), c\u2019est finalement un gouvernement de droite qui s\u2019est mis en place avec l\u2019appui d\u2019un nouveau mouvement \u00ab Most \u00bb,( \u00ab Pont \u00bb en croate) ; formation \u00ab faux-nez \u00bb de l\u2019aile cl\u00e9ricale la plus extr\u00e9miste pour laquelle nombre d\u2019\u00e9lecteurs de sensibilit\u00e9 centriste en toute sinc\u00e9rit\u00e9 ont vot\u00e9 sans mesurer l\u2019ampleur de la manipulation. Le nouveau cabinet r\u00e9sulte d\u2019un accord entre le mouvement citoyen MOST et le HDZ (Communaut\u00e9 d\u00e9mocratique croate) de retour au pouvoir apr\u00e8s 4 ann\u00e9es d\u2019opposition. Le HDZ est le mouvement nationaliste fond\u00e9 par Franjo Tudjman, \u00ab\u00a0le p\u00e8re\u00a0\u00bb de l\u2019ind\u00e9pendance croate.<\/p>\n<p>Ce nouveau gouvernement croate form\u00e9 le 22 janvier, apparemment h\u00e9t\u00e9roclite mais \u00e9troitement li\u00e9 \u00e0 l\u2019\u00e9glise croate dans sa version radicale, fait la part belle \u00e0 quelques figures venues de l\u2019extr\u00eame droite et des courants r\u00e9visionnistes.<\/p>\n<p><strong>Le cas le plus embl\u00e9matique est celui du nouveau ministre de la Culture<\/strong><\/p>\n<p>Zlatko Hasanbegovic, jeune historien (n\u00e9 en 1973) est notamment connu pour son engagement pass\u00e9 au sein de l\u2019organisation n\u00e9o-oustachi HOP (Hrvatski oslobodila\u010dki pokret\/ Mouvement de Lib\u00e9ration Croate) fond\u00e9e par le chef de l\u2019Etat g\u00e9nocidaire<a href=\"#_ftn1\" name=\"_ftnref1\">[1]<\/a> Ante Pavelic lors de ses ann\u00e9es d\u2019exil.<\/p>\n<p>Zlatko Hasanbegovic, d\u2019origine bosniaque, membre du Conseil ex\u00e9cutif de la communaut\u00e9 musulmane de Zagreb, est chercheur et sp\u00e9cialiste du XX\u00e8me si\u00e8cle et plus particuli\u00e8rement de la probl\u00e9matique des mouvements musulmans dans les Balkans, question \u00e0 laquelle il a consacr\u00e9 nombre d\u2019ouvrages et d\u2019\u00e9tudes.<\/p>\n<p>Le chercheur devenu ministre a d\u00e9velopp\u00e9 l\u2019ensemble de ses travaux de recherche sur \u00ab\u00a0 l\u2019hypoth\u00e8se\u00a0\u00bb que l\u2019histoire de la Seconde Guerre mondiale dans les Balkans aurait \u00e9t\u00e9 \u00e9tablie par les vainqueurs, soulignant la date tragique que repr\u00e9sente pour la nation croate 1945. Il insiste sur la n\u00e9cessit\u00e9 d\u2019\u00e9crire de nouvelles pages de recherche notamment relatives \u00e0 l\u2019Etat dit ind\u00e9pendant croate (1941-45) connu des historiens s\u00e9rieux pour son r\u00f4le d\u00e9terminant dans le processus g\u00e9nocidaire en Europe du Sud-Est. Dans ses publications et entretiens, l\u2019historien vante les m\u00e9rites du projet du chef oustachi Ante Pavelic<a href=\"#_ftn2\" name=\"_ftnref2\">[2]<\/a>, en particulier dans son ambition racialiste de cr\u00e9er un nouveau peuple croate unissant catholiques et musulmans, ces derniers consid\u00e9r\u00e9s comme \u00ab Fleur de la nation \u00bb par les leaders oustachis.<\/p>\n<p>L\u2019historien pr\u00f4ne aussi une r\u00e9habilitation du tristement c\u00e9l\u00e8bre Mufti de J\u00e9rusalem, Al-Husseini<a href=\"#_ftn3\" name=\"_ftnref3\">[3]<\/a>, alli\u00e9 de Hitler et condamn\u00e9 \u00e0 mort par le r\u00e9gime titiste avant d\u2019\u00eatre amnisti\u00e9 \u00e0 l\u2019occasion du rapprochement dans les ann\u00e9es 1950 entre la Yougoslavie socialiste et l\u2019Egypte de Nasser, pays dans lequel, ce chef spirituel des SS-Handjar avait trouv\u00e9 refuge.<\/p>\n<p>Le ministre de la culture d\u00e9sign\u00e9, est aussi l\u2019un des co-fondateurs du Comit\u00e9 Bleiburg, village \u00e0 la fronti\u00e8re austro-slov\u00e8ne o\u00f9 avait eu lieu, au printemps 1945, l\u2019\u00e9limination des collaborateurs et consid\u00e9r\u00e9 \u00e0 ce titre par les nostalgiques de l\u2019Etat oustachi comme embl\u00e9matique de l\u2019ampleur de l\u2019\u00e9puration anti-nazie conduite par les partisans titistes. Les courants radicaux de la droite ainsi que le clerg\u00e9 croate consid\u00e8rent aussi ce lieu comme le symbole du martyrologe des victimes du communisme.<\/p>\n<p>Zlatko Hasanbegovic a publi\u00e9 et pr\u00e9fac\u00e9 plusieurs ouvrages tendancieux parmi lesquels, dans sa traduction croate, l\u2019oeuvre largement controvers\u00e9e du sulfureux essayiste am\u00e9ricain Norman G. Finkelstein \u00ab L\u2019industrie de l\u2019holocauste \u00bb. Le chercheur croate, soulignant le poids des lobbies dans la lecture de l\u2019histoire contemporaine, d\u00e9nonce dans divers interviews \u00ab ceux qui sous couvert de s\u2019en prendre \u00e0 l\u2019islamo-fascisme \u00bb sont de fait \u00ab les relais de l\u2019opinion publique juive internationale \u00bb dont l\u2019objectif serait de porter atteinte \u00e0 l\u2019ensemble des musulmans et leurs justes causes.<\/p>\n<p>Fid\u00e8le \u00e0 la particularit\u00e9 de l\u2019extr\u00eame droite croate id\u00e9ologis\u00e9e par le chef oustachi Ante Pavelic, Zlatko Hasanbegovic est \u00e0 la fois un sympathisant de l\u2019islamisme historique bosniaque et proche de l\u2019Eglise croate dans son aile la plus radicale. A ce titre, il est l\u2019une des personnalit\u00e9s \u00e0 l\u2019initiative du r\u00e9f\u00e9rendum tenu en 2013 organis\u00e9 par l\u2019association \u00ab\u00a0 Au nom de la famille\u00a0\u00bb et inscrivant dans la constitution croate le seul mariage h\u00e9t\u00e9rosexuel. Dans ses d\u00e9clarations les plus r\u00e9centes, le nouveau ministre, au nom de la r\u00e9conciliation nationale, propose d\u2019effacer de la constitution le premier article qui fonde la R\u00e9publique de Croatie sur les valeurs de l\u2019antifascisme et promet aussi une vision unitaire de la culture qui s\u2019opposera au cosmopolitisme. IL s\u2019est exprim\u00e9 dans un pass\u00e9 r\u00e9cent en faveur de la fermeture du mus\u00e9e Jasenovac<a href=\"#_ftn4\" name=\"_ftnref4\">[4]<\/a>, relique m\u00e9morielle du communisme selon lui, et proposera un nouveau mus\u00e9e de l\u2019histoire croate.<\/p>\n<p>A noter la solidarit\u00e9 paradoxale des extr\u00e9mismes\u00a0: La nomination de Zlatko Hasanbegovic a \u00e9t\u00e9 applaudie ce week-end par des nationalistes de Serbie. <a href=\"#_ftn5\" name=\"_ftnref5\">[5]<\/a><\/p>\n<p>En outre, dans ce climat d\u00e9l\u00e9t\u00e8re, il faut noter que le chef de la nouvelle coalition au pouvoir en Croatie, Tomislav Karamarko, s\u2019est f\u00e9licit\u00e9 pour sa part d&rsquo;un gouvernement compos\u00e9 de personnes qui savent \u00ab\u00a0enfin faire le signe de croix correctement (terminologie d\u2019un autre \u00e2ge utilis\u00e9e \u00e0 l\u2019\u00e9poque oustachie pour stigmatiser les \u00ab fraichement \u00bb convertis (orthodoxes et juifs) qui cherchaient \u00e0 fuir les pers\u00e9cutions). Dans une surench\u00e8re religieuse, la ministre des affaires sociales a propos\u00e9 avec succ\u00e8s que chaque ministre fasse serment devant la croix. Le nouveau ministre croate des anciens combattants, promet quant \u00e0 lui la mise en place d&rsquo;un registre des tra\u00eetres \u00e0 la patrie reprenant une nouvelle fois \u00e0 son compte la terminologie des ann\u00e9es 1941-45.<\/p>\n<p>Apr\u00e8s plusieurs mois de flottement politique, les premiers jours de ce gouvernement s\u2019inscrivent dans une surench\u00e8re ultra dont on ne sait o\u00f9 elle s\u2019arr\u00eatera. La soci\u00e9t\u00e9 civile s\u2019organise avec ses maigres moyens dans un pays de transition. L\u2019opposition politique est encore sonn\u00e9e par sa d\u00e9faite et r\u00e8gle ses comptes m\u00eame s\u2019il ne faut pas sous-estimer ses capacit\u00e9s de mobilisation inscrite dans l\u2019histoire de la gauche yougoslave (plus de 100.000 r\u00e9sistants croates anti-fascistes pendant la seconde guerre mondiale, soit le chiffre le plus \u00e9lev\u00e9 proportionnellement dans l\u2019Europe occup\u00e9).<\/p>\n<p>La r\u00e9action dans l\u2019Union europ\u00e9enne qui reste pour le moment silencieuse sera d\u00e9terminante face \u00e0 cette situation in\u00e9dite en son sein\u00a0; un ministre n\u00e9gationniste dans un gouvernement d\u2019un Etat membre.<\/p>\n<p><em><strong>Fran\u00e7ois Bacharach et Claude Jardin.<\/strong><\/em><\/p>\n<p><a href=\"#_ftnref1\" name=\"_ftn1\">[1]<\/a> Les Oustachis de 1941 \u00e0 45 ont directement organis\u00e9 l\u2019assassinat de 26 000 Juifs, 340 000 Serbes dont 197 000 civils, 26 000 Roms et Sinti et 50 000 opposants Croates (sources : V. Zerjavic, Gubici stanovnistva Jugoslavije u drugom svjetskom ratu Jugoslavensko viktimolosko drustvo (1989) et B. Kocovic, \u017drtve drugog svetskog rata u Jugoslaviji, Veritas Foundation Press, Londres, 1985, Mus\u00e9e m\u00e9morial de l\u2019Holocauste \u00e0 Washington).<\/p>\n<p><a href=\"#_ftnref2\" name=\"_ftn2\">[2]<\/a> Dirigeant de l\u2019\u00c9tat ind\u00e9pendant de Croatie cr\u00e9\u00e9 le 10 avril 1941et inf\u00e9od\u00e9 de fait \u00e0 l\u2019Allemagne et \u00e0 l\u2019Italie. Exil\u00e9 d\u2019abord en Argentine apr\u00e8s avoir b\u00e9n\u00e9fici\u00e9 dans sa fuite des r\u00e9seaux de l\u2019\u00e9glise catholique, suite \u00e0 des tentatives d\u2019\u00e9limination des services secrets yougoslaves, pour sa s\u00e9curit\u00e9, Ante Pavelic s\u2019installe d\u00e9finitivement dans l\u2019Espagne franquiste et meurt en 1959.<\/p>\n<p><a href=\"#_ftnref3\" name=\"_ftn3\">[3]<\/a> Le r\u00f4le de ce mufti collaborationniste et pro-nazi dans la mise en \u0153uvre de la Solution finale dans sa globalit\u00e9 a fait l\u2019objet de pol\u00e9miques r\u00e9centes. Quoi qu\u2019il en soit, son appui \u00e0 la mise en oeuvre des divisions SS dans les Balkans confirme son r\u00f4le d\u00e9terminant dans le processus g\u00e9nocidaire qui a martyris\u00e9 l\u2019Europe du Sud-Est.<\/p>\n<p><a href=\"#_ftnref4\" name=\"_ftn4\">[4]<\/a> Le camp de Jasenovac a \u00e9t\u00e9 cr\u00e9\u00e9 entre ao\u00fbt 1941 et f\u00e9vrier 1942 par les autorit\u00e9s de l&rsquo;Etat ind\u00e9pendant de Croatie. On estime actuellement que le r\u00e9gime oustachi assassina plus de 110\u00a0000 personnes \u00e0 Jasenovac entre 1941 et 1945. Il est consid\u00e9r\u00e9 comme le seul camp d\u2019extermination qui n\u2019ait pas \u00e9t\u00e9 cr\u00e9\u00e9 et supervis\u00e9 par l\u2019Allemagne nazie.<\/p>\n<p><a href=\"#_ftnref5\" name=\"_ftn5\">[5]<\/a> Par exemple, Bojan Dimitrijevic, historien serbe, promoteur de la r\u00e9habilitation de Milan Nedic, figure de la collaboration serbe et ma\u00eetre d&rsquo;\u0153uvre \u00e0 la demande des nazis de l&rsquo;assassinat des juifs de Serbie se f\u00e9licite de la nomination en Croatie du nouveau ministre de la culture, lui m\u00eame r\u00e9visionniste et thurif\u00e9raires des r\u00e9alisations de l&rsquo;Etat oustachi.<\/p>\n","protected":false},"excerpt":{"rendered":"<p>Extr\u00eame droite et n\u00e9gationnisme font de l\u2019entrisme au sein du nouveau gouvernement du 28\u00e8me membre de l\u2019Union europ\u00e9enne.\u00a0Les toutes derni\u00e8res \u00e9volutions politiques en Croatie sont particuli\u00e8rement pr\u00e9occupantes. Dans ce petit pays \u00ab\u00a0sans cons\u00e9quences \u00bb pour reprendre l\u2019expression d\u2019un politologue hongrois, l\u2019imitation dans une forme extr\u00eame des mauvais exemples hongrois et polonais, consolide un p\u00f4le de &hellip; <a href=\"https:\/\/prochoix.org\/?p=796\" class=\"more-link\">Continuer la lecture de <span class=\"screen-reader-text\">Croatie : Extr\u00eame droite et n\u00e9gationnisme entrent au gouvernement<\/span>  <span class=\"meta-nav\">&rarr;<\/span><\/a><\/p>\n","protected":false},"author":1,"featured_media":0,"comment_status":"open","ping_status":"open","sticky":false,"template":"","format":"standard","meta":{"footnotes":""},"categories":[16],"tags":[],"_links":{"self":[{"href":"https:\/\/prochoix.org\/index.php?rest_route=\/wp\/v2\/posts\/796"}],"collection":[{"href":"https:\/\/prochoix.org\/index.php?rest_route=\/wp\/v2\/posts"}],"about":[{"href":"https:\/\/prochoix.org\/index.php?rest_route=\/wp\/v2\/types\/post"}],"author":[{"embeddable":true,"href":"https:\/\/prochoix.org\/index.php?rest_route=\/wp\/v2\/users\/1"}],"replies":[{"embeddable":true,"href":"https:\/\/prochoix.org\/index.php?rest_route=%2Fwp%2Fv2%2Fcomments&post=796"}],"version-history":[{"count":3,"href":"https:\/\/prochoix.org\/index.php?rest_route=\/wp\/v2\/posts\/796\/revisions"}],"predecessor-version":[{"id":812,"href":"https:\/\/prochoix.org\/index.php?rest_route=\/wp\/v2\/posts\/796\/revisions\/812"}],"wp:attachment":[{"href":"https:\/\/prochoix.org\/index.php?rest_route=%2Fwp%2Fv2%2Fmedia&parent=796"}],"wp:term":[{"taxonomy":"category","embeddable":true,"href":"https:\/\/prochoix.org\/index.php?rest_route=%2Fwp%2Fv2%2Fcategories&post=796"},{"taxonomy":"post_tag","embeddable":true,"href":"https:\/\/prochoix.org\/index.php?rest_route=%2Fwp%2Fv2%2Ftags&post=796"}],"curies":[{"name":"wp","href":"https:\/\/api.w.org\/{rel}","templated":true}]}}