{"id":823,"date":"2016-01-30T12:27:13","date_gmt":"2016-01-30T11:27:13","guid":{"rendered":"http:\/\/www.prochoix.org\/wordpress\/?p=823"},"modified":"2016-01-30T12:31:56","modified_gmt":"2016-01-30T11:31:56","slug":"civitas-ne-se-financera-plus-avec-nos-impots","status":"publish","type":"post","link":"https:\/\/prochoix.org\/?p=823","title":{"rendered":"Civitas ne se financera plus avec nos imp\u00f4ts !"},"content":{"rendered":"<header class=\"post-header cf\">\n<h1 class=\"post-title\"><a href=\"http:\/\/www.prochoix.org\/wordpress\/wp-content\/uploads\/2016\/01\/Part-PAR-Par7876583-1-1-0.jpg\"><img loading=\"lazy\" decoding=\"async\" class=\"alignnone size-full wp-image-829\" src=\"http:\/\/www.prochoix.org\/wordpress\/wp-content\/uploads\/2016\/01\/Part-PAR-Par7876583-1-1-0.jpg\" alt=\"Part-PAR-Par7876583-1-1-0\" width=\"630\" height=\"315\" srcset=\"https:\/\/prochoix.org\/wp-content\/uploads\/2016\/01\/Part-PAR-Par7876583-1-1-0.jpg 630w, https:\/\/prochoix.org\/wp-content\/uploads\/2016\/01\/Part-PAR-Par7876583-1-1-0-300x150.jpg 300w\" sizes=\"(max-width: 630px) 100vw, 630px\" \/><\/a><\/h1>\n<header class=\"post-header cf\">\n<header class=\"post-header cf\">\n<h1 class=\"post-title\">Communiqu\u00e9<\/h1>\n<\/header>\n<div class=\"post-meta\"><span class=\"posted-by\">PAR\u00a0<span class=\"reviewer\"><a title=\"Articles par l'UFAL\" href=\"http:\/\/www.ufal.org\/author\/monbouc\/\" rel=\"author\">L&rsquo;UFAL<\/a><\/span>\u00a0<\/span><span class=\"posted-on\">LE\u00a0<span class=\"dtreviewed\"><time class=\"value-datetime\" datetime=\"2016-01-29T20:20:53+00:00\">29 JANVIER 2016\u00a0<\/time><\/span><\/span><\/div>\n<\/header>\n<p class=\"post-meta\">\n<p class=\"post-meta\">\u00a0Il y a plus de 3 ans que l\u2019UFAL r\u00e9clame que l\u2019<a href=\"http:\/\/www.ufal.org\/tag\/civitas\/\">officine catholique d\u2019extr\u00eame droite Civitas<\/a>\u00a0ne soit plus autoris\u00e9e \u00e0 percevoir des fonds publics au titre de l\u2019int\u00e9r\u00eat g\u00e9n\u00e9ral. Aujourd\u2019hui,\u00a0<a href=\"http:\/\/www.ufal.org\/famille\/stop-au-financement-public-de-civitas\/\">nous pouvons annoncer aux 16.000 signataires de notre p\u00e9tition \u201cContre le financement public de Civitas\u201d<\/a>\u00a0que nous avons remport\u00e9 une belle victoire : l\u2018administration fiscale nous a entendue, puisque le pr\u00e9sident de Civitas annonce sur une site d\u2019extr\u00eame droite que la\u00a0<a href=\"http:\/\/www.medias-presse.info\/la-republique-maconnique-veut-etrangler-civitas\/48248\">R\u00e9publique ma\u00e7onnique (<em>sic<\/em>) veut \u00e9trangler Civitas<\/a>\u00a0!\u00a0Alain Escada d\u00e9plore que Civitas, victime d\u2019un \u201c<em>complot r\u00e9publico-ma\u00e7onnique<\/em>\u201c, ne pourra plus, d\u00e9sormais, \u00e9mettre de re\u00e7us dons et surtout qu\u2019ils vont avoir un redressement fiscal de 55000\u20ac.<\/p>\n<\/header>\n<div class=\"post-container cf\">\n<div class=\"post-content-right\">\n<div class=\"post-content description\">\n<p>Aucun complot derri\u00e8re cette victoire, seulement le r\u00e9sultat d\u2019une p\u00e9tition qui alertait les services fiscaux et qui aboutit au respect des r\u00e8gles fiscales dont s\u2019affranchissait en toute connaissance de cause Civitas. Il ne s\u2019agit nullement d\u2019une victoire de la \u201c<em>R\u00e9publique ma\u00e7onnique<\/em>\u201c, mais de la R\u00e9publique tout court, et des citoyens.<\/p>\n<p>En effet, les int\u00e9gristes de Civitas incitaient au financement de leurs m\u00e9faits en sollicitant des dons de particuliers et de soci\u00e9t\u00e9s, dons qui faisaient b\u00e9n\u00e9ficier les donateurs de d\u00e9duction fiscale. Cette possibilit\u00e9 \u00e9tant r\u00e9serv\u00e9e aux associations d\u2019int\u00e9r\u00eat g\u00e9n\u00e9ral, ou d\u2019utilit\u00e9 publique, nous avions lanc\u00e9 une p\u00e9tition pour que l\u2019administration fiscale fasse cesser cette forfaiture, Civitas ayant pour seul objet la lutte, parfois violente\u00a0<span id=\"footnote_plugin_tooltip_1\" class=\"footnote_plugin_tooltip_text\">(1)<\/span>, contre la R\u00e9publique.<\/p>\n<p>L\u2019UFAL se r\u00e9jouit de cette d\u00e9cision et salue le travail de l\u2019administration fiscale.<\/p>\n<\/div>\n<\/div>\n<\/div>\n","protected":false},"excerpt":{"rendered":"<p>Communiqu\u00e9 PAR\u00a0L&rsquo;UFAL\u00a0LE\u00a029 JANVIER 2016\u00a0 \u00a0Il y a plus de 3 ans que l\u2019UFAL r\u00e9clame que l\u2019officine catholique d\u2019extr\u00eame droite Civitas\u00a0ne soit plus autoris\u00e9e \u00e0 percevoir des fonds publics au titre de l\u2019int\u00e9r\u00eat g\u00e9n\u00e9ral. Aujourd\u2019hui,\u00a0nous pouvons annoncer aux 16.000 signataires de notre p\u00e9tition \u201cContre le financement public de Civitas\u201d\u00a0que nous avons remport\u00e9 une belle victoire : &hellip; <a href=\"https:\/\/prochoix.org\/?p=823\" class=\"more-link\">Continuer la lecture de <span class=\"screen-reader-text\">Civitas ne se financera plus avec nos imp\u00f4ts !<\/span>  <span class=\"meta-nav\">&rarr;<\/span><\/a><\/p>\n","protected":false},"author":1,"featured_media":0,"comment_status":"open","ping_status":"open","sticky":false,"template":"","format":"standard","meta":{"footnotes":""},"categories":[17],"tags":[142,143],"_links":{"self":[{"href":"https:\/\/prochoix.org\/index.php?rest_route=\/wp\/v2\/posts\/823"}],"collection":[{"href":"https:\/\/prochoix.org\/index.php?rest_route=\/wp\/v2\/posts"}],"about":[{"href":"https:\/\/prochoix.org\/index.php?rest_route=\/wp\/v2\/types\/post"}],"author":[{"embeddable":true,"href":"https:\/\/prochoix.org\/index.php?rest_route=\/wp\/v2\/users\/1"}],"replies":[{"embeddable":true,"href":"https:\/\/prochoix.org\/index.php?rest_route=%2Fwp%2Fv2%2Fcomments&post=823"}],"version-history":[{"count":8,"href":"https:\/\/prochoix.org\/index.php?rest_route=\/wp\/v2\/posts\/823\/revisions"}],"predecessor-version":[{"id":833,"href":"https:\/\/prochoix.org\/index.php?rest_route=\/wp\/v2\/posts\/823\/revisions\/833"}],"wp:attachment":[{"href":"https:\/\/prochoix.org\/index.php?rest_route=%2Fwp%2Fv2%2Fmedia&parent=823"}],"wp:term":[{"taxonomy":"category","embeddable":true,"href":"https:\/\/prochoix.org\/index.php?rest_route=%2Fwp%2Fv2%2Fcategories&post=823"},{"taxonomy":"post_tag","embeddable":true,"href":"https:\/\/prochoix.org\/index.php?rest_route=%2Fwp%2Fv2%2Ftags&post=823"}],"curies":[{"name":"wp","href":"https:\/\/api.w.org\/{rel}","templated":true}]}}