{"id":845,"date":"2016-02-12T10:19:22","date_gmt":"2016-02-12T09:19:22","guid":{"rendered":"http:\/\/www.prochoix.org\/wordpress\/?p=845"},"modified":"2016-02-12T10:28:40","modified_gmt":"2016-02-12T09:28:40","slug":"associer-les-droits-des-femmes-a-la-famille-et-a-lenfance-suscite-de-serieuses-preoccupations","status":"publish","type":"post","link":"https:\/\/prochoix.org\/?p=845","title":{"rendered":"Associer les droits des femmes \u00e0 la famille et \u00e0 l&rsquo;enfance suscite de s\u00e9rieuses pr\u00e9occupations"},"content":{"rendered":"<div><strong>COMMUNIQUE DE PRESSE du 11 FEVRIER 2016<\/strong><br \/>\nde Danielle BOUSQUET, Chantal JOUANNO et Pascale VION<\/div>\n<div>\n<h4 class=\"null\"><\/h4>\n<h4 class=\"null\"><strong>Remaniement minist\u00e9riel:<\/strong><br \/>\n<strong>Associer les droits des femmes \u00e0 la famille et \u00e0 l&rsquo;enfance<br \/>\nsuscite de s\u00e9rieuses pr\u00e9occupations<\/strong><\/h4>\n<div>Parit\u00e9 au nouveau Gouvernement\u00a0: nous nous en f\u00e9licitons. Mais, mettre sous un m\u00eame Minist\u00e8re \u00ab\u00a0la famille, l\u2019enfance et les droits des femmes\u00a0\u00bb, n\u2019est-ce pas enfermer les femmes dans le r\u00f4le st\u00e9r\u00e9otyp\u00e9 qui leur est assign\u00e9 depuis des si\u00e8cles\u00a0:\u00a0<strong>celui d\u2019\u00e9pouse et de m\u00e8re\u00a0?<\/strong>La formulation et le p\u00e9rim\u00e8tre de ce Minist\u00e8re sont d\u2019autant plus d\u00e9concertants que, depuis 4 ans, les avanc\u00e9es en mati\u00e8re d\u2019\u00e9galit\u00e9 femmes-hommes sont incontestables. La Loi sur l\u2019\u00e9galit\u00e9 r\u00e9elle du 4 ao\u00fbt 2014 avait, en effet, consacr\u00e9 l\u2019enracinement de l\u2019\u00e9galit\u00e9 entre les femmes et les hommes dans toutes les politiques publiques.<strong>\u00a0Pour autant, tellement d\u2019in\u00e9galit\u00e9s perdurent.<\/strong><\/p>\n<p>A cette aune-l\u00e0, nous nous interrogeons sur le p\u00e9rim\u00e8tre du Secr\u00e9tariat d\u2019Etat charg\u00e9 de l\u2019\u00e9galit\u00e9 r\u00e9elle.\u00a0<strong>Nous attendons des clarifications et des assurances du Gouvernement quant \u00e0 son engagement en mati\u00e8re de droits des femmes et d\u2019\u00e9galit\u00e9 entre les sexes.<\/strong><\/p>\n<p><strong>Danielle BOUSQUET<\/strong>, Pr\u00e9sidente du Haut Conseil \u00e0 l\u2019Egalit\u00e9 entre les femmes et les hommes,<br \/>\n<strong>Chantal JOUANNO<\/strong>,\u00a0 Pr\u00e9sidente de la D\u00e9l\u00e9gation aux droits des femmes et \u00e0 l\u2019\u00e9galit\u00e9 du S\u00e9nat<br \/>\n<strong>Pascale VION<\/strong>, Pr\u00e9sidente de la D\u00e9l\u00e9gation aux droits des femmes et \u00e0 l\u2019\u00e9galit\u00e9 du CESE<\/p>\n<\/div>\n<\/div>\n","protected":false},"excerpt":{"rendered":"<p>COMMUNIQUE DE PRESSE du 11 FEVRIER 2016 de Danielle BOUSQUET, Chantal JOUANNO et Pascale VION Remaniement minist\u00e9riel: Associer les droits des femmes \u00e0 la famille et \u00e0 l&rsquo;enfance suscite de s\u00e9rieuses pr\u00e9occupations Parit\u00e9 au nouveau Gouvernement\u00a0: nous nous en f\u00e9licitons. Mais, mettre sous un m\u00eame Minist\u00e8re \u00ab\u00a0la famille, l\u2019enfance et les droits des femmes\u00a0\u00bb, n\u2019est-ce &hellip; <a href=\"https:\/\/prochoix.org\/?p=845\" class=\"more-link\">Continuer la lecture de <span class=\"screen-reader-text\">Associer les droits des femmes \u00e0 la famille et \u00e0 l&rsquo;enfance suscite de s\u00e9rieuses pr\u00e9occupations<\/span>  <span class=\"meta-nav\">&rarr;<\/span><\/a><\/p>\n","protected":false},"author":1,"featured_media":0,"comment_status":"open","ping_status":"open","sticky":false,"template":"","format":"standard","meta":{"footnotes":""},"categories":[7],"tags":[],"_links":{"self":[{"href":"https:\/\/prochoix.org\/index.php?rest_route=\/wp\/v2\/posts\/845"}],"collection":[{"href":"https:\/\/prochoix.org\/index.php?rest_route=\/wp\/v2\/posts"}],"about":[{"href":"https:\/\/prochoix.org\/index.php?rest_route=\/wp\/v2\/types\/post"}],"author":[{"embeddable":true,"href":"https:\/\/prochoix.org\/index.php?rest_route=\/wp\/v2\/users\/1"}],"replies":[{"embeddable":true,"href":"https:\/\/prochoix.org\/index.php?rest_route=%2Fwp%2Fv2%2Fcomments&post=845"}],"version-history":[{"count":2,"href":"https:\/\/prochoix.org\/index.php?rest_route=\/wp\/v2\/posts\/845\/revisions"}],"predecessor-version":[{"id":847,"href":"https:\/\/prochoix.org\/index.php?rest_route=\/wp\/v2\/posts\/845\/revisions\/847"}],"wp:attachment":[{"href":"https:\/\/prochoix.org\/index.php?rest_route=%2Fwp%2Fv2%2Fmedia&parent=845"}],"wp:term":[{"taxonomy":"category","embeddable":true,"href":"https:\/\/prochoix.org\/index.php?rest_route=%2Fwp%2Fv2%2Fcategories&post=845"},{"taxonomy":"post_tag","embeddable":true,"href":"https:\/\/prochoix.org\/index.php?rest_route=%2Fwp%2Fv2%2Ftags&post=845"}],"curies":[{"name":"wp","href":"https:\/\/api.w.org\/{rel}","templated":true}]}}