{"id":848,"date":"2016-02-15T07:24:22","date_gmt":"2016-02-15T06:24:22","guid":{"rendered":"http:\/\/www.prochoix.org\/wordpress\/?p=848"},"modified":"2016-02-15T07:31:23","modified_gmt":"2016-02-15T06:31:23","slug":"enlevee-par-boko-haram-assiatou-et-mina-kaci","status":"publish","type":"post","link":"https:\/\/prochoix.org\/?p=848","title":{"rendered":"Enlev\u00e9e par Boko Haram  (Assiatou et Mina Kaci)"},"content":{"rendered":"<p>Assiatou a quatorze ans. Sa vie bascule le 24 novembre 2014 quand Boko Haram fait main basse sur sa ville, Damasak au nord-est du Nigeria. En entendant les tirs des kalachnikovs retentir, sa m\u00e8re se pr\u00e9cipite dans l\u2019\u00e9cole pour la r\u00e9cup\u00e9rer, sachant que les sanguinaires sont l\u00e0 pour enlever les jeunes et jolies filles.<\/p>\n<p>Assiatou raconte comment elle est conduite dans une maison confisqu\u00e9e \u00e0 ses propri\u00e9taires o\u00f9 , avec une quarantaine d\u2019adolescentes, on la soumet \u00e0 un apprentissage intensif du Coran, aux t\u00e2ches m\u00e9nag\u00e8res&#8230; Un rituel qu\u2019elles suivent toutes pendant plusieurs jours jusqu\u2019\u00e0 la date fatidique de leur livraison \u00e0 \u00ab\u00a0l\u2019\u00e9poux\u00a0\u00bb. Celui d\u2019Assiatou \u00e0 l\u2019\u00e2ge de son p\u00e8re. La jeune fille quitte alors une prison pour une autre.<br \/>\nMari\u00e9e de force, viol\u00e9e, elle n\u2019a qu\u2019une id\u00e9e en t\u00eate\u00a0: fuir le plus possible de cet homme, qu\u2019elle nomme \u00ab\u00a0le criminel\u00a0\u00bb, loin de la ge\u00f4le, loin du Nig\u00e9ria, sa terre natale. Elle adopte alors un comportement exemplaire lui permettant quelques moments de libert\u00e9 pour une balade avec trois amies, elles aussi prisonni\u00e8res. Ensemble, elles fomentent leur \u00e9vasion en direction de la fronti\u00e8re du Niger. C\u2019est dans ce pays qu\u2019Assiatou retrouve sa famille. C\u2019est ici qu\u2019elle obtient le statut de r\u00e9fugi\u00e9e. C\u2019est ici qu\u2019elle esp\u00e8re gagner une nouvelle vie, notamment par le biais du retour \u00e0 l\u2019\u00e9cole.<\/p>\n<p>Mina Kaci est journaliste \u00e0 l\u2019Humanit\u00e9.<\/p>\n<p>Editeur Michel Lafon<\/p>\n","protected":false},"excerpt":{"rendered":"<p>Assiatou a quatorze ans. Sa vie bascule le 24 novembre 2014 quand Boko Haram fait main basse sur sa ville, Damasak au nord-est du Nigeria. En entendant les tirs des kalachnikovs retentir, sa m\u00e8re se pr\u00e9cipite dans l\u2019\u00e9cole pour la r\u00e9cup\u00e9rer, sachant que les sanguinaires sont l\u00e0 pour enlever les jeunes et jolies filles. Assiatou &hellip; <a href=\"https:\/\/prochoix.org\/?p=848\" class=\"more-link\">Continuer la lecture de <span class=\"screen-reader-text\">Enlev\u00e9e par Boko Haram  (Assiatou et Mina Kaci)<\/span>  <span class=\"meta-nav\">&rarr;<\/span><\/a><\/p>\n","protected":false},"author":1,"featured_media":0,"comment_status":"open","ping_status":"open","sticky":false,"template":"","format":"standard","meta":{"footnotes":""},"categories":[34],"tags":[],"_links":{"self":[{"href":"https:\/\/prochoix.org\/index.php?rest_route=\/wp\/v2\/posts\/848"}],"collection":[{"href":"https:\/\/prochoix.org\/index.php?rest_route=\/wp\/v2\/posts"}],"about":[{"href":"https:\/\/prochoix.org\/index.php?rest_route=\/wp\/v2\/types\/post"}],"author":[{"embeddable":true,"href":"https:\/\/prochoix.org\/index.php?rest_route=\/wp\/v2\/users\/1"}],"replies":[{"embeddable":true,"href":"https:\/\/prochoix.org\/index.php?rest_route=%2Fwp%2Fv2%2Fcomments&post=848"}],"version-history":[{"count":1,"href":"https:\/\/prochoix.org\/index.php?rest_route=\/wp\/v2\/posts\/848\/revisions"}],"predecessor-version":[{"id":849,"href":"https:\/\/prochoix.org\/index.php?rest_route=\/wp\/v2\/posts\/848\/revisions\/849"}],"wp:attachment":[{"href":"https:\/\/prochoix.org\/index.php?rest_route=%2Fwp%2Fv2%2Fmedia&parent=848"}],"wp:term":[{"taxonomy":"category","embeddable":true,"href":"https:\/\/prochoix.org\/index.php?rest_route=%2Fwp%2Fv2%2Fcategories&post=848"},{"taxonomy":"post_tag","embeddable":true,"href":"https:\/\/prochoix.org\/index.php?rest_route=%2Fwp%2Fv2%2Ftags&post=848"}],"curies":[{"name":"wp","href":"https:\/\/api.w.org\/{rel}","templated":true}]}}