{"id":852,"date":"2016-02-01T17:44:31","date_gmt":"2016-02-01T16:44:31","guid":{"rendered":"http:\/\/www.prochoix.org\/wordpress\/?p=852"},"modified":"2016-02-15T07:45:11","modified_gmt":"2016-02-15T06:45:11","slug":"laicite-les-4-fautes-de-lobservatoire-jean-glavany","status":"publish","type":"post","link":"https:\/\/prochoix.org\/?p=852","title":{"rendered":"La\u00efcit\u00e9 : les 4 fautes de l\u2019Observatoire (Jean Glavany)"},"content":{"rendered":"<div id=\"post-body-131343251864686527\" class=\"post-body entry-content\">\n<div align=\"JUSTIFY\">L\u2019Observatoire de la La\u00efcit\u00e9 cr\u00e9\u00e9 opportun\u00e9ment il y a trois ans par le Pr\u00e9sident de la R\u00e9publique traverse une grave crise.<\/div>\n<div align=\"JUSTIFY\">Ce qui doit nous importer c\u2019est le d\u00e9bat d\u2019id\u00e9es et l\u2019efficacit\u00e9 de l\u2019action publique au service de la R\u00e9publique. C\u2019est parce que je m\u2019inscris dans cette optique que j\u2019ai refus\u00e9 de signer la p\u00e9tition \u2013exprimant pourtant une exasp\u00e9ration l\u00e9gitime- demandant la d\u00e9mission de Jean-Louis Bianco\u00a0: l\u00e0 n\u2019est pas la question et une d\u00e9mission ajouterait de la crise \u00e0 la crise\u00a0; la question tient au fond des choses.<\/div>\n<div align=\"JUSTIFY\">Sans agressivit\u00e9 aucune, avec le souci de faire progresser le d\u00e9bat, je veux regarder lucidement les quatre fautes de l\u2019Observatoire de la La\u00efcit\u00e9\u00a0: une faute juridique, une faute d\u00e9ontologique, une faute politique et une faute morale.<\/div>\n<ul>\n<li>\n<div align=\"JUSTIFY\">La faute juridique. Le Pr\u00e9sident de l\u2019Observatoire dit \u00ab\u00a0nous sommes ind\u00e9pendants, le Premier Ministre n\u2019a pas \u00e0 s\u2019exprimer sur notre action\u00a0\u00bb.<\/div>\n<\/li>\n<\/ul>\n<div align=\"JUSTIFY\">Un observatoire plac\u00e9, selon l\u2019article 1 du d\u00e9cret le cr\u00e9ant \u00ab\u00a0aupr\u00e8s du Premier Ministre\u00a0\u00bb et charg\u00e9 de \u00ab\u00a0conseiller le gouvernement\u00a0\u00bb serait ind\u00e9pendant\u00a0?<\/div>\n<div align=\"JUSTIFY\">Un observatoire dont la composition r\u00e9unit, outre des parlementaires et des personnalit\u00e9s qualifi\u00e9es, plusieurs repr\u00e9sentants des minist\u00e8res serait ind\u00e9pendant\u00a0?<\/div>\n<div align=\"JUSTIFY\">Je me souviens que, du temps de Jean-Marc Ayrault, \u00e0 propos du dossier Baby-Loup, le Pr\u00e9sident de l\u2019Observatoire avait fait arbitrer Matignon pour que tous les fonctionnaires pr\u00e9sents votent dans son sens\u00a0! Bonjour l\u2019ind\u00e9pendance\u2026<\/div>\n<div align=\"JUSTIFY\">Voil\u00e0 d\u00e9j\u00e0 une bonne raison pour laquelle le \u00ab\u00a0rappel \u00e0 l\u2019ordre\u00a0\u00bb de Manuel Valls \u00e9tait bienvenu.<\/div>\n<div align=\"RIGHT\"><\/div>\n<ul>\n<li>\n<div align=\"JUSTIFY\">La faute d\u00e9ontologique\u00a0: l\u2019Observatoire \u00e9tant \u00ab\u00a0divers\u00a0\u00bb, il m\u2019appara\u00eet qu\u2019il devait s\u2019en tenir \u00e0 une certaine neutralit\u00e9, un certain devoir de r\u00e9serve\u00a0:<\/div>\n<\/li>\n<\/ul>\n<div align=\"JUSTIFY\">Loin de \u00e7a, l\u2019Observatoire se m\u00eale d\u2019un d\u00e9bat public, signe des p\u00e9titions, condamne&#8230; Et voil\u00e0 le pire\u00a0: la crise \u00e9clate \u00e0 propos d\u2019un tweet de son rapporteur g\u00e9n\u00e9ral critiquant Elisabeth Badinter pour une intervention respectable sur une radio publique. J\u2019avais attir\u00e9 l\u2019attention de Bianco sur le double risque des tweets\u00a0: 140 signes pour traiter de sujets si sensibles et complexes ajout\u00e9s \u00e0 la tentation de \u00ab\u00a0faire le buzz\u00a0\u00bb, c\u2019\u00e9tait tellement risqu\u00e9 que \u00e7a courait droit \u00e0 la catastrophe. Nous y sommes.<\/div>\n<div align=\"JUSTIFY\">J\u2019ajoute, et je le maintiens avec fermet\u00e9 qu\u2019il me semble que \u00e7a n\u2019est pas la mission d\u2019une institution de la R\u00e9publique, quelle qu\u2019elle soit, de pol\u00e9miquer avec une intellectuelle honorable, quelle qu\u2019elle soit, a fortiori sans en avoir d\u00e9lib\u00e9r\u00e9 collectivement. La R\u00e9publique ce sont aussi des principes de comportements, des interdits qu\u2019il faut rappeler de temps en temps. Deuxi\u00e8me bonne raison du rappel \u00e0 l\u2019Ordre du Premier Ministre.<\/div>\n<ul>\n<li>\n<div align=\"JUSTIFY\">La faute politique. Continuons \u00e0 \u00eatre clair\u00a0: les responsables de l\u2019Observatoire voudraient nous faire croire qu\u2019il s\u2019agirait du retour du d\u00e9bat de 1905 entre Aristide Briand, tenant de la libert\u00e9 de conscience et Combes, l\u2019antireligieux c\u00e9l\u00e8bre. Aujourd\u2019hui, entre l\u2019Observatoire et les \u00ab\u00a0int\u00e9gristes la\u00efques\u00a0\u00bb qui voudraient interdire aux religions de s\u2019exprimer sous quelque forme que ce soit dans l\u2019espace public.<\/div>\n<\/li>\n<\/ul>\n<div align=\"JUSTIFY\">Cette pr\u00e9sentation des choses est caricaturale et fallacieuse. D\u2019abord parce que je ne sais pas ce qu\u2019est un \u00ab\u00a0int\u00e9griste la\u00efque\u00a0\u00bb quand il s\u2019agit d\u2019affirmer la plus belle de nos libert\u00e9s, la libert\u00e9 de conscience. Le \u00ab\u00a0la\u00efcisme int\u00e9griste\u00a0\u00bb est un concept artificiel invent\u00e9 pour combattre, en les d\u00e9valuant, les d\u00e9fenseurs d\u2019une la\u00efcit\u00e9 sans adjectif.<\/div>\n<div align=\"JUSTIFY\">Ensuite parce que je me sens aussi proche d\u2019Aristide Briand (et de Ferdinand Buisson\u00a0! et de Jaur\u00e8s\u00a0!) qu\u2019\u00e9loign\u00e9 du p\u00e8re Combes et que je ne me reconnais donc pas dans cette pr\u00e9sentation.<\/div>\n<div align=\"JUSTIFY\">De quoi s\u2019agit-il\u00a0? La Gauche r\u00e9publicaine et la\u00efque depuis plus d\u2019un si\u00e8cle a toujours \u00e9t\u00e9 travers\u00e9e par deux courants de pens\u00e9e\u00a0: l\u2019un plus attach\u00e9 aux droits de l\u2019homme et \u00e0 la diversit\u00e9\u00a0; l\u2019autre plus r\u00e9publicain, attach\u00e9 \u00e0 l\u2019unit\u00e9 et au commun. Comme le dit R\u00e9gis Debray dans Le Monde du 27 janvier \u00ab\u00a0qu\u2019il y ait dans notre tradition, deux gauches comme il y a trois droites, cela s\u2019apprend en 1<sup>\u00e8re<\/sup>\u00a0ann\u00e9e de Sciences Po\u00a0\u00bb\u00a0! Pour moi \u00eatre socialiste, c\u2019est conjuguer les deux, c\u2019est tenir les deux bouts de la cha\u00eene, qui r\u00e9unit ces deux courants qui sont, l\u2019un et l\u2019autre, authentiquement de gauche. Car la La\u00efcit\u00e9, c\u2019est le respect des sp\u00e9cificit\u00e9s ET leur d\u00e9passement, c\u2019est la conjugaison de la diversit\u00e9 ET l\u2019unit\u00e9, ce sont les droits ET les devoirs.<\/div>\n<div align=\"JUSTIFY\">Si l\u2019on oublie le \u00ab\u00a0ET\u00a0\u00bb, on ampute la la\u00efcit\u00e9\u00a0: le communautarisme respecte les diff\u00e9rences\u00a0! Mais il ne cherche pas \u00e0 les d\u00e9passer\u2026<\/div>\n<div align=\"JUSTIFY\">Or, depuis la cr\u00e9ation de l\u2019Observatoire de la La\u00efcit\u00e9, son Pr\u00e9sident n\u2019a cess\u00e9 de dresser ces deux familles l\u2019une contre l\u2019autre et, pour \u00eatre plus pr\u00e9cis, pour donner syst\u00e9matiquement raison \u00e0 l\u2019une contre l\u2019autre. On aura devin\u00e9 laquelle.<\/div>\n<div align=\"JUSTIFY\">L\u00e0 est la faute politique car cela divise le monde la\u00efque. Et toute division est un affaiblissement. Troisi\u00e8me bonne raison pour Manuel Valls\u2026<\/div>\n<ul>\n<li>\n<div align=\"JUSTIFY\">Reste la quatri\u00e8me faute, qui touche \u00e0 la situation de notre pays en ces heures douloureuses. La France est en guerre avec un int\u00e9grisme religieux particulier, l\u2019int\u00e9grisme islamiste, le fanatisme djihadiste de barbares qui assassinent nos fils et nos compagnes jusque dans nos r\u00e9dactions, nos \u00e9piceries, nos bistrots et nos salles de spectacles et qui menacent \u00e0 pr\u00e9sent jusqu\u2019\u00e0 nos \u00e9coles et nos enseignants. Face \u00e0 cette agression terrible, il faut avoir les id\u00e9es claires et les paroles justes.<\/div>\n<\/li>\n<\/ul>\n<div align=\"JUSTIFY\">Nous, R\u00e9publicains, la\u00efques et progressistes ne pouvons pas r\u00e9pondre \u00e0 un amalgame par un autre\u00a0!<\/div>\n<div align=\"JUSTIFY\">Face \u00e0 l\u2019amalgame irresponsable et dangereux du Front National devant l\u2019Islam et les musulmans, les assimilant \u00e0 un danger global et indistinct, nous ne devons pas r\u00e9pondre par un autre amalgame sur le th\u00e8me \u00ab\u00a0tout le monde il est beau, tout le monde il est gentil\u00a0\u00bb\u00a0!<\/div>\n<div align=\"JUSTIFY\">Ne qualifions pas le Front National de tenant d\u2019une \u00ab\u00a0la\u00efcit\u00e9 dure\u00a0\u00bb alors qu\u2019il n\u2019est pas la\u00efque du tout, pour inventer je ne sais quelle \u00ab\u00a0la\u00efcit\u00e9 molle\u00a0\u00bb par souci de se diff\u00e9rencier de lui. Soyons la la\u00efcit\u00e9 tout simplement.<\/div>\n<div align=\"JUSTIFY\">\u00ab\u00a0Mal nommer les choses, c\u2019est ajouter \u00e0 la mis\u00e8re du monde\u00a0\u00bb disait Camus et, justement, la d\u00e9mocratie ce n\u2019est pas l\u2019amalgame, c\u2019est la diff\u00e9renciation. Notre devoir, c\u2019est aujourd\u2019hui de distinguer, de diff\u00e9rencier l\u2019immense majorit\u00e9 des musulmans de France qui sont r\u00e9publicains et la\u00efques, et qu\u2019il faut aider, d\u2019une minorit\u00e9 d\u2019int\u00e9gristes, fanatiques et dangereux qu\u2019il faut combattre.<\/div>\n<div align=\"JUSTIFY\">Notre devoir c\u2019est de critiquer l\u2019islam, comme toute autre religion, non pas par principe mais quand il porte atteinte aux droits universels et, notamment \u00e0 l\u2019\u00e9galit\u00e9 hommes-femmes.<\/div>\n<div align=\"JUSTIFY\">Il n\u2019est pas indiff\u00e9rent que ce d\u00e9bat explose apr\u00e8s qu\u2019Elisabeth Badinter ait justement d\u00e9montr\u00e9 que le concept d\u2019islamophobie a \u00e9t\u00e9 invent\u00e9, construit et promu par les int\u00e9gristes musulmans et leurs pr\u00e9dicateurs obscurs pour coaliser les musulmans de France autour d\u2019eux en leur faisant croire que la R\u00e9publique et la La\u00efcit\u00e9 seraient antireligieux. \u00ab\u00a0Il n\u2019y a rien \u00e0 esp\u00e9rer de la R\u00e9publique, elle nous combat, elle nous emp\u00eache de croire librement\u00a0\u00bb veulent-ils convaincre. Avant de convaincre de l\u2019\u00e9tape suivante\u2026<\/div>\n<div align=\"JUSTIFY\">Ce raisonnement d\u2019Elisabeth Badinter a \u00e9t\u00e9, avant elle, fort bien d\u00e9montr\u00e9 par Gilles Kepel dans son dernier ouvrage ou par Caroline Fourest et Fiammetta Venner dans leurs travaux depuis plus de 10 ans. Ou bien \u2013encore lui\u00a0!- R\u00e9gis Debray qui disait cette semaine que \u00ab\u00a0le chantage \u00e0 l\u2019islamophobie est insupportable\u00a0\u00bb.<\/div>\n<div align=\"JUSTIFY\">C\u2019est pourquoi il ne faut pas avoir peur de se faire traiter d\u2019islamophobe si c\u2019est le prix \u00e0 payer pour \u00eatre libre de d\u00e9noncer ce stratag\u00e8me mortif\u00e8re. Si c\u2019est le prix \u00e0 payer pour \u00eatre efficaces dans notre lutte sans merci. Allons\u00a0! Serons-nous assez aveugles pour ne pas voir que l\u2019islam radical m\u00e8ne, contre la la\u00efcit\u00e9, le m\u00eame combat que l\u2019\u00e9glise catholique en 1905\u00a0?<\/div>\n<div align=\"JUSTIFY\">Et c\u2019est pourquoi il peut \u00eatre dangereux de signer des textes avec des personnalit\u00e9s et des organisations, notamment religieuses, qui ne s\u2019\u00e9taient pas manifest\u00e9es apr\u00e8s les attentats de janvier parce qu\u2019elles pensaient \u00e0 voix \u00e0 peine basse que ceux de Charlie \u00ab\u00a0l\u2019avaient bien cherch\u00e9\u00a0\u00bb en se permettant de critiquer et de caricaturer une religion, les religions, bref en se permettant d\u2019\u00eatre libres. Pourquoi ces appels, pourquoi ces signatures aujourd\u2019hui et pas hier\u00a0?<\/div>\n<div align=\"JUSTIFY\">Etre la\u00efque aujourd\u2019hui \u00e7a n\u2019est pas tout accepter des religions sous pr\u00e9texte que la la\u00efcit\u00e9 n\u2019est pas et ne sera jamais antireligieuse. C\u2019est \u00eatre critique et exigeant avec elles, notamment pour qu\u2019elles se d\u00e9marquent sans ambig\u00fcit\u00e9 de leurs int\u00e9grismes respectifs. C\u2019est ainsi qu\u2019elles montreront leur fid\u00e9lit\u00e9 \u00e0 la R\u00e9publique.<\/div>\n<div align=\"JUSTIFY\">Ces questions il faut se les poser et y r\u00e9pondre clairement, hors de toute confusion. Il est temps de r\u00e9parer ces quatre fautes et de se remettre au travail avec le seul souci du rassemblement dans la clart\u00e9 pour le meilleur service de la La\u00efcit\u00e9.<\/div>\n<div align=\"JUSTIFY\"><\/div>\n<div><\/div>\n<\/div>\n<div class=\"post-footer\"><strong>\u00a0Jean Glavany<\/strong><\/div>\n","protected":false},"excerpt":{"rendered":"<p>L\u2019Observatoire de la La\u00efcit\u00e9 cr\u00e9\u00e9 opportun\u00e9ment il y a trois ans par le Pr\u00e9sident de la R\u00e9publique traverse une grave crise. Ce qui doit nous importer c\u2019est le d\u00e9bat d\u2019id\u00e9es et l\u2019efficacit\u00e9 de l\u2019action publique au service de la R\u00e9publique. C\u2019est parce que je m\u2019inscris dans cette optique que j\u2019ai refus\u00e9 de signer la p\u00e9tition &hellip; <a href=\"https:\/\/prochoix.org\/?p=852\" class=\"more-link\">Continuer la lecture de <span class=\"screen-reader-text\">La\u00efcit\u00e9 : les 4 fautes de l\u2019Observatoire (Jean Glavany)<\/span>  <span class=\"meta-nav\">&rarr;<\/span><\/a><\/p>\n","protected":false},"author":1,"featured_media":0,"comment_status":"open","ping_status":"open","sticky":false,"template":"","format":"standard","meta":{"footnotes":""},"categories":[17],"tags":[],"_links":{"self":[{"href":"https:\/\/prochoix.org\/index.php?rest_route=\/wp\/v2\/posts\/852"}],"collection":[{"href":"https:\/\/prochoix.org\/index.php?rest_route=\/wp\/v2\/posts"}],"about":[{"href":"https:\/\/prochoix.org\/index.php?rest_route=\/wp\/v2\/types\/post"}],"author":[{"embeddable":true,"href":"https:\/\/prochoix.org\/index.php?rest_route=\/wp\/v2\/users\/1"}],"replies":[{"embeddable":true,"href":"https:\/\/prochoix.org\/index.php?rest_route=%2Fwp%2Fv2%2Fcomments&post=852"}],"version-history":[{"count":1,"href":"https:\/\/prochoix.org\/index.php?rest_route=\/wp\/v2\/posts\/852\/revisions"}],"predecessor-version":[{"id":853,"href":"https:\/\/prochoix.org\/index.php?rest_route=\/wp\/v2\/posts\/852\/revisions\/853"}],"wp:attachment":[{"href":"https:\/\/prochoix.org\/index.php?rest_route=%2Fwp%2Fv2%2Fmedia&parent=852"}],"wp:term":[{"taxonomy":"category","embeddable":true,"href":"https:\/\/prochoix.org\/index.php?rest_route=%2Fwp%2Fv2%2Fcategories&post=852"},{"taxonomy":"post_tag","embeddable":true,"href":"https:\/\/prochoix.org\/index.php?rest_route=%2Fwp%2Fv2%2Ftags&post=852"}],"curies":[{"name":"wp","href":"https:\/\/api.w.org\/{rel}","templated":true}]}}