{"id":858,"date":"2016-03-03T10:05:53","date_gmt":"2016-03-03T09:05:53","guid":{"rendered":"http:\/\/www.prochoix.org\/wordpress\/?p=858"},"modified":"2016-03-03T11:06:27","modified_gmt":"2016-03-03T10:06:27","slug":"festival-viking-ou-pro-nazi","status":"publish","type":"post","link":"https:\/\/prochoix.org\/?p=858","title":{"rendered":"Festival \u00ab\u00a0viking\u00a0\u00bb ou pro-nazi ?"},"content":{"rendered":"<p>Du 21 au 24 juillet 2016, le petit village de Simandre sur Suran dans l\u2019Ain accueille pour la 2<sup>\u00e8me<\/sup> ann\u00e9e cons\u00e9cutive le \u00ab\u00a0festival viking\u00a0\u00bb Ragnard Fest.<\/p>\n<p>Au-del\u00e0 des animations folkloriques (combats, pr\u00e9sentation d\u2019armes ou de troupes slaves), la presse locale s\u2019interroge timidement sur la pr\u00e9sence du groupe ukrainien Nokturnal Mortum qui affichait il y a quelques ann\u00e9es ses sympathies pour le III\u00e8me Reich. Quels sont actuellement les liens entre musique viking, fascisme, et nazisme\u00a0?<\/p>\n<p>Il y a une vingtaine d\u2019ann\u00e9es, Nokturnal Mortum assumait son appartenance \u00e0 la sc\u00e8ne NSBM (National Socialist Black Metal), et plus largement \u00e0 l\u2019id\u00e9ologie \u00ab\u00a0nazie\u00a0\u00bb du Pagan Front tout en se distan\u00e7ant du \u201cnazisme vaincu\u201d d\u2019Hitler.<\/p>\n<p>Le groupe a b\u00e2ti sa renomm\u00e9e \u00e0 l\u2019aide de croix gamm\u00e9es et de chansons ouvertement antis\u00e9mites\u00a0:<\/p>\n<ul>\n<li>\n<blockquote><p>\u201cEverything I Own Is Given To The damned jewish tribe My Blood Is Calling Me, And I Won&rsquo;t Calm Down Until I Taste The Smell Of their blood The Moon Whispers About The Darkness The Stars Are Leading Me Through The Clouds Silver People With White Skin Are Gathering To Perform A Rite The Wisemen Are Cursing On The jewish scum And I See The WHITE MAN&rsquo;S POWER! Spit In jewish faces, Cut them Into Pieces Let them Choke With their Lie Let The Woods Grow Up On their corpses ONLY WHITE MAN&rsquo;S POWER! We Are The Only Ones To Have The Right For This Land!\u201d \u00ab\u00a0The Call of Aryan Spirit\u00a0\u00bb de l\u2019album NeChrist (\u041d\u0435\u0445\u0440\u0438\u0441\u0442\u044c), 1999, r\u00e9\u00e9dit\u00e9 14 fois depuis.<\/p><\/blockquote>\n<\/li>\n<\/ul>\n<p>Depuis quelques ann\u00e9es, le groupe a supprim\u00e9 ses r\u00e9f\u00e9rences au nazisme, mais a conserv\u00e9 ses d\u00e9guisements macabres et son public.<\/p>\n<p>Ce n\u2019est pas le seul groupe sulfureux. Le leader Rob Darken alias Robert Fudali alias Lord Wind du groupe polonais Graveland est connu pour ses d\u00e9clarations en faveur de la supr\u00e9matie de la \u00ab\u00a0race aryenne\u00a0\u00bb, contre la \u00ab\u00a0jud\u00e9o-chr\u00e9tient\u00e9\u00a0\u00bb, et pour de nombreux propos antis\u00e9mites sur la pr\u00e9tendue existence d\u2019un \u00ab\u00a0complot juif\u00a0\u00bb.<\/p>\n<p><a href=\"http:\/\/www.prochoix.org\/wordpress\/wp-content\/uploads\/2016\/03\/Capture-d\u2019\u00e9cran-2016-03-03-\u00e0-09.58.21.png\"><img loading=\"lazy\" decoding=\"async\" class=\"alignnone size-medium wp-image-859\" src=\"http:\/\/www.prochoix.org\/wordpress\/wp-content\/uploads\/2016\/03\/Capture-d\u2019\u00e9cran-2016-03-03-\u00e0-09.58.21-300x186.png\" alt=\"Capture d\u2019\u00e9cran 2016-03-03 \u00e0 09.58.21\" width=\"300\" height=\"186\" srcset=\"https:\/\/prochoix.org\/wp-content\/uploads\/2016\/03\/Capture-d\u2019\u00e9cran-2016-03-03-\u00e0-09.58.21-300x186.png 300w, https:\/\/prochoix.org\/wp-content\/uploads\/2016\/03\/Capture-d\u2019\u00e9cran-2016-03-03-\u00e0-09.58.21.png 694w\" sizes=\"(max-width: 300px) 100vw, 300px\" \/><\/a><\/p>\n<p>&nbsp;<\/p>\n<p>Cela n\u2019emp\u00eache pas les organisateurs de faire figurer Graveland en t\u00eate d\u2019affiche, aux cot\u00e9s de Nokturnal Mortum, Kroda, ou de Naer Mataron. Ce dernier est connu en Gr\u00e8ce comme le groupe de m\u00e9tal du d\u00e9put\u00e9 Giorgos Germenis, \u00e0 la fois bassiste du groupe, coupable d&rsquo;agression \u00e0 tendance raciste, et num\u00e9ro trois\u2026 du Parti criminel et n\u00e9onazi Aube Dor\u00e9e.<\/p>\n<p><a href=\"http:\/\/www.prochoix.org\/wordpress\/wp-content\/uploads\/2016\/03\/Capture-d\u2019\u00e9cran-2016-03-03-\u00e0-09.59.39.png\"><img loading=\"lazy\" decoding=\"async\" class=\"alignnone size-medium wp-image-860\" src=\"http:\/\/www.prochoix.org\/wordpress\/wp-content\/uploads\/2016\/03\/Capture-d\u2019\u00e9cran-2016-03-03-\u00e0-09.59.39-300x229.png\" alt=\"Capture d\u2019\u00e9cran 2016-03-03 \u00e0 09.59.39\" width=\"300\" height=\"229\" srcset=\"https:\/\/prochoix.org\/wp-content\/uploads\/2016\/03\/Capture-d\u2019\u00e9cran-2016-03-03-\u00e0-09.59.39-300x229.png 300w, https:\/\/prochoix.org\/wp-content\/uploads\/2016\/03\/Capture-d\u2019\u00e9cran-2016-03-03-\u00e0-09.59.39.png 464w\" sizes=\"(max-width: 300px) 100vw, 300px\" \/><\/a><\/p>\n<p>Germenis n\u2019h\u00e9site pas \u00e0 poser en cartouchi\u00e8res, arm\u00e9 de couteaux, &#8230; Avec sa bande, Il a agress\u00e9 des vendeurs a la sauvette en septembre 2012, puis attaqu\u00e9 le maire d\u2019Ath\u00e8nes en mais 2013 . Le 28 septembre 2013, un militant d\u2019Aube Dor\u00e9e assassine Pavlos Fyssas, encercl\u00e9 de 10 complices. 4000 armes ont \u00e9t\u00e9 d\u00e9couvertes suite aux perquisitions.<\/p>\n<p><a href=\"http:\/\/www.prochoix.org\/wordpress\/wp-content\/uploads\/2016\/03\/Capture-d\u2019\u00e9cran-2016-03-03-\u00e0-10.02.45.png\"><img loading=\"lazy\" decoding=\"async\" class=\"alignnone size-medium wp-image-861\" src=\"http:\/\/www.prochoix.org\/wordpress\/wp-content\/uploads\/2016\/03\/Capture-d\u2019\u00e9cran-2016-03-03-\u00e0-10.02.45-220x300.png\" alt=\"Capture d\u2019\u00e9cran 2016-03-03 \u00e0 10.02.45\" width=\"220\" height=\"300\" srcset=\"https:\/\/prochoix.org\/wp-content\/uploads\/2016\/03\/Capture-d\u2019\u00e9cran-2016-03-03-\u00e0-10.02.45-220x300.png 220w, https:\/\/prochoix.org\/wp-content\/uploads\/2016\/03\/Capture-d\u2019\u00e9cran-2016-03-03-\u00e0-10.02.45-751x1024.png 751w, https:\/\/prochoix.org\/wp-content\/uploads\/2016\/03\/Capture-d\u2019\u00e9cran-2016-03-03-\u00e0-10.02.45.png 1346w\" sizes=\"(max-width: 220px) 100vw, 220px\" \/><\/a><\/p>\n<p>Les liens entre certains groupes de m\u00e9tal pr\u00e9sents et l\u2019id\u00e9ologie antis\u00e9mite nazie sont multiples. Cependant, on aurait tord de consid\u00e9rer que ces musiciens sont de \u00ab\u00a0simples admirateurs\u00a0\u00bb d\u2019Hitler. Ils s\u2019inscrivent dans la mouvance \u00ab\u00a0Folkish\u00a0\u00bb, et plus largement dans l\u2019id\u00e9ologie Odaliste.<\/p>\n<p>\u00ab\u00a0Folkish\u00a0\u00bb est la contraction des termes \u00ab\u00a0Folk\u00a0\u00bb et \u00ab\u00a0Volkish\u00a0\u00bb. Cette mouvance entend m\u00ealer musique Folklorique pr\u00e9-chretienne, M\u00e9tal et mouvement Volkisch, courant intellectuel issu de l\u2019Allemagne de la fin du XIX\u00e8me si\u00e8cle qui m\u00ealait spiritualit\u00e9 pa\u00efenne, mythologie germanique, anti-monoth\u00e9isme et antis\u00e9mitisme. Les courants n\u00e9o-Volkisch se revendiquent de cet h\u00e9ritage, en affirmant une identit\u00e9 blanche, pa\u00efenne et mystique en opposition th\u00e9matiques contemporaines comme la modernit\u00e9, le lib\u00e9ralisme ou encore l\u2019immigration.<\/p>\n<p>Les paroles ont souvent pour th\u00e8mes la nature, la guerre, le pass\u00e9 m\u00e9di\u00e9val et mythologique, dans une rh\u00e9torique romantique. La radicalit\u00e9 n\u2019est pas omnipr\u00e9sente, voir absente dans les paroles de certains groupes. Elles mettent toutefois toujours en valeur la Weltanschauung, qui d\u00e9signe la conception du monde selon sa sensibilit\u00e9, c&rsquo;est-\u00e0-dire selon une grille de lecture identitaire et x\u00e9nophobe. Les disques sont parfois pr\u00e9sents au cot\u00e9 de grands groupes de m\u00e9tal, dans les grandes surfaces culturelles, les disquaires sp\u00e9cialis\u00e9s, les disquaires VPC complaisants, depuis 20 ans, mais maintenant la musique Folkish est tr\u00e8s majoritairement distribu\u00e9e par le biais d\u2019internet et les plateformes de t\u00e9l\u00e9chargement l\u00e9gal de musiques populaires actuelles\u00a0: itunes, \u2026 tout cela jouant un r\u00f4le \u00ab\u00a0validant\u00a0\u00bb.<\/p>\n<p>Les p\u00e8res conceptuels de la musique Folkish sont les meurtiers Kristian Vikernes (\u00e9galement terroriste (destructions d&rsquo;\u00e9glises) et cr\u00e9ateur de jeu de r\u00f4le odaliste) et Hendrik M\u00f6bus, dans les ann\u00e9es 1990. Ils sont \u00e9galement consid\u00e9r\u00e9s comme les p\u00e8res du NSBM. Id\u00e9ologues pa\u00efens, identitaires, ultranationalistes \u00ab\u00a0patriotes\u00a0\u00bb, \u00ab\u00a0dissidents\u00a0\u00bb \u00ab\u00a0anti-syst\u00e8me\u00a0\u00bb, ils ont d\u00e9velopp\u00e9 leur influence m\u00eame derri\u00e8re les barreaux de leur prison en Norv\u00e8ge et en Allemagne.<\/p>\n<p>La mouvance Folkish s\u2019inscrit dans l\u2019id\u00e9ologie Odaliste, n\u00e9e dans les ann\u00e9es 1990 \u00e9galement. Issue de la rune \u00ab\u00a0othalan\u00a0\u00bb de la mythologie germanique, elle signifie \u00ab\u00a0propri\u00e9t\u00e9, domaine\u00a0\u00bb, et d\u00e9signe l\u2019id\u00e9e que les traditions ancestrales d\u2019une communaut\u00e9 sont sup\u00e9rieures aux cultures ext\u00e9rieures, en se basant sur les croyances de la mythologie germanique, et par extension, scandinave, grecque, slave ou romaine. L\u2019Odalisme a pour objectif de faire rena\u00eetre les cultures europ\u00e9ennes polyth\u00e9istes, qui seraient toutes issues d\u2019une m\u00eame religion datant de la Pr\u00e9histoire, et qui aurait \u00e9volu\u00e9 avec les peuples (vikings, aryens slaves, ariens germaniques, aryens latins, celtes\u2026) et les d\u00e9placements.<\/p>\n<p>L\u2019Odalisme s\u2019inspire du nationalisme \u00ab\u00a0Blut und Boden\u00a0\u00bb (le sang et le sol) de la fin du XIX\u00e8me si\u00e8cle en Allemagne, qui consid\u00e8re l\u2019ascendance (le sang) et la paysannerie (le sol) comme origine raciale essentielle du peuple. Le \u00ab\u00a0Blut und Boden\u00a0\u00bb, tout comme l\u2019id\u00e9ologie Volkish, ont fortement impr\u00e9gn\u00e9 l\u2019id\u00e9ologie nazie, en justifiant la \u00ab\u00a0puret\u00e9 de la race\u00a0\u00bb allemande, la destruction d\u2019autres peuples et l\u2019appropriation d\u2019autres territoires.<\/p>\n<p>L\u2019Odalisme est ainsi violement antis\u00e9mite et x\u00e9nophobe. Les juifs sont per\u00e7us comme un peuple \u00e0 part, comme un \u00ab\u00a0autre Volk\u00a0\u00bb lib\u00e9ral et insoluble dans les \u00ab\u00a0peuples blancs europ\u00e9ens\u00a0\u00bb, reprenant ainsi les th\u00e9ories Volkish du XIX\u00e8me si\u00e8cle. Pour pr\u00e9server la puret\u00e9 de la \u00ab\u00a0race\u00a0\u00bb et les traditions ancestrales propres, l\u2019immigration et le m\u00e9tissage sont \u00e9galement rejet\u00e9s.<\/p>\n<p>Pendant la 2<sup>nde<\/sup> guerre mondiale, la rune Odal fut utilis\u00e9e comme embl\u00e8me de la 7<sup>\u00e8me<\/sup> division SS de volontaires de montagne Prinz Euge, ou encore dans les images de propagandes des Jeunesses Hitl\u00e9riennes. De 1952 jusqu\u2019\u00e0 leur interdiction en 1994, elle \u00e9tait l\u2019embl\u00e8me des Wiking Jugend, une organisation n\u00e9o-nazie bas\u00e9e sur les Jeunesses Hitl\u00e9riennes. \u00a0Odal \u00e9tait \u00e9galement le nom d\u2019un magazine n\u00e9o-nazi de l\u2019id\u00e9ologue Richard Walther Darr\u00e9. Mais Vikernes se d\u00e9fend\u00a0et assume la paternit\u00e9 de la d\u00e9finition actuelle de l\u2019Odalisme : \u00ab\u00a0il n\u2019est pas un terme entach\u00e9 par l\u2019Histoire\u00a0\u00bb\u2026<\/p>\n<p>Cette id\u00e9ologie Odaliste est actuellement pr\u00e9sente dans de nombreux pays europ\u00e9ens, via le \u00ab\u00a0Pagan Front\u00a0\u00bb, directement inspir\u00e9 du \u00ab\u00a0Heathen Front\u00a0\u00bb. Le \u00ab\u00a0Heathen Front\u00a0\u00bb est rest\u00e9 en lien avec le \u00ab Pagan Front\u00a0\u00bb via diff\u00e9rents concerts conjoints et soutiens publics.<\/p>\n<p>La branche norv\u00e9gienne est la plus ancienne (Norvegian Heathen Front, ou NHF)\u00a0: elle a \u00e9t\u00e9 fond\u00e9e en 1993, dans la proximit\u00e9 de Vikernes qui a gard\u00e9 contact avec le NHF m\u00eame durant son emprisonnement en lui transmettant plusieurs articles. C\u2019est Mobus qui fonde la branche allemande, la plus active, en 1998 (Allgermanische Heidnische Front, ou AHF). Des sections en Su\u00e8de, Danemark, Hollande, Canada, Russie et Etats-Unis apparaissent dans la fin des ann\u00e9es 1990 et le d\u00e9but des ann\u00e9es 2000.<\/p>\n<p>Le \u00ab\u00a0Pagan Front\u00a0\u00bb f\u00e9d\u00e8re historiquement les groupes slaves tels que Graveland, Nokturnal Mortum ou Kroda, et la sc\u00e8ne grecque radicale, via Der Sturmer, groupe de NSBM de Georgios Germinis. Son album culte, \u00ab\u00a0The Blood Calls for W.A.R.\u00a0\u00bb comporte l\u2019acronyme assum\u00e9 de \u00ab\u00a0White Aryan Race\u00a0\u00bb. Le \u00ab\u00a0Pagan Front\u00a0\u00bb permet de rassembler Volkish metal et NSBM, et d\u2019en assurer la publicit\u00e9 et la diffusion.<\/p>\n<p><em>Flyer du pagan front militant pour la lib\u00e9ration de Hendrik Mobus\u00a0:<\/em><\/p>\n<ul>\n<li><em>\u00ab\u00a0nous comprenons notre musique comme un moyen adapt\u00e9 de transmettre un message qui peut aller au-del\u00e0 du simple plaisir esth\u00e9tique. L\u2019auditeur devrait \u00eatre encourag\u00e9 \u00e0 penser. Nous voudrions qu\u2019il se r\u00e9f\u00e8re au paganisme, entendu et compris comme nous l\u2019entendons et le comprenons.\u00a0Et c\u2019est pour cela que nous cherchons \u00e0 motiver nos compagnons et nos fans sur l\u2019activisme politique\u00a0\u00bb <\/em><\/li>\n<\/ul>\n<p><em>(Pagan front, Ablaze n\u00b04, mai\/juin 2008)\u00a0<\/em><\/p>\n<p>Le Pagan Front a publi\u00e9 une s\u00e9rie d\u2019anthologies-manifeste qui, avec ses trois volumes (1999, 2003, 2007) d\u00e9finit ouvertement les bases du mouvement\u00a0:<\/p>\n<ul>\n<li>Le premier de ces disques a en partie officialis\u00e9 le terme de \u00ab\u00a0National Socialist Black Metal\u00a0\u00bb<\/li>\n<li>Le deuxi\u00e8me a pr\u00e9cis\u00e9 les intentions et les origines \u00e0 travers l\u2019article reproduit \u00e0 l\u2019int\u00e9rieur (intitul\u00e9\u00a0: the Pagan Front \u2013 Return of the Iron Reich of Black Metal)<\/li>\n<li>Le troisi\u00e8me est accompagn\u00e9 d\u2019une liste de \u00ab\u00a0commandements\u00a0\u00bb : \u00ab\u00a0Fiers Nationaux-Socialistes, Contre toute influence jud\u00e9o-chr\u00e9tienne, Tol\u00e9rance z\u00e9ro pour les ennemis de notre race, Unissons-nous sous le vaisseau du svastika, et ainsi de suite, pour poser les fondements id\u00e9ologico-politiques qui sont \u00e0 la base de l\u2019organisation et que les groupes affili\u00e9s supportent\u00a0\u00bb.<\/li>\n<\/ul>\n<p>La strat\u00e9gie du mouvement pa\u00efen Odaliste via le Pagan Front pour s\u2019\u00e9largir est m\u00e9tapolitique. Il s\u2019agit d\u2019investir les domaines id\u00e9ologiques et culturels (notamment la musique), en partant du \u00ab\u00a0peuple\u00a0\u00bb, avant de pouvoir \u00e0 terme influencer naturellement les sph\u00e8res du pouvoir \u00e0 pr\u00e9senter une \u00e9lite blanche ultra-nationaliste. L\u2019objectif n\u2019est pas \u00e0 priori politique, mais cherche \u00e0 influencer le peuple pour un retour des valeurs polyth\u00e9istes pr\u00e9-chr\u00e9tiennes.<\/p>\n<p>Dans cette perspective, o\u00f9 les id\u00e9es influencent les valeurs sur lesquelles se r\u00e9f\u00e8rent la soci\u00e9t\u00e9, la diffusion de musique Folkish par Internet, la diffusion de supports enregistr\u00e9s vynils, cassettes, dvd, compact disc, la cr\u00e9ation de jeu de r\u00f4le (Vikernes), le blogging (Vikernes), tout comme la tenue d\u2019un Festival dans l\u2019Ain, peut \u00eatre un moyen d\u2019approche et de diffusion d\u2019id\u00e9aux n\u00e9o-nazis auxquels beaucoup de ces groupes se r\u00e9f\u00e8rent directement. Ce festival Folkish, surnomm\u00e9 na\u00efvement \u00ab Festival Viking\u00a0\u00bb, repr\u00e9sente un danger pour un public qui n\u2019est pas inform\u00e9, participe \u00e0 propager des id\u00e9aux n\u00e9o-nazis au grand public, et se traduit comme une d\u00e9monstration de force des id\u00e9ologues Odalistes.<\/p>\n<p><em><strong>Carla Parisi<\/strong><\/em><\/p>\n<p>&nbsp;<\/p>\n<p>&nbsp;<\/p>\n<p>&nbsp;<\/p>\n","protected":false},"excerpt":{"rendered":"<p>Du 21 au 24 juillet 2016, le petit village de Simandre sur Suran dans l\u2019Ain accueille pour la 2\u00e8me ann\u00e9e cons\u00e9cutive le \u00ab\u00a0festival viking\u00a0\u00bb Ragnard Fest. Au-del\u00e0 des animations folkloriques (combats, pr\u00e9sentation d\u2019armes ou de troupes slaves), la presse locale s\u2019interroge timidement sur la pr\u00e9sence du groupe ukrainien Nokturnal Mortum qui affichait il y a &hellip; <a href=\"https:\/\/prochoix.org\/?p=858\" class=\"more-link\">Continuer la lecture de <span class=\"screen-reader-text\">Festival \u00ab\u00a0viking\u00a0\u00bb ou pro-nazi ?<\/span>  <span class=\"meta-nav\">&rarr;<\/span><\/a><\/p>\n","protected":false},"author":1,"featured_media":0,"comment_status":"open","ping_status":"open","sticky":false,"template":"","format":"standard","meta":{"footnotes":""},"categories":[16],"tags":[],"_links":{"self":[{"href":"https:\/\/prochoix.org\/index.php?rest_route=\/wp\/v2\/posts\/858"}],"collection":[{"href":"https:\/\/prochoix.org\/index.php?rest_route=\/wp\/v2\/posts"}],"about":[{"href":"https:\/\/prochoix.org\/index.php?rest_route=\/wp\/v2\/types\/post"}],"author":[{"embeddable":true,"href":"https:\/\/prochoix.org\/index.php?rest_route=\/wp\/v2\/users\/1"}],"replies":[{"embeddable":true,"href":"https:\/\/prochoix.org\/index.php?rest_route=%2Fwp%2Fv2%2Fcomments&post=858"}],"version-history":[{"count":5,"href":"https:\/\/prochoix.org\/index.php?rest_route=\/wp\/v2\/posts\/858\/revisions"}],"predecessor-version":[{"id":867,"href":"https:\/\/prochoix.org\/index.php?rest_route=\/wp\/v2\/posts\/858\/revisions\/867"}],"wp:attachment":[{"href":"https:\/\/prochoix.org\/index.php?rest_route=%2Fwp%2Fv2%2Fmedia&parent=858"}],"wp:term":[{"taxonomy":"category","embeddable":true,"href":"https:\/\/prochoix.org\/index.php?rest_route=%2Fwp%2Fv2%2Fcategories&post=858"},{"taxonomy":"post_tag","embeddable":true,"href":"https:\/\/prochoix.org\/index.php?rest_route=%2Fwp%2Fv2%2Ftags&post=858"}],"curies":[{"name":"wp","href":"https:\/\/api.w.org\/{rel}","templated":true}]}}