{"id":86,"date":"2014-10-29T19:27:57","date_gmt":"2014-10-29T18:27:57","guid":{"rendered":"http:\/\/www.prochoix.org\/wordpress\/?p=86"},"modified":"2014-11-16T19:28:39","modified_gmt":"2014-11-16T18:28:39","slug":"prix-2014-du-comite-laicite-republique","status":"publish","type":"post","link":"https:\/\/prochoix.org\/?p=86","title":{"rendered":"Prix 2014 du Comit\u00e9 la\u00efcit\u00e9 r\u00e9publique"},"content":{"rendered":"<h2 class=\"post-title\"><\/h2>\n<div class=\"post-content\">\n<p>La c\u00e9r\u00e9monie de remise des prix a eu lieu devant une nombreuse assistance de pr\u00e8s de 600 personnes, accueillie par Mme Anne Hidalgo, maire de Paris, dans les salons de l&rsquo;H\u00f4tel de Ville.<\/p>\n<p>Voici le palmar\u00e8s\u00a0: Le \u00ab\u00a0Grand Prix international\u00a0\u00bb a \u00e9t\u00e9 attribu\u00e9 \u00e0 Mme Shoukria Ha\u00efdar, pr\u00e9sidente de l\u2019association NEGAR de soutien aux femmes afghanes pour sa tr\u00e8s courageuse action en faveur de l&rsquo;\u00e9galit\u00e9 entre hommes et femmes et de l&rsquo;\u00e9ducation pour tous. Le \u00ab\u00a0Grand Prix national\u00a0\u00bb a \u00e9t\u00e9 d\u00e9cern\u00e9 \u00e0 M. Jean-Luc Petithuguenin, pr\u00e9sident de Paprec Group, entreprise de 4500 personnes qui a mis en place une charte de la la\u00efcit\u00e9 dans l\u2019entreprise adopt\u00e9e \u00e0 l&rsquo;unanimit\u00e9 des salari\u00e9s.<\/p>\n<p>Le jury a par ailleurs attribu\u00e9 deux prix sp\u00e9ciaux \u00e0 deux philosophes \u00ab\u00a0pour la force de leur \u0153uvre en faveur de la la\u00efcit\u00e9\u00a0\u00bb. &#8211; Catherine Kintzler, professeur honoraire \u00e0 l\u2019universit\u00e9 Charles de Gaulle Lille III, vice-pr\u00e9sidente de la Soci\u00e9t\u00e9 fran\u00e7aise de philosophie (dernier ouvrage paru\u00a0: Penser la la\u00efcit\u00e9, Ed. Minerve 2014) &#8211; Henri Pena-Ruiz, philosophe, \u00e9crivain, ma\u00eetre de conf\u00e9rences \u00e0 Sciences-Po Paris (dernier ouvrage paru\u00a0: Dictionnaire amoureux de la La\u00efcit\u00e9, ed Plon 2014)<\/p>\n<p>On peut voir photos et vid\u00e9os sur le\u00a0<a href=\"http:\/\/www.laicite-republique.org\/une-femme-afghane-un-chef-d.html\" hreflang=\"fr\">site<\/a>\u00a0du Comit\u00e9 la\u00efcit\u00e9 r\u00e9publique, qui publiera \u00e9galement les diverses allocutions.<\/p>\n<\/div>\n","protected":false},"excerpt":{"rendered":"<p>La c\u00e9r\u00e9monie de remise des prix a eu lieu devant une nombreuse assistance de pr\u00e8s de 600 personnes, accueillie par Mme Anne Hidalgo, maire de Paris, dans les salons de l&rsquo;H\u00f4tel de Ville. Voici le palmar\u00e8s\u00a0: Le \u00ab\u00a0Grand Prix international\u00a0\u00bb a \u00e9t\u00e9 attribu\u00e9 \u00e0 Mme Shoukria Ha\u00efdar, pr\u00e9sidente de l\u2019association NEGAR de soutien aux femmes &hellip; <a href=\"https:\/\/prochoix.org\/?p=86\" class=\"more-link\">Continuer la lecture de <span class=\"screen-reader-text\">Prix 2014 du Comit\u00e9 la\u00efcit\u00e9 r\u00e9publique<\/span>  <span class=\"meta-nav\">&rarr;<\/span><\/a><\/p>\n","protected":false},"author":1,"featured_media":0,"comment_status":"open","ping_status":"open","sticky":false,"template":"","format":"standard","meta":{"footnotes":""},"categories":[14],"tags":[],"_links":{"self":[{"href":"https:\/\/prochoix.org\/index.php?rest_route=\/wp\/v2\/posts\/86"}],"collection":[{"href":"https:\/\/prochoix.org\/index.php?rest_route=\/wp\/v2\/posts"}],"about":[{"href":"https:\/\/prochoix.org\/index.php?rest_route=\/wp\/v2\/types\/post"}],"author":[{"embeddable":true,"href":"https:\/\/prochoix.org\/index.php?rest_route=\/wp\/v2\/users\/1"}],"replies":[{"embeddable":true,"href":"https:\/\/prochoix.org\/index.php?rest_route=%2Fwp%2Fv2%2Fcomments&post=86"}],"version-history":[{"count":1,"href":"https:\/\/prochoix.org\/index.php?rest_route=\/wp\/v2\/posts\/86\/revisions"}],"predecessor-version":[{"id":87,"href":"https:\/\/prochoix.org\/index.php?rest_route=\/wp\/v2\/posts\/86\/revisions\/87"}],"wp:attachment":[{"href":"https:\/\/prochoix.org\/index.php?rest_route=%2Fwp%2Fv2%2Fmedia&parent=86"}],"wp:term":[{"taxonomy":"category","embeddable":true,"href":"https:\/\/prochoix.org\/index.php?rest_route=%2Fwp%2Fv2%2Fcategories&post=86"},{"taxonomy":"post_tag","embeddable":true,"href":"https:\/\/prochoix.org\/index.php?rest_route=%2Fwp%2Fv2%2Ftags&post=86"}],"curies":[{"name":"wp","href":"https:\/\/api.w.org\/{rel}","templated":true}]}}