{"id":868,"date":"2016-03-07T13:50:18","date_gmt":"2016-03-07T12:50:18","guid":{"rendered":"http:\/\/www.prochoix.org\/wordpress\/?p=868"},"modified":"2016-03-07T13:57:41","modified_gmt":"2016-03-07T12:57:41","slug":"pour-le-8-mars-lobs-choisit-loue-le-feminisme-fondamentaliste","status":"publish","type":"post","link":"https:\/\/prochoix.org\/?p=868","title":{"rendered":"Pour le 8 mars, L&rsquo;Obs loue le f\u00e9minisme fondamentaliste et raille le f\u00e9minisme la\u00efque"},"content":{"rendered":"<p id=\"titre_art\">D&rsquo;habitude, ils mettent Simone de Beauvoir les fesses \u00e0 l&rsquo;air en couverture&#8230; Surtout, ne changez rien.\u00a0<a class=\"_58cn\" href=\"https:\/\/www.facebook.com\/hashtag\/onvautmieuxqueca?source=feed_text&amp;story_id=10153950317758560\" data-ft=\"{&quot;tn&quot;:&quot;*N&quot;,&quot;type&quot;:104}\"><span class=\"_58cl\">\u202a#\u200e<\/span><span class=\"_58cm\">OnVautMieuxQueCa\u202c<\/span><\/a><\/p>\n<p><a href=\"http:\/\/www.prochoix.org\/wordpress\/wp-content\/uploads\/2016\/03\/Capture-d\u2019\u00e9cran-2016-03-07-\u00e0-13.22.201.png\"><img loading=\"lazy\" decoding=\"async\" class=\"alignnone size-full wp-image-872\" src=\"http:\/\/www.prochoix.org\/wordpress\/wp-content\/uploads\/2016\/03\/Capture-d\u2019\u00e9cran-2016-03-07-\u00e0-13.22.201.png\" alt=\"Capture d\u2019\u00e9cran 2016-03-07 \u00e0 13.22.20\" width=\"1032\" height=\"685\" srcset=\"https:\/\/prochoix.org\/wp-content\/uploads\/2016\/03\/Capture-d\u2019\u00e9cran-2016-03-07-\u00e0-13.22.201.png 1032w, https:\/\/prochoix.org\/wp-content\/uploads\/2016\/03\/Capture-d\u2019\u00e9cran-2016-03-07-\u00e0-13.22.201-300x199.png 300w, https:\/\/prochoix.org\/wp-content\/uploads\/2016\/03\/Capture-d\u2019\u00e9cran-2016-03-07-\u00e0-13.22.201-1024x680.png 1024w\" sizes=\"(max-width: 1032px) 100vw, 1032px\" \/><\/a><\/p>\n<h1><em>Communiqu\u00e9 du <a href=\"http:\/\/www.laicite-republique.org\/l-inversion-des-valeurs-d-e-aeschimann-et-m-vaton.html?utm_source=twitterfeed&amp;utm_medium=twitter\">Comit\u00e9 la\u00efcit\u00e9 R\u00e9publique<\/a><\/em><\/h1>\n<div class=\"texte test surlignable\">\n<p><strong>F\u00e9minisme et islam : l\u2019inversion des valeurs d\u2019E. Aeschimann et M. Vaton \u00a0\u00a0<\/strong><\/p>\n<p>Dans un\u00a0<a class=\"spip_out\" href=\"http:\/\/bibliobs.nouvelobs.com\/idees\/20160304.OBS5860\/comment-peut-on-etre-musulmane-et-feministe.html\" rel=\"external\">article publi\u00e9 par l\u2019Obs en ligne le 5 mars 2016<\/a>, les journalistes Eric Aeschimann et Marie Vaton nous assurent que non seulement l\u2019islam ne serait pas incompatible avec l\u2019\u00e9galit\u00e9 entre hommes et femmes, mais qu\u2019il serait un vecteur de cette \u00e9galit\u00e9. Et que toute critique de cette position en forme d\u2019oxymore serrait une fois de plus la manifestation de la pens\u00e9e \u00e9triqu\u00e9e de notre pays, pens\u00e9e v\u00e9hicul\u00e9e entre autre par ces deux dangereuses f\u00e9ministes occidentales que seraient Elisabeth Badinter et Caroline Fourest.<\/p>\n<p>Ils tentent de nous d\u00e9montrer \u00e0 quel point notre la\u00efcit\u00e9 est ringarde, face \u00e0 l\u2019intelligence du dialogue interreligieux et aux avanc\u00e9es majeures des f\u00e9ministes am\u00e9ricaines, conciliant Coran et libert\u00e9 des femmes.<\/p>\n<p>Face \u00e0 un tel oc\u00e9an d\u2019effarante absurdit\u00e9, nous rappellerons les mots de Gilles Clavreul, d\u00e9l\u00e9gu\u00e9 interminist\u00e9riel \u00e0 la lutte contre le racisme et l\u2019antis\u00e9mitisme, \u00e0 propos de l\u2019attaque qu\u2019a subie Kamel Daoud\u00a0: \u00ab\u00a0Quand on choisit Tariq Ramadan comme partenaire et Bernard Cazeneuve comme cible ou que l\u2019on affirme comme Edwy Plenel, que Manuel Valls c\u2019est pire que Marine Le Pen, il y a clairement un probl\u00e8me d\u2019inversion des valeurs.\u00a0\u00bb<\/p>\n<p>Disons \u00e0 notre tour que lorsque l\u2019on choisit le voile et les textes religieux comme illustration du chemin des femmes vers la libert\u00e9 et Elisabeth Badinter et Caroline Fourest comme cibles, laissant entendre qu\u2019elles sont d\u2019une grande pauvret\u00e9 conceptuelle, il y a clairement un probl\u00e8me d\u2019inversion des valeurs.<\/p>\n<\/div>\n","protected":false},"excerpt":{"rendered":"<p>D&rsquo;habitude, ils mettent Simone de Beauvoir les fesses \u00e0 l&rsquo;air en couverture&#8230; Surtout, ne changez rien.\u00a0\u202a#\u200eOnVautMieuxQueCa\u202c Communiqu\u00e9 du Comit\u00e9 la\u00efcit\u00e9 R\u00e9publique F\u00e9minisme et islam : l\u2019inversion des valeurs d\u2019E. Aeschimann et M. Vaton \u00a0\u00a0 Dans un\u00a0article publi\u00e9 par l\u2019Obs en ligne le 5 mars 2016, les journalistes Eric Aeschimann et Marie Vaton nous assurent que &hellip; <a href=\"https:\/\/prochoix.org\/?p=868\" class=\"more-link\">Continuer la lecture de <span class=\"screen-reader-text\">Pour le 8 mars, L&rsquo;Obs loue le f\u00e9minisme fondamentaliste et raille le f\u00e9minisme la\u00efque<\/span>  <span class=\"meta-nav\">&rarr;<\/span><\/a><\/p>\n","protected":false},"author":1,"featured_media":0,"comment_status":"open","ping_status":"open","sticky":false,"template":"","format":"standard","meta":{"footnotes":""},"categories":[17],"tags":[147,146,9,144,145],"_links":{"self":[{"href":"https:\/\/prochoix.org\/index.php?rest_route=\/wp\/v2\/posts\/868"}],"collection":[{"href":"https:\/\/prochoix.org\/index.php?rest_route=\/wp\/v2\/posts"}],"about":[{"href":"https:\/\/prochoix.org\/index.php?rest_route=\/wp\/v2\/types\/post"}],"author":[{"embeddable":true,"href":"https:\/\/prochoix.org\/index.php?rest_route=\/wp\/v2\/users\/1"}],"replies":[{"embeddable":true,"href":"https:\/\/prochoix.org\/index.php?rest_route=%2Fwp%2Fv2%2Fcomments&post=868"}],"version-history":[{"count":8,"href":"https:\/\/prochoix.org\/index.php?rest_route=\/wp\/v2\/posts\/868\/revisions"}],"predecessor-version":[{"id":878,"href":"https:\/\/prochoix.org\/index.php?rest_route=\/wp\/v2\/posts\/868\/revisions\/878"}],"wp:attachment":[{"href":"https:\/\/prochoix.org\/index.php?rest_route=%2Fwp%2Fv2%2Fmedia&parent=868"}],"wp:term":[{"taxonomy":"category","embeddable":true,"href":"https:\/\/prochoix.org\/index.php?rest_route=%2Fwp%2Fv2%2Fcategories&post=868"},{"taxonomy":"post_tag","embeddable":true,"href":"https:\/\/prochoix.org\/index.php?rest_route=%2Fwp%2Fv2%2Ftags&post=868"}],"curies":[{"name":"wp","href":"https:\/\/api.w.org\/{rel}","templated":true}]}}