{"id":883,"date":"2016-03-19T13:06:30","date_gmt":"2016-03-19T12:06:30","guid":{"rendered":"http:\/\/www.prochoix.org\/wordpress\/?p=883"},"modified":"2016-03-19T13:27:47","modified_gmt":"2016-03-19T12:27:47","slug":"prochoix-n66-crise-a-lobservatoire-de-la-laicite","status":"publish","type":"post","link":"https:\/\/prochoix.org\/?p=883","title":{"rendered":"Prochoix n\u00b066 : Crise \u00e0 l\u2019Observatoire de la la\u00efcit\u00e9"},"content":{"rendered":"<p><a href=\"http:\/\/www.prochoix.org\/wordpress\/wp-content\/uploads\/2016\/03\/Capture-d\u2019\u00e9cran-2016-03-19-\u00e0-13.05.05.png\"><img loading=\"lazy\" decoding=\"async\" class=\"alignnone  wp-image-885\" src=\"http:\/\/www.prochoix.org\/wordpress\/wp-content\/uploads\/2016\/03\/Capture-d\u2019\u00e9cran-2016-03-19-\u00e0-13.05.05.png\" alt=\"Capture d\u2019\u00e9cran 2016-03-19 \u00e0 13.05.05\" width=\"337\" height=\"528\" srcset=\"https:\/\/prochoix.org\/wp-content\/uploads\/2016\/03\/Capture-d\u2019\u00e9cran-2016-03-19-\u00e0-13.05.05.png 1018w, https:\/\/prochoix.org\/wp-content\/uploads\/2016\/03\/Capture-d\u2019\u00e9cran-2016-03-19-\u00e0-13.05.05-191x300.png 191w, https:\/\/prochoix.org\/wp-content\/uploads\/2016\/03\/Capture-d\u2019\u00e9cran-2016-03-19-\u00e0-13.05.05-653x1024.png 653w\" sizes=\"(max-width: 337px) 100vw, 337px\" \/><\/a><\/p>\n<h3>\u00a0<b>ProChoix <\/b><b>n\u00b066 &#8211;\u00a0<\/b><b>Mars <\/b><b>2016 <\/b><b>(<\/b><b>P<\/b><b>rintem<\/b>p<b>s<\/b><b>)<\/b><\/h3>\n<p>&nbsp;<\/p>\n<p><b>\u2022 Crise \u00e0 l\u2019Observatoire de la la\u00efcit\u00e9<\/b><\/p>\n<p>&#8211; L\u2019Observatoire de la la\u00efcit\u00e9 NE VOIT AUCUN probl\u00e8me \u00e0 l\u2019Universit\u00e9 ! (C. Arambourou)<\/p>\n<p>&#8211; L\u2019Observatoire de la la\u00efcit\u00e9 \u00e9lude les probl\u00e8mes\u00a0dans l\u2019enseignement sup\u00e9rieur (J. Glavany, P. Kessel, F. Laborde)<\/p>\n<p>&#8211; Expression religieuse dans l\u2019enseignement sup\u00e9rieur (Anne Hermanus)<\/p>\n<p>&#8211; J.L. Bianco doit d\u00e9missionner de la pr\u00e9sidence de l\u2019Observatoire national de la la\u00efcit\u00e9<\/p>\n<p>&#8211; Pourquoi Jean-Louis Bianco a f\u00e2ch\u00e9 tant de la\u00efques (Caroline Fourest)<\/p>\n<p>&#8211; La chasse aux la\u00efcs est ouverte (Guy Konopnicki)<\/p>\n<p>&#8211; Les quatre fautes de l\u2019Observatoire (J. Glavany)<\/p>\n<p>&#8211; Coexister ou l\u2019ambition la\u00efcit\u00e9 z\u00e9ro (Fiammetta Venner)<\/p>\n<p>&#8211; De la la\u00efcit\u00e9 plurielle au pluriel des la\u00efcit\u00e9s (Eddy Khaldi)<\/p>\n<p>&#8211; Ces chercheurs fort peu la\u00efques qui soutiennent Jean-Louis Bianco (C. Rigault)<\/p>\n<p>&#8211; Darwinisme et \u00e9cole le cheval de foi des obscurantistes (Yves Delahaie)<\/p>\n<p>&#8211; La la\u00efcit\u00e9 face aux d\u00e9rivesconcordataire et identitaire (Eddy Khaldi)<\/p>\n<p><b>\u2022 Enqu\u00eates et d\u00e9cryptages<\/b><\/p>\n<p>&#8211; De Charlie au Bataclan. Regards internationaux sur la France (Jo\u00eblle Fiss)<\/p>\n<p>&#8211; Cologne : du d\u00e9ni empoisonn\u00e9 au combat de Coq (C. Fourest)<\/p>\n<p>&#8211; L\u2019autre&#8230; Cet accus\u00e9 (Sara Grand)<\/p>\n<p>&#8211; Multiculturalisme et la\u00efcit\u00e9 au Royaume Uni (Ir\u00e8ne Desle)<\/p>\n<p>&#8211; Le f\u00e9minisme intersectionnel contre le f\u00e9minisme ? (Francine Sporenda)<\/p>\n<p>&#8211; F\u00e9minisme et Multiculturalisme : le conflit (Liliane Kandel)<\/p>\n<p>&#8211; Du reggae altermondialiste \u00e0 l\u2019antis\u00e9mitisme ? (Carla Parisi)<\/p>\n<p>&#8211; Extr\u00eame droite et n\u00e9gationnisme font de l\u2019entrisme en Croatie (F. Bacharach, C. Jardin)<\/p>\n<p><strong>Parution : \u00a0mars 2016 dans les bonnes librairies.\u00a0<\/strong><\/p>\n","protected":false},"excerpt":{"rendered":"<p>\u00a0ProChoix n\u00b066 &#8211;\u00a0Mars 2016 (Printemps) &nbsp; \u2022 Crise \u00e0 l\u2019Observatoire de la la\u00efcit\u00e9 &#8211; L\u2019Observatoire de la la\u00efcit\u00e9 NE VOIT AUCUN probl\u00e8me \u00e0 l\u2019Universit\u00e9 ! (C. Arambourou) &#8211; L\u2019Observatoire de la la\u00efcit\u00e9 \u00e9lude les probl\u00e8mes\u00a0dans l\u2019enseignement sup\u00e9rieur (J. Glavany, P. Kessel, F. Laborde) &#8211; Expression religieuse dans l\u2019enseignement sup\u00e9rieur (Anne Hermanus) &#8211; J.L. Bianco doit &hellip; <a href=\"https:\/\/prochoix.org\/?p=883\" class=\"more-link\">Continuer la lecture de <span class=\"screen-reader-text\">Prochoix n\u00b066 : Crise \u00e0 l\u2019Observatoire de la la\u00efcit\u00e9<\/span>  <span class=\"meta-nav\">&rarr;<\/span><\/a><\/p>\n","protected":false},"author":1,"featured_media":0,"comment_status":"open","ping_status":"open","sticky":false,"template":"","format":"standard","meta":{"footnotes":""},"categories":[15],"tags":[],"_links":{"self":[{"href":"https:\/\/prochoix.org\/index.php?rest_route=\/wp\/v2\/posts\/883"}],"collection":[{"href":"https:\/\/prochoix.org\/index.php?rest_route=\/wp\/v2\/posts"}],"about":[{"href":"https:\/\/prochoix.org\/index.php?rest_route=\/wp\/v2\/types\/post"}],"author":[{"embeddable":true,"href":"https:\/\/prochoix.org\/index.php?rest_route=\/wp\/v2\/users\/1"}],"replies":[{"embeddable":true,"href":"https:\/\/prochoix.org\/index.php?rest_route=%2Fwp%2Fv2%2Fcomments&post=883"}],"version-history":[{"count":4,"href":"https:\/\/prochoix.org\/index.php?rest_route=\/wp\/v2\/posts\/883\/revisions"}],"predecessor-version":[{"id":889,"href":"https:\/\/prochoix.org\/index.php?rest_route=\/wp\/v2\/posts\/883\/revisions\/889"}],"wp:attachment":[{"href":"https:\/\/prochoix.org\/index.php?rest_route=%2Fwp%2Fv2%2Fmedia&parent=883"}],"wp:term":[{"taxonomy":"category","embeddable":true,"href":"https:\/\/prochoix.org\/index.php?rest_route=%2Fwp%2Fv2%2Fcategories&post=883"},{"taxonomy":"post_tag","embeddable":true,"href":"https:\/\/prochoix.org\/index.php?rest_route=%2Fwp%2Fv2%2Ftags&post=883"}],"curies":[{"name":"wp","href":"https:\/\/api.w.org\/{rel}","templated":true}]}}