{"id":913,"date":"2016-04-06T07:53:50","date_gmt":"2016-04-06T06:53:50","guid":{"rendered":"http:\/\/www.prochoix.org\/wordpress\/?p=913"},"modified":"2016-04-06T08:14:17","modified_gmt":"2016-04-06T07:14:17","slug":"que-se-passe-til-au-planning-familial","status":"publish","type":"post","link":"https:\/\/prochoix.org\/?p=913","title":{"rendered":"Que se passe t-il au Planning Familial ?"},"content":{"rendered":"<p><span style=\"color: #ffcc99;\"><a style=\"color: #ffcc99;\" href=\"http:\/\/www.prochoix.org\/wordpress\/wp-content\/uploads\/2016\/04\/Capture-d\u2019\u00e9cran-2016-04-06-\u00e0-08.47.33.png\"><img loading=\"lazy\" decoding=\"async\" class=\"alignnone  wp-image-914\" src=\"http:\/\/www.prochoix.org\/wordpress\/wp-content\/uploads\/2016\/04\/Capture-d\u2019\u00e9cran-2016-04-06-\u00e0-08.47.33.png\" alt=\"Capture d\u2019\u00e9cran 2016-04-06 \u00e0 08.47.33\" width=\"526\" height=\"290\" srcset=\"https:\/\/prochoix.org\/wp-content\/uploads\/2016\/04\/Capture-d\u2019\u00e9cran-2016-04-06-\u00e0-08.47.33.png 1372w, https:\/\/prochoix.org\/wp-content\/uploads\/2016\/04\/Capture-d\u2019\u00e9cran-2016-04-06-\u00e0-08.47.33-300x165.png 300w, https:\/\/prochoix.org\/wp-content\/uploads\/2016\/04\/Capture-d\u2019\u00e9cran-2016-04-06-\u00e0-08.47.33-1024x564.png 1024w, https:\/\/prochoix.org\/wp-content\/uploads\/2016\/04\/Capture-d\u2019\u00e9cran-2016-04-06-\u00e0-08.47.33-672x372.png 672w\" sizes=\"(max-width: 526px) 100vw, 526px\" \/><\/a><\/span><\/p>\n<p>Des motions tr\u00e8s inqui\u00e9tantes ont \u00e9t\u00e9 pr\u00e9sent\u00e9es au Congr\u00e8s du Mouvement Fran\u00e7ais pour le Planning familial. Il est question de se tourner vers un \u00ab\u00a0f\u00e9minisme non excluant\u00a0\u00bb. Il existe donc un \u00ab\u00a0f\u00e9minisme excluant\u00a0\u00bb. Lequel ? Le f\u00e9minisme universaliste et la\u00efque serait-il vis\u00e9 ? Il est surtout beaucoup question de refuser le \u00ab\u00a0s\u00e9curitaire\u00a0\u00bb (quel rapport entre la lutte anti-terroriste et le Planning ?), d&rsquo;\u00e9viter les \u00ab\u00a0regards surplombants\u00a0\u00bb et la \u00ab\u00a0hi\u00e9rarchie des cultures\u00a0\u00bb&#8230; Le disco<span class=\"text_exposed_show\">urs indig\u00e9niste et relativiste contamine d\u00e9j\u00e0 la gauche radicale, il a d\u00e9vor\u00e9 une partie de la Ligue de l&rsquo;enseignement, fait renoncer quelques associations f\u00e9ministes \u00e0 d\u00e9fendre la la\u00efcit\u00e9, et cherche \u00e0 s&rsquo;infiltrer dans les luttes sociales en cours. S&rsquo;il devait retourner une institution aussi importante que le Planning familial et influencer ses pratiques, ce serait tout simplement alarmant. Merci aux \u00e9quipes du Planning de nous rassurer ou de nous \u00e9clairer sur l&rsquo;intention de ce nouveau vocabulaire.<\/span><\/p>\n<p><em>Caroline Fourest<\/em><\/p>\n","protected":false},"excerpt":{"rendered":"<p>Des motions tr\u00e8s inqui\u00e9tantes ont \u00e9t\u00e9 pr\u00e9sent\u00e9es au Congr\u00e8s du Mouvement Fran\u00e7ais pour le Planning familial. Il est question de se tourner vers un \u00ab\u00a0f\u00e9minisme non excluant\u00a0\u00bb. Il existe donc un \u00ab\u00a0f\u00e9minisme excluant\u00a0\u00bb. Lequel ? Le f\u00e9minisme universaliste et la\u00efque serait-il vis\u00e9 ? Il est surtout beaucoup question de refuser le \u00ab\u00a0s\u00e9curitaire\u00a0\u00bb (quel rapport entre &hellip; <a href=\"https:\/\/prochoix.org\/?p=913\" class=\"more-link\">Continuer la lecture de <span class=\"screen-reader-text\">Que se passe t-il au Planning Familial ?<\/span>  <span class=\"meta-nav\">&rarr;<\/span><\/a><\/p>\n","protected":false},"author":1,"featured_media":0,"comment_status":"open","ping_status":"open","sticky":false,"template":"","format":"standard","meta":{"footnotes":""},"categories":[7],"tags":[],"_links":{"self":[{"href":"https:\/\/prochoix.org\/index.php?rest_route=\/wp\/v2\/posts\/913"}],"collection":[{"href":"https:\/\/prochoix.org\/index.php?rest_route=\/wp\/v2\/posts"}],"about":[{"href":"https:\/\/prochoix.org\/index.php?rest_route=\/wp\/v2\/types\/post"}],"author":[{"embeddable":true,"href":"https:\/\/prochoix.org\/index.php?rest_route=\/wp\/v2\/users\/1"}],"replies":[{"embeddable":true,"href":"https:\/\/prochoix.org\/index.php?rest_route=%2Fwp%2Fv2%2Fcomments&post=913"}],"version-history":[{"count":3,"href":"https:\/\/prochoix.org\/index.php?rest_route=\/wp\/v2\/posts\/913\/revisions"}],"predecessor-version":[{"id":917,"href":"https:\/\/prochoix.org\/index.php?rest_route=\/wp\/v2\/posts\/913\/revisions\/917"}],"wp:attachment":[{"href":"https:\/\/prochoix.org\/index.php?rest_route=%2Fwp%2Fv2%2Fmedia&parent=913"}],"wp:term":[{"taxonomy":"category","embeddable":true,"href":"https:\/\/prochoix.org\/index.php?rest_route=%2Fwp%2Fv2%2Fcategories&post=913"},{"taxonomy":"post_tag","embeddable":true,"href":"https:\/\/prochoix.org\/index.php?rest_route=%2Fwp%2Fv2%2Ftags&post=913"}],"curies":[{"name":"wp","href":"https:\/\/api.w.org\/{rel}","templated":true}]}}