{"id":940,"date":"2016-04-13T12:47:44","date_gmt":"2016-04-13T11:47:44","guid":{"rendered":"http:\/\/www.prochoix.org\/wordpress\/?p=940"},"modified":"2016-04-13T18:44:48","modified_gmt":"2016-04-13T17:44:48","slug":"la-grande-voix-de-maya-surduts-sest-eteinte","status":"publish","type":"post","link":"https:\/\/prochoix.org\/?p=940","title":{"rendered":"La grande voix de Maya Surduts s&rsquo;est \u00e9teinte"},"content":{"rendered":"<p style=\"text-align: right;\"><a href=\"http:\/\/www.prochoix.org\/wordpress\/wp-content\/uploads\/2016\/04\/Num\u00e9riser-7.jpeg\"><img loading=\"lazy\" decoding=\"async\" class=\"wp-image-937 size-full alignright\" src=\"http:\/\/www.prochoix.org\/wordpress\/wp-content\/uploads\/2016\/04\/Num\u00e9riser-7.jpeg\" alt=\"\" width=\"2522\" height=\"1734\" srcset=\"https:\/\/prochoix.org\/wp-content\/uploads\/2016\/04\/Num\u00e9riser-7.jpeg 2522w, https:\/\/prochoix.org\/wp-content\/uploads\/2016\/04\/Num\u00e9riser-7-300x206.jpeg 300w, https:\/\/prochoix.org\/wp-content\/uploads\/2016\/04\/Num\u00e9riser-7-1024x704.jpeg 1024w\" sizes=\"(max-width: 2522px) 100vw, 2522px\" \/><\/a><em>\u00a9 Catherine Deudon<\/em><\/p>\n<p>Une belle voix, rauque et forte, du f\u00e9minisme vient de s\u2019\u00e9teindre.<\/p>\n<p>Maya Surduts, qui incarnait la CADAC (Coordination des associations pour le droit \u00e0 l\u2019avortement et \u00e0 la contraception),\u00a0depuis plus de vingt ans,\u00a0 et le Collectif national des droits des femmes, \u00a0vient de nous quitter.<\/p>\n<p>N\u00e9e \u00e0 Riga, d&rsquo;un p\u00e8re physicien et communiste, elle faisait partie de ces \u00e9migr\u00e9s arriv\u00e9s en France en 1938.<\/p>\n<p>En 1948, apr\u00e8s avoir v\u00e9cu au Cap en Afrique du Sud, comme beaucoup de Juifs baltes, elle se lance dans le militantisme au sein d\u2019une organisation sioniste, revient en France,\u00a0\u00e9tudie le russe et prend fait et cause pour le FLN.<\/p>\n<p>En 1962, elle part aux \u00c9tats-Unis pour soutenir\u00a0les\u00a0victimes de discriminations, dans le sillage\u00a0du\u00a0mouvement contre la s\u00e9gr\u00e9gation, puis rejoint Cuba.<\/p>\n<p>Elle est expuls\u00e9e en septembre 1971 par le r\u00e9gime castriste, apr\u00e8s y avoir v\u00e9cu huit ans comme interpr\u00e8te et militante.<\/p>\n<p>De retour en France, elle rejoint le groupe \u00ab\u00a0R\u00e9volution\u00a0\u00bb qui l\u2019envoie \u00ab\u00a0infiltrer\u00a0\u00bb le\u00a0MLAC, le Mouvement pour la libert\u00e9 de l&rsquo;avortement et de la contraception.<\/p>\n<p>C\u2019est l\u2019inverse qui se produit. Le f\u00e9minisme devient sa r\u00e9volution, son inspiration contre toutes les dominations, et ne la quittera plus. Au point de devenir l\u2019une des figures incontournable du f\u00e9minisme \u00ab\u00a0lutte des classes\u00a0\u00bb et institutionnel. Aucun nouveau groupe militant, parti ou minist\u00e8re ne pouvait ignorer ses coups de gueule, l\u00e9gendaires.<\/p>\n<p>\u00c0\u00a0<em>Prochoix<\/em>, nous avions\u00a0avec Maya une longue histoire de camaraderie, entrecoup\u00e9e d\u2019engueulades \u00e9piques. Maya pouvait \u00eatre une marraine intraitable. Pass\u00e9 le bizutage, elle savait \u00eatre une alli\u00e9e et une camarade \u00e0 toute \u00e9preuve. Elle for\u00e7ait le respect.<\/p>\n<p>Nous n\u2019oublierons jamais qu\u2019elle a tenu bon lorsque des groupes se disant f\u00e9ministes mais int\u00e9gristes ont tent\u00e9 d\u2019infiltrer les organisations de <a href=\"http:\/\/www.liberation.fr\/tribune\/2003\/11\/12\/ramadan-antifeministe_451498\">gauche<\/a>, \u00a0le 8 mars et le mouvement des femmes, pour mieux traiter le f\u00e9minisme universaliste critique envers le voile de raciste. Maya connaissait trop bien ces ficelles pour ne pas les reconna\u00eetre et leur tenir t\u00eate.<\/p>\n<p>En 2005, Maya Surduts\u00a0rappelait avec \u00a0Suzy Rotman que le Mouvement \u00a0se battait \u00ab\u00a0depuis la nuit des temps\u00a0\u00bb contre\u00a0TOUS\u00a0les int\u00e9grismes. (Le Monde, 9\/3\/2005)<\/p>\n<p>Il y a trois ans, elle avait accept\u00e9 de rencontrer les f\u00e9ministes marxistes FEMEN, tout juste arriv\u00e9es d\u2019Ukraine, de leur parler un peu en russe et de dire ce qu\u2019elle pensait de ce jeune mouvement pour le film \u00ab\u00a0<a href=\"https:\/\/vimeo.com\/162666873\">Nos seins, nos armes<\/a>\u00a0\u00bb. \u00a0Avec une patience et une tendresse que beaucoup de jeunes f\u00e9ministes \u00e9lev\u00e9es \u00e0 la dure par Maya auraient envi\u00e9es\u00a0! La sagesse guettait. Son regard, tendre, riait encore des tours que sa grosse voix pouvait jouer.<\/p>\n<p>Elle nous manquera dans la lutte, toujours f\u00e9roce, jamais gagn\u00e9e, contre le patriarcat mari\u00e9 \u00e0 l\u2019obscurantisme. Pour r\u00e9sister aux int\u00e9gristes rivalisant d\u2019ing\u00e9niosit\u00e9 pour nous faire payer notre libert\u00e9 ou \u00e0 l\u2019\u00c9glise polonaise qui menace une fois encore le droit d\u2019avorter.<\/p>\n<p>Elle nous manquera mais nous ne manquerons pas de continuer \u00e0 nous battre sur ses pas.<\/p>\n<p>&nbsp;<\/p>\n<p>&nbsp;<\/p>\n","protected":false},"excerpt":{"rendered":"<p>\u00a9 Catherine Deudon Une belle voix, rauque et forte, du f\u00e9minisme vient de s\u2019\u00e9teindre. Maya Surduts, qui incarnait la CADAC (Coordination des associations pour le droit \u00e0 l\u2019avortement et \u00e0 la contraception),\u00a0depuis plus de vingt ans,\u00a0 et le Collectif national des droits des femmes, \u00a0vient de nous quitter. N\u00e9e \u00e0 Riga, d&rsquo;un p\u00e8re physicien et &hellip; <a href=\"https:\/\/prochoix.org\/?p=940\" class=\"more-link\">Continuer la lecture de <span class=\"screen-reader-text\">La grande voix de Maya Surduts s&rsquo;est \u00e9teinte<\/span>  <span class=\"meta-nav\">&rarr;<\/span><\/a><\/p>\n","protected":false},"author":1,"featured_media":0,"comment_status":"open","ping_status":"open","sticky":false,"template":"","format":"standard","meta":{"footnotes":""},"categories":[17],"tags":[153],"_links":{"self":[{"href":"https:\/\/prochoix.org\/index.php?rest_route=\/wp\/v2\/posts\/940"}],"collection":[{"href":"https:\/\/prochoix.org\/index.php?rest_route=\/wp\/v2\/posts"}],"about":[{"href":"https:\/\/prochoix.org\/index.php?rest_route=\/wp\/v2\/types\/post"}],"author":[{"embeddable":true,"href":"https:\/\/prochoix.org\/index.php?rest_route=\/wp\/v2\/users\/1"}],"replies":[{"embeddable":true,"href":"https:\/\/prochoix.org\/index.php?rest_route=%2Fwp%2Fv2%2Fcomments&post=940"}],"version-history":[{"count":13,"href":"https:\/\/prochoix.org\/index.php?rest_route=\/wp\/v2\/posts\/940\/revisions"}],"predecessor-version":[{"id":954,"href":"https:\/\/prochoix.org\/index.php?rest_route=\/wp\/v2\/posts\/940\/revisions\/954"}],"wp:attachment":[{"href":"https:\/\/prochoix.org\/index.php?rest_route=%2Fwp%2Fv2%2Fmedia&parent=940"}],"wp:term":[{"taxonomy":"category","embeddable":true,"href":"https:\/\/prochoix.org\/index.php?rest_route=%2Fwp%2Fv2%2Fcategories&post=940"},{"taxonomy":"post_tag","embeddable":true,"href":"https:\/\/prochoix.org\/index.php?rest_route=%2Fwp%2Fv2%2Ftags&post=940"}],"curies":[{"name":"wp","href":"https:\/\/api.w.org\/{rel}","templated":true}]}}