{"id":956,"date":"2016-04-15T16:08:36","date_gmt":"2016-04-15T15:08:36","guid":{"rendered":"http:\/\/www.prochoix.org\/wordpress\/?p=956"},"modified":"2016-04-15T16:08:36","modified_gmt":"2016-04-15T15:08:36","slug":"pass-contraception-supprime-en-ile-de-france-et-peut-etre-en-auvergne-rhone-alpes","status":"publish","type":"post","link":"https:\/\/prochoix.org\/?p=956","title":{"rendered":"\u00ab\u00a0Pass contraception\u00a0\u00bb supprim\u00e9 en Ile de France et peut-\u00eatre en Auvergne Rh\u00f4ne-Alpes"},"content":{"rendered":"<div id=\"content\" class=\"column\">\n<div id=\"middle-content\">\n<div id=\"node-100242037\" class=\"node node-article node-promoted view-mode-full clearfix\">\n<div class=\"content clearfix\">\n<div class=\"field field-name-field-chapeau field-type-text-long field-label-hidden\">\n<div class=\"field-items\">\n<div class=\"field-item even\">La vice-pr\u00e9sidente de la r\u00e9gion Ile-de-France,\u00a0Farida Adlani, a confirm\u00e9\u00a0la suppression du \u00ab\u00a0Pass contraception\u00a0\u00bb.<\/div>\n<div class=\"field-item even\"><\/div>\n<div class=\"field-item even\">En\u00a0Auvergne Rh\u00f4ne-Alpes, r\u00e9gion dirig\u00e9e par\u00a0Laurent Wauquiez, le\u00a0\u00ab\u00a0Pass contraception\u00a0\u00bb est aussi en danger.<\/div>\n<div class=\"field-item even\"><\/div>\n<div class=\"field-item even\">Ces pass\u00a0autorisent\u00a0les personnes, de 14 \u00e0 25 ans,\u00a0de b\u00e9n\u00e9ficier de consultations et de moyens de contraception gratuits.<\/div>\n<\/div>\n<\/div>\n<\/div>\n<\/div>\n<\/div>\n<\/div>\n<aside class=\"sidebars\">\n<section class=\"region region-sidebar-second column sidebar\">\n<div id=\"block-block-96\" class=\"block block-block even\"><\/div>\n<div id=\"block-block-154\" class=\"block block-block odd\"><\/div>\n<\/section>\n<\/aside>\n","protected":false},"excerpt":{"rendered":"<p>La vice-pr\u00e9sidente de la r\u00e9gion Ile-de-France,\u00a0Farida Adlani, a confirm\u00e9\u00a0la suppression du \u00ab\u00a0Pass contraception\u00a0\u00bb. En\u00a0Auvergne Rh\u00f4ne-Alpes, r\u00e9gion dirig\u00e9e par\u00a0Laurent Wauquiez, le\u00a0\u00ab\u00a0Pass contraception\u00a0\u00bb est aussi en danger. Ces pass\u00a0autorisent\u00a0les personnes, de 14 \u00e0 25 ans,\u00a0de b\u00e9n\u00e9ficier de consultations et de moyens de contraception gratuits.<\/p>\n","protected":false},"author":1,"featured_media":0,"comment_status":"open","ping_status":"open","sticky":false,"template":"","format":"standard","meta":{"footnotes":""},"categories":[17],"tags":[],"_links":{"self":[{"href":"https:\/\/prochoix.org\/index.php?rest_route=\/wp\/v2\/posts\/956"}],"collection":[{"href":"https:\/\/prochoix.org\/index.php?rest_route=\/wp\/v2\/posts"}],"about":[{"href":"https:\/\/prochoix.org\/index.php?rest_route=\/wp\/v2\/types\/post"}],"author":[{"embeddable":true,"href":"https:\/\/prochoix.org\/index.php?rest_route=\/wp\/v2\/users\/1"}],"replies":[{"embeddable":true,"href":"https:\/\/prochoix.org\/index.php?rest_route=%2Fwp%2Fv2%2Fcomments&post=956"}],"version-history":[{"count":1,"href":"https:\/\/prochoix.org\/index.php?rest_route=\/wp\/v2\/posts\/956\/revisions"}],"predecessor-version":[{"id":957,"href":"https:\/\/prochoix.org\/index.php?rest_route=\/wp\/v2\/posts\/956\/revisions\/957"}],"wp:attachment":[{"href":"https:\/\/prochoix.org\/index.php?rest_route=%2Fwp%2Fv2%2Fmedia&parent=956"}],"wp:term":[{"taxonomy":"category","embeddable":true,"href":"https:\/\/prochoix.org\/index.php?rest_route=%2Fwp%2Fv2%2Fcategories&post=956"},{"taxonomy":"post_tag","embeddable":true,"href":"https:\/\/prochoix.org\/index.php?rest_route=%2Fwp%2Fv2%2Ftags&post=956"}],"curies":[{"name":"wp","href":"https:\/\/api.w.org\/{rel}","templated":true}]}}