{"id":958,"date":"2001-11-24T10:10:56","date_gmt":"2001-11-24T09:10:56","guid":{"rendered":"http:\/\/www.prochoix.org\/wordpress\/?p=958"},"modified":"2016-04-24T10:17:53","modified_gmt":"2016-04-24T09:17:53","slug":"un-regain-de-racisme-anti-arabe","status":"publish","type":"post","link":"https:\/\/prochoix.org\/?p=958","title":{"rendered":"Un regain de racisme anti-arabe"},"content":{"rendered":"<div class=\"page\" title=\"Page 11\">\n<div class=\"layoutArea\">\n<div class=\"column\">\n<p><em>Dans le num\u00e9ro 16, nous avions d\u00e9crit le regain d\u2019antis\u00e9mitisme qu\u2019a v\u00e9cu la France\u00a0en octobre 2000. Il nous a paru int\u00e9ressant de faire le m\u00eame type d\u2019enqu\u00eate au sujet du racisme anti\u2010arabe qui a ressurgi avec force aux \u00c9tats\u2010Unis au lendemain des attentats du 11 septembre. Comme dans le cas de l\u2019anti\u2010 s\u00e9mitisme \u00e0 l\u2019occasion du conflit au Proche\u2010 Orient, on s\u2019aper\u00e7oit combien les \u00e9v\u00e9nements internationaux peuvent servir de pr\u00e9texte au d\u00e9ferlement de haine ordinaire.<\/em><\/p>\n<div class=\"page\" title=\"Page 11\">\n<div class=\"layoutArea\">\n<div class=\"column\">\n<p>Quelques jours seulement apr\u00e8s que les avions terroristes aient percut\u00e9 la vie de plusieurs milliers d\u2019Am\u00e9ricains de toutes origines, alors que le Pentagone d\u00e9signait Ben Laden comme le responsable probable et que les m\u00e9dias se lan\u00e7aient sur la trace des r\u00e9seaux islamistes, il ne faisait pas bon \u00eatre un Am\u00e9ricain d\u00e9rogeant au portrait robot du WASP (de l\u2019Anglo-saxon blanc protestant). Mi-octobre, la US Commission on Civil Rights (UCCR) \u2014 qui a \u00e9tabli un num\u00e9ro d\u2019urgence destin\u00e9 \u00e0 recenser les crimes envers les \u201cAm\u00e9ricains arabes, et ceux du sous\u2010continent indien\u201d victimes de violence \u2014 disait avoir enregistr\u00e9 pr\u00e8s de 200 agressions.Un d\u00e9fer- lement de haine raciste pouvant prendre la forme de la plus insignifiante vexation comme du meurtre, le tout contribuant \u00e0 instaurer un climat de terreur dont les m\u00e9dias ont finale- ment peu parl\u00e9.Comme pour les agressions antis\u00e9mites qui ont accompagn\u00e9 en France la reprise du conflit au Proche-Orient, c\u2019est aupr\u00e8s des m\u00e9dias communautaires \u2014 quasi exclusivement \u2014 que l\u2019on trouve la trace de centaines de faits divers qui ont transform\u00e9 la vie quotidienne de citoyens suppos\u00e9s, \u00e0 tort ou \u00e0 raison, arabes, en calvaire.<\/p>\n<p><strong>200 agressions aussi aveugles que racistes<\/strong><br \/>\n\u00c0 tort ou \u00e0 raison puisque l\u2019on peut faire confiance aux racistes pour ne pas vraiment distinguer un Indien d\u2019un Pakistanais ni un Syrien d\u2019un Libanais. Logique puisqu\u2019ils ne distinguent d\u00e9j\u00e0 pas un int\u00e9griste islamique conduisant un avion d\u2019un Arabe ou d\u2019un musulman tout court ! R\u00e9sultat, sur les 200 agressions, la plupart des victimes sont souvent des Sikhs ou des \u00e9migr\u00e9s ayant fui l\u2019int\u00e9- grisme islamiste dans leur pays pour trouver la mort au nom de l\u2019int\u00e9grisme raciste les soup\u00e7onnant d\u2019islamisme en Am\u00e9rique.<\/p>\n<\/div>\n<div class=\"column\">\n<p>C\u2019est ainsi qu&rsquo;\u00e0 Houston, un\u00a0Hindou s\u2019est vu assaillir par un groupe d\u2019hommes l\u2019accusant d\u2019\u00eatre Arabe, qu\u2019en Arizona un pompiste indien de 49 ans a m\u00eame \u00e9t\u00e9 abattu. Ailleurs en Am\u00e9rique, c\u2019est un Am\u00e9ricain d\u2019origine \u00e9gyptienne qui est mort de ses blessures suite \u00e0 l\u2019attaque de son magasin \u00e0 San Gabriel, en Californie. Copte, il avait fui l\u2019\u00e9gypte et les islamistes qui le harcelaient&#8230;<\/p>\n<p><strong>Ali Baba et les 40 agresseurs<\/strong><\/p>\n<p>Pour ceux qui auraient du mal \u00e0 compren-dre comment ces brutes primaires peuvent confondre \u00e0 ce point des Sikhs et les Hindus avec des musulmans int\u00e9gristes, il faut se rap- peler que la plupart n\u2019imaginent le monde arabe qu\u2019\u00e0 partir des caricatures de Walt Disney, sous la forme de voleurs enturbann\u00e9s planant en tapis volant&#8230; Ils devraient pourtant r\u00e9aliser qu\u2019un tapis volant s\u2019\u00e9crasant contre le World Trade Center n\u2019aurait pas eu tout \u00e0 fait la m\u00eame port\u00e9e&#8230; Qu\u2019importe, la psychose est l\u00e0 et 43 % des Am\u00e9ricains ne cachent pas qu\u2019ils seront d\u00e9sormais \u201cplus soup\u00e7on\u2010 neux\u201d envers les personnes d\u2019origine arabe<\/p>\n<\/div>\n<div class=\"column\">\n<p>Le plus grave \u00e9tant sans doute le foss\u00e9 qui commence \u00e0 se creuser entre ces Am\u00e9ricains blancs de chez blanc sur la d\u00e9fensive et ceux qui, de par leur origine, peuvent sentir le besoin de se radicaliser en voyant le nombre d\u2019agressions injustes dont ils sont victimes et que personne, except\u00e9s les m\u00e9dias commu- nautaires, ne juge vraiment utile de d\u00e9noncer. Aujourd\u2019hui, les associations communautaires musulmanes tentent toutefois de d\u00e9drama- tiser (comme l\u2019ont fait en octobre, du reste, les m\u00e9dias communautaires juifs \u00e0 propos des agressions antis\u00e9mites en France). Il est vrai que la violence anti-arabe (et associ\u00e9s) des premiers jours suivant le 11 septembre a fini par diminuer.<br \/>\nNotre r\u00f4le \u00e9tant de rester vigilants \u00e0 ce qu\u2019aucune manifestation de haine, fut-elle ordinaire, ne passe inaper\u00e7ue, et aussi parce que nous refusons de laisser croire que la lutte contre l\u2019antis\u00e9mitisme ou le racisme ne concerne que les Arabes et les juifs, nous publions dans les pages qui suivent une liste d\u2019agressions recens\u00e9es par ces m\u00e9dias com- munautaires, du plus minime (graffitis, mena- ces, insultes) au plus radical. \u2022<\/p>\n<\/div>\n<\/div>\n<\/div>\n<p>&nbsp;<\/p>\n<p>Prochoix n\u00b019, hiver 2001<\/p>\n<p>&nbsp;<\/p>\n<p><a href=\"http:\/\/www.prochoix.org\/wordpress\/wp-content\/uploads\/2016\/04\/Capture-d\u2019\u00e9cran-2016-04-24-\u00e0-11.07.31.png\"><img loading=\"lazy\" decoding=\"async\" class=\"alignnone size-full wp-image-959\" src=\"http:\/\/www.prochoix.org\/wordpress\/wp-content\/uploads\/2016\/04\/Capture-d\u2019\u00e9cran-2016-04-24-\u00e0-11.07.31.png\" alt=\"Capture d\u2019\u00e9cran 2016-04-24 \u00e0 11.07.31\" width=\"1836\" height=\"2380\" srcset=\"https:\/\/prochoix.org\/wp-content\/uploads\/2016\/04\/Capture-d\u2019\u00e9cran-2016-04-24-\u00e0-11.07.31.png 1836w, https:\/\/prochoix.org\/wp-content\/uploads\/2016\/04\/Capture-d\u2019\u00e9cran-2016-04-24-\u00e0-11.07.31-231x300.png 231w, https:\/\/prochoix.org\/wp-content\/uploads\/2016\/04\/Capture-d\u2019\u00e9cran-2016-04-24-\u00e0-11.07.31-790x1024.png 790w\" sizes=\"(max-width: 1836px) 100vw, 1836px\" \/><\/a><\/p>\n<p>&nbsp;<\/p>\n<\/div>\n<\/div>\n<\/div>\n","protected":false},"excerpt":{"rendered":"<p>Dans le num\u00e9ro 16, nous avions d\u00e9crit le regain d\u2019antis\u00e9mitisme qu\u2019a v\u00e9cu la France\u00a0en octobre 2000. Il nous a paru int\u00e9ressant de faire le m\u00eame type d\u2019enqu\u00eate au sujet du racisme anti\u2010arabe qui a ressurgi avec force aux \u00c9tats\u2010Unis au lendemain des attentats du 11 septembre. Comme dans le cas de l\u2019anti\u2010 s\u00e9mitisme \u00e0 l\u2019occasion &hellip; <a href=\"https:\/\/prochoix.org\/?p=958\" class=\"more-link\">Continuer la lecture de <span class=\"screen-reader-text\">Un regain de racisme anti-arabe<\/span>  <span class=\"meta-nav\">&rarr;<\/span><\/a><\/p>\n","protected":false},"author":1,"featured_media":0,"comment_status":"open","ping_status":"open","sticky":false,"template":"","format":"standard","meta":{"footnotes":""},"categories":[16],"tags":[],"_links":{"self":[{"href":"https:\/\/prochoix.org\/index.php?rest_route=\/wp\/v2\/posts\/958"}],"collection":[{"href":"https:\/\/prochoix.org\/index.php?rest_route=\/wp\/v2\/posts"}],"about":[{"href":"https:\/\/prochoix.org\/index.php?rest_route=\/wp\/v2\/types\/post"}],"author":[{"embeddable":true,"href":"https:\/\/prochoix.org\/index.php?rest_route=\/wp\/v2\/users\/1"}],"replies":[{"embeddable":true,"href":"https:\/\/prochoix.org\/index.php?rest_route=%2Fwp%2Fv2%2Fcomments&post=958"}],"version-history":[{"count":1,"href":"https:\/\/prochoix.org\/index.php?rest_route=\/wp\/v2\/posts\/958\/revisions"}],"predecessor-version":[{"id":960,"href":"https:\/\/prochoix.org\/index.php?rest_route=\/wp\/v2\/posts\/958\/revisions\/960"}],"wp:attachment":[{"href":"https:\/\/prochoix.org\/index.php?rest_route=%2Fwp%2Fv2%2Fmedia&parent=958"}],"wp:term":[{"taxonomy":"category","embeddable":true,"href":"https:\/\/prochoix.org\/index.php?rest_route=%2Fwp%2Fv2%2Fcategories&post=958"},{"taxonomy":"post_tag","embeddable":true,"href":"https:\/\/prochoix.org\/index.php?rest_route=%2Fwp%2Fv2%2Ftags&post=958"}],"curies":[{"name":"wp","href":"https:\/\/api.w.org\/{rel}","templated":true}]}}