{"id":964,"date":"2016-05-02T09:19:48","date_gmt":"2016-05-02T08:19:48","guid":{"rendered":"http:\/\/www.prochoix.org\/wordpress\/?p=964"},"modified":"2016-05-02T09:19:48","modified_gmt":"2016-05-02T08:19:48","slug":"djemila-benhabib-prix-de-la-liberte-dexpression-2016-du-difference-day","status":"publish","type":"post","link":"https:\/\/prochoix.org\/?p=964","title":{"rendered":"Djemila Benhabib Prix de la libert\u00e9 d&rsquo;expression 2016 du Difference Day"},"content":{"rendered":"<p><strong>L&rsquo;auteure qu\u00e9b\u00e9coise Djemila Benhabib recevra le 3 mai \u00e0 Bruxelles le Prix de la libert\u00e9 d&rsquo;expression pour l&rsquo;ensemble de son \u0153uvre \u00e0 l&rsquo;occasion de la 2e \u00e9dition du\u00a0<em>Difference Day<\/em>, \u00e9v\u00e9nement organis\u00e9 dans le cadre de la Journ\u00e9e mondiale de la libert\u00e9 de la presse. Djemila Benhabib, \u00e9dit\u00e9e en France par H&amp;O, a publi\u00e9 son 4e essai\u00a0<em>Apr\u00e8s Charlie<\/em>\u00a0en janvier dernier.<\/strong><\/p>\n<p>L&rsquo;alliance des Universit\u00e9s bruxelloises VUB et ULB remettra le \u00ab\u202fDifference Day Honorary Title for Freedom of Expression\u202f\u00bb \u00e0 Djemila Benhabib mardi 3 mai 2016 en cl\u00f4ture du\u00a0<em>Difference Day<\/em>. L&rsquo;auteure sera distingu\u00e9e pour sa \u00ab\u202fcontribution vitale \u00e0 la protection et \u00e0 la promotion de la libert\u00e9 de pens\u00e9e et d&rsquo;expression\u202fdans une soci\u00e9t\u00e9 d\u00e9mocratique en perp\u00e9tuel changement\u202f\u00bb. Elle succ\u00e8de au blogueur Ra\u00eff Badawi, Prix 2015.<\/p>\n<p>Le\u00a0<strong><em><a href=\"http:\/\/www.differenceday.com\" target=\"_blank\">Difference Day<\/a><\/em><\/strong>, destin\u00e9 \u00e0 c\u00e9l\u00e9brer la libert\u00e9 de la presse et d&rsquo;expression, est organis\u00e9 par la Vrije Universiteit Brussel, l&rsquo;Universit\u00e9 Libre de Bruxelles, la Erasmushogeschool Brussel, Brussel Platform of Journalism, BOZAR, Evens Foundation et iMinds, sous le patronage de la Commission europ\u00e9enne, de l&rsquo;UNESCO et du Parlement europ\u00e9en.<\/p>\n<p><span style=\"color: #b6002a;\"><strong>Djemila Benhabib, un combat humaniste sans rel\u00e2che<\/strong><\/span><br \/>\nN\u00e9e en Ukraine en 1972 d&rsquo;une m\u00e8re chypriote grecque et d&rsquo;un p\u00e8re alg\u00e9rien,\u00a0<a title=\"Djemila Benhabib\" href=\"http:\/\/www.karinebaudoin.com\/djemila-benhabib\/\" target=\"_blank\">Djemila Benhabib<\/a>\u00a0a grandi \u00e0 Oran dans une famille de scientifiques engag\u00e9e dans des luttes politiques et sociales. Tr\u00e8s t\u00f4t, elle prend conscience de la condition subalterne des femmes de son pays. Condamn\u00e9e \u00e0 mort par les islamistes, sa famille se r\u00e9fugie en France en 1994. Djemila Benhabib s&rsquo;installe au Qu\u00e9bec, seule, en 1997, o\u00f9 elle m\u00e8ne des \u00e9tudes en physique, en science politique et en droit international. Elle d\u00e9bute sa carri\u00e8re d&rsquo;essayiste avec<em><strong>\u00a0<a title=\"Ma vie \u00e0 contre-Coran : \u00ab\u202fJ'ai v\u00e9cu les pr\u00e9misses d'une dictature islamiste\u2026\u202f\u00bb\" href=\"http:\/\/www.karinebaudoin.com\/ma-vie-a-contre-coran-djemila-benhabib\/\" target=\"_blank\">Ma vie \u00e0 contre-Coran<\/a><\/strong><\/em>, qui remporte le prix des \u00c9crivains francophones d&rsquo;Am\u00e9rique en 2009. Elle re\u00e7oit des mains de Charb, alors directeur de la publication de Charlie Hebdo, le Prix international de la la\u00efcit\u00e9 2012 \u00e0 l&rsquo;occasion de la sortie en France, chez H&amp;O, de son essai\u00a0<strong><em><a title=\"Les soldats d'Allah \u00e0 l'assaut de l'Occident : pour une perspective la\u00efque et f\u00e9ministe du monde\" href=\"http:\/\/www.karinebaudoin.com\/les-soldats-dallah-a-lassaut-de-loccident-pour-une-perspective-laique-et-feministe-du-monde\/\" target=\"_blank\">Les soldats d&rsquo;Allah \u00e0 l&rsquo;assaut de l&rsquo;Occident<\/a><\/em><\/strong>. Djemila Benhabib publie\u00a0<strong><em><a title=\"L'automne des femmes arabes : \u00ab\u00a0La d\u00e9mocratie ne se fera pas sans les femmes\u00a0\u00bb\" href=\"http:\/\/www.karinebaudoin.com\/lautomne-des-femmes-arabes-la-democratie-ne-se-fera-pas-sans-les-femmes\/\" target=\"_blank\">L&rsquo;automne des femmes arabes<\/a><\/em><\/strong>\u00a0chez H&amp;O en 2013 et re\u00e7oit le Prix humaniste du Qu\u00e9bec en 2014.\u00a0<a title=\"Apr\u00e8s Charlie : l'indispensable combat pour la libert\u00e9 de conscience et d'expression.\" href=\"http:\/\/www.karinebaudoin.com\/apres-charlie-lindispensable-combat-pour-la-liberte-de-conscience-et-dexpression\/\" target=\"_blank\"><strong><em>Apr\u00e8s Charlie<\/em><\/strong>\u00a0<\/a>sort en janvier 2016. Son engagement lui vaut d&rsquo;\u00eatre r\u00e9guli\u00e8rement la cible de menaces physiques, de campagnes d&rsquo;intimidation et de poursuites judiciaires abusives de la part de groupes islamistes et de leurs alli\u00e9s, notamment au Canada.<\/p>\n<p><strong><span style=\"color: #b6002a;\"><em><span style=\"color: #000000;\">Apr\u00e8s Charlie<\/span><\/em><span style=\"color: #000000;\">, H&amp;O 2016<\/span><\/span><\/strong><br \/>\nDepuis le 7 janvier 2016, date de sortie de son nouvel essai\u00a0<em><strong>Apr\u00e8s Charlie<\/strong><\/em>, Djemila Benhabib parcourt l&rsquo;Europe et le Qu\u00e9bec pour appeler \u00e0 un sursaut la\u00efque face \u00e0 la progression de l&rsquo;int\u00e9grisme islamique dans les soci\u00e9t\u00e9s occidentales et aux id\u00e9ologies totalitaires toujours en place dans le monde. Dans Apr\u00e8s Charlie, Djemila rappelle que la chute des grandes id\u00e9ologies du XXe si\u00e8cle a entra\u00een\u00e9 un retour du religieux dans nos soci\u00e9t\u00e9s qui compromet la libert\u00e9 de conscience et d&rsquo;expression, la condition des femmes, l&rsquo;\u00e9ducation et la libert\u00e9 du d\u00e9sir. Elle d\u00e9nonce aussi l&rsquo;immobilisme des gouvernements occidentaux et la \u00ab police de la pens\u00e9e des \u00e9lites d\u00e9missionnaires. \u00bb<br \/>\n256 pages \u2022 17 \u20ac \u2022\u00a0<a href=\"http:\/\/www.ho-editions.com\/productdisplay\/apr\u00e8s-charlie\" target=\"_blank\">www.ho-editions.com<\/a><\/p>\n","protected":false},"excerpt":{"rendered":"<p>L&rsquo;auteure qu\u00e9b\u00e9coise Djemila Benhabib recevra le 3 mai \u00e0 Bruxelles le Prix de la libert\u00e9 d&rsquo;expression pour l&rsquo;ensemble de son \u0153uvre \u00e0 l&rsquo;occasion de la 2e \u00e9dition du\u00a0Difference Day, \u00e9v\u00e9nement organis\u00e9 dans le cadre de la Journ\u00e9e mondiale de la libert\u00e9 de la presse. Djemila Benhabib, \u00e9dit\u00e9e en France par H&amp;O, a publi\u00e9 son 4e &hellip; <a href=\"https:\/\/prochoix.org\/?p=964\" class=\"more-link\">Continuer la lecture de <span class=\"screen-reader-text\">Djemila Benhabib Prix de la libert\u00e9 d&rsquo;expression 2016 du Difference Day<\/span>  <span class=\"meta-nav\">&rarr;<\/span><\/a><\/p>\n","protected":false},"author":1,"featured_media":0,"comment_status":"open","ping_status":"open","sticky":false,"template":"","format":"standard","meta":{"footnotes":""},"categories":[34],"tags":[],"_links":{"self":[{"href":"https:\/\/prochoix.org\/index.php?rest_route=\/wp\/v2\/posts\/964"}],"collection":[{"href":"https:\/\/prochoix.org\/index.php?rest_route=\/wp\/v2\/posts"}],"about":[{"href":"https:\/\/prochoix.org\/index.php?rest_route=\/wp\/v2\/types\/post"}],"author":[{"embeddable":true,"href":"https:\/\/prochoix.org\/index.php?rest_route=\/wp\/v2\/users\/1"}],"replies":[{"embeddable":true,"href":"https:\/\/prochoix.org\/index.php?rest_route=%2Fwp%2Fv2%2Fcomments&post=964"}],"version-history":[{"count":1,"href":"https:\/\/prochoix.org\/index.php?rest_route=\/wp\/v2\/posts\/964\/revisions"}],"predecessor-version":[{"id":965,"href":"https:\/\/prochoix.org\/index.php?rest_route=\/wp\/v2\/posts\/964\/revisions\/965"}],"wp:attachment":[{"href":"https:\/\/prochoix.org\/index.php?rest_route=%2Fwp%2Fv2%2Fmedia&parent=964"}],"wp:term":[{"taxonomy":"category","embeddable":true,"href":"https:\/\/prochoix.org\/index.php?rest_route=%2Fwp%2Fv2%2Fcategories&post=964"},{"taxonomy":"post_tag","embeddable":true,"href":"https:\/\/prochoix.org\/index.php?rest_route=%2Fwp%2Fv2%2Ftags&post=964"}],"curies":[{"name":"wp","href":"https:\/\/api.w.org\/{rel}","templated":true}]}}