{"id":966,"date":"2016-06-04T19:40:02","date_gmt":"2016-06-04T18:40:02","guid":{"rendered":"http:\/\/www.prochoix.org\/wordpress\/?p=966"},"modified":"2016-06-05T07:31:13","modified_gmt":"2016-06-05T06:31:13","slug":"les-survivants-anti-ivg-de-retour-20-ans-apres","status":"publish","type":"post","link":"https:\/\/prochoix.org\/?p=966","title":{"rendered":"Les \u00ab\u00a0survivants\u00a0\u00bb anti-IVG de retour, 20 ans apr\u00e8s."},"content":{"rendered":"<p>Samedi 4 juin, un dr\u00f4le de cort\u00e8ge d&rsquo;un soixantaine de personnes d\u00e9filait \u00e0 Paris autour du centre Pompidou. Les \u00ab\u00a0survivants\u00a0\u00bb se sont enroul\u00e9s de papier adh\u00e9sif o\u00f9 \u00e9tait inscrit \u00ab\u00a0conforme\u00a0\u00bb et distribuaient des tracts anti-IVG aux passants. Sur fond de musique pop, v\u00eatus de casquettes et vestes branch\u00e9es, aux cris de \u00ab\u00a0nous sommes tous des survivants\u00a0\u00bb, l&rsquo;image se veut jeune et moderne malgr\u00e9 la pr\u00e9sence de femmes plus \u00e2g\u00e9es quelques peu en retrait qui surveillent le bon d\u00e9roulement de l&rsquo;op\u00e9ration. Le quartier du Marais a \u00e9t\u00e9 red\u00e9cor\u00e9 d&rsquo;affiches anti-IVG de l&rsquo;association SOS Tous Petits, connue pour ses pri\u00e8res de rues et ses commandos dans les planning familiaux, et qui ont valu la condamnation de son pr\u00e9sident Xavier Dor \u00e0 10 000 euros d&rsquo;amende en 2014 pour entrave \u00e0 l&rsquo;IVG.<\/p>\n<p><a href=\"http:\/\/www.prochoix.org\/wordpress\/wp-content\/uploads\/2016\/06\/Capture-d\u2019\u00e9cran-2016-06-04-\u00e0-12.45.04.png\"><img loading=\"lazy\" decoding=\"async\" class=\"alignnone size-full wp-image-967\" src=\"http:\/\/www.prochoix.org\/wordpress\/wp-content\/uploads\/2016\/06\/Capture-d\u2019\u00e9cran-2016-06-04-\u00e0-12.45.04.png\" alt=\"Capture d\u2019\u00e9cran 2016-06-04 \u00e0 12.45.04\" width=\"1666\" height=\"2230\" srcset=\"https:\/\/prochoix.org\/wp-content\/uploads\/2016\/06\/Capture-d\u2019\u00e9cran-2016-06-04-\u00e0-12.45.04.png 1666w, https:\/\/prochoix.org\/wp-content\/uploads\/2016\/06\/Capture-d\u2019\u00e9cran-2016-06-04-\u00e0-12.45.04-224x300.png 224w, https:\/\/prochoix.org\/wp-content\/uploads\/2016\/06\/Capture-d\u2019\u00e9cran-2016-06-04-\u00e0-12.45.04-765x1024.png 765w\" sizes=\"(max-width: 1666px) 100vw, 1666px\" \/><\/a><\/p>\n<p>Face aux \u00ab\u00a0survivants\u00a0\u00bb, presque autant de contre-manifestants issus de divers mouvements f\u00e9ministes sont venus d\u00e9noncer ce happening avec des pancartes \u00ab\u00a0mon corps, mon droit\u00a0\u00bb, \u00ab\u00a0l\u00e2che mes ovaires\u00a0\u00bb, \u00ab\u00a0Simone Veil(le)\u00a0\u00bb, \u00ab\u00a0droit de l&rsquo;enfant \u00e0 \u00eatre d\u00e9sir\u00e9 et non impos\u00e9\u00a0\u00bb ou encore \u00ab\u00a0je b\u00e9nis l&rsquo;avortement\u00a0\u00bb. Le happening des \u00ab\u00a0survivants\u00a0\u00bb devait rester secret quant \u00e0 l&rsquo;heure et le lieu choisi, mais des informations ont fuit\u00e9 sur les r\u00e9seaux sociaux. Ce face-\u00e0-face a donn\u00e9 lieu \u00e0 plusieurs \u00e9chauffour\u00e9es avec le service d&rsquo;ordre des \u00ab\u00a0survivants\u00a0\u00bb, ainsi qu&rsquo;avec certains \u00ab\u00a0survivants\u00a0\u00bb qui portaient des foulards sur la bouche et des casques de moto. Le Petit Journal est sur place pour couvrir l&rsquo;affrontement.<\/p>\n<p><a href=\"http:\/\/www.prochoix.org\/wordpress\/wp-content\/uploads\/2016\/06\/Capture-d\u2019\u00e9cran-2016-06-04-\u00e0-12.51.52.png\"><img loading=\"lazy\" decoding=\"async\" class=\"alignnone size-medium wp-image-970\" src=\"http:\/\/www.prochoix.org\/wordpress\/wp-content\/uploads\/2016\/06\/Capture-d\u2019\u00e9cran-2016-06-04-\u00e0-12.51.52-300x224.png\" alt=\"Capture d\u2019\u00e9cran 2016-06-04 \u00e0 12.51.52\" width=\"300\" height=\"224\" srcset=\"https:\/\/prochoix.org\/wp-content\/uploads\/2016\/06\/Capture-d\u2019\u00e9cran-2016-06-04-\u00e0-12.51.52-300x224.png 300w, https:\/\/prochoix.org\/wp-content\/uploads\/2016\/06\/Capture-d\u2019\u00e9cran-2016-06-04-\u00e0-12.51.52-1024x765.png 1024w, https:\/\/prochoix.org\/wp-content\/uploads\/2016\/06\/Capture-d\u2019\u00e9cran-2016-06-04-\u00e0-12.51.52.png 1700w\" sizes=\"(max-width: 300px) 100vw, 300px\" \/><\/a><\/p>\n<p>Les \u00ab\u00a0survivants\u00a0\u00bb, en majorit\u00e9 des gar\u00e7ons, d&rsquo;une vingtaine d&rsquo;ann\u00e9es, se sont pr\u00e9par\u00e9s \u00e0 l\u2019\u00e9v\u00e9nement. Ils ont re\u00e7u une liste des questions fr\u00e9quentes des journalistes et des passants, avec des r\u00e9ponses toutes-faites \u00e9galement consultables sur leur site internet. Les femmes sont pouss\u00e9es devant les cam\u00e9ras pour tenter de cacher leur inf\u00e9riorit\u00e9 num\u00e9rique, mais les gar\u00e7ons restaient majoritaires et en t\u00eate de cort\u00e8ge.<\/p>\n<p><a href=\"http:\/\/www.prochoix.org\/wordpress\/wp-content\/uploads\/2016\/06\/Capture-d\u2019\u00e9cran-2016-06-04-\u00e0-12.54.35.png\"><img loading=\"lazy\" decoding=\"async\" class=\"alignnone size-medium wp-image-969\" src=\"http:\/\/www.prochoix.org\/wordpress\/wp-content\/uploads\/2016\/06\/Capture-d\u2019\u00e9cran-2016-06-04-\u00e0-12.54.35-300x235.png\" alt=\"Capture d\u2019\u00e9cran 2016-06-04 \u00e0 12.54.35\" width=\"300\" height=\"235\" srcset=\"https:\/\/prochoix.org\/wp-content\/uploads\/2016\/06\/Capture-d\u2019\u00e9cran-2016-06-04-\u00e0-12.54.35-300x235.png 300w, https:\/\/prochoix.org\/wp-content\/uploads\/2016\/06\/Capture-d\u2019\u00e9cran-2016-06-04-\u00e0-12.54.35-1024x802.png 1024w\" sizes=\"(max-width: 300px) 100vw, 300px\" \/><\/a><\/p>\n<p><em><strong>D\u2019ou viennent \u2013ils\u00a0? <\/strong><\/em><\/p>\n<p>Les \u00ab\u00a0survivants\u00a0\u00bb sont initialement une \u00e9manation de l&rsquo;association catholique d&rsquo;extr\u00eame-droite La Tr\u00eave de Dieu, qui organise \u00e0 partir de 1987 des op\u00e9rations commandos, allant jusqu&rsquo;\u00e0 s&rsquo;encha\u00eener dans les blocs op\u00e9ratoires des centres IVG pour en troubler le fonctionnement.\u00a0(Voir\u00a0<a href=\"http:\/\/www.prochoix.org\/pdf\/survivants.pdf\">ici<\/a> l&rsquo;enqu\u00eate de Prochoix)<\/p>\n<p>En 1997, le bulletin de la Tr\u00eave de Dieu nomme ses militants les plus jeunes \u00ab\u00a0les survivants\u00a0\u00bb. Dans la fin des ann\u00e9es 1990, la Tr\u00eave de Dieu perd une partie du contr\u00f4le de ses \u00ab\u00a0survivants\u00a0\u00bb, qui pour des raisons marketing, refusent d&rsquo;afficher clairement leur \u00e9tiquette catholique et politique. L&rsquo;objectif est rest\u00e9 le m\u00eame\u00a0: introduire le concept de \u00ab\u00a0syndrome du survivant\u00a0\u00bb pour d\u00e9signer toute personne&#8230; vivante, donc dont la m\u00e8re \u00ab\u00a0n&rsquo;a pas avort\u00e9\u00a0\u00bb. Leur signe de ralliement est de lever la main en baisant l&rsquo;annulaire, de fa\u00e7on \u00e0 symboliser par ce doigt baiss\u00e9 l&#8217;embryon qui est mort pour les quatre autres qui statistiquement restent dans le ventre de la m\u00e8re.<\/p>\n<p>Le message d\u00e9livr\u00e9 lors de leur manifestation, quasi inaudible, est tr\u00e8s bien expliqu\u00e9 sur leur site internet.<\/p>\n<p>Quatre cat\u00e9gories de \u00ab\u00a0survivants\u00a0\u00bb sont d\u00e9crites\u00a0: les enfants qui n\u2019auraient pas d\u00fb na\u00eetre, les enfants qui sont n\u00e9s par hasard, les enfants \u00ab\u00a0rempla\u00e7ants\u00a0\u00bb d\u2019un fr\u00e8re ou d\u2019une s\u0153ur avort\u00e9s, ainsi que les survivants statistiques. Cette derni\u00e8re cat\u00e9gorie d\u00e9signe les \u00ab\u00a0enfants n\u00e9s dans un pays ou une r\u00e9gion o\u00f9 l&rsquo;avortement est courant\u00a0\u00bb, victimes de la \u00ab\u00a0loterie\u00a0\u00bb de l&rsquo;avortement&#8230; donc au final, tous les enfants du globe.<\/p>\n<p>Puisque tout le monde vivant est un \u00ab\u00a0survivant\u00a0\u00bb, nous apprenons que nous sommes tous atteints de \u00ab\u00a0culpabilit\u00e9 existentielle, angoisse existentielle, attachement anxieux, connivence pseudo-secr\u00e8te, m\u00e9fiance, manque de confiance en soi, culpabilit\u00e9 ontologique\u00a0\u00bb. Pour r\u00e9gler leurs difficult\u00e9s, les survivants \u00ab\u00a0\u00a0tombent facilement dans l\u2019usage de la drogue\u00a0\u00bb. Ce qui expliquerait peut-\u00eatre certaines choses.<\/p>\n<p>Une vision apocalyptique des droits des femmes est d\u00e9crite, o\u00f9 l&rsquo;avortement est responsable de tous les maux de notre soci\u00e9t\u00e9 :\u00a0\u00ab\u00a0<strong>l\u2019avortement est li\u00e9 \u00e0 l\u2019exclusion et au mal-\u00eatre de notre soci\u00e9t\u00e9<\/strong>. Les jeunes voient leur avenir avec pessimisme ;\u00a0 le taux de ch\u00f4mage des jeunes est \u00e9lev\u00e9 ; les gens ne sont plus capables de se mobiliser pour de grandes causes ; l\u2019exclusion ne cesse d\u2019augmenter ; les sondages montrent que les foss\u00e9s entre g\u00e9n\u00e9rations continuent inexorablement de se creuser ; la violence augmente r\u00e9guli\u00e8rement, sp\u00e9cialement celle exerc\u00e9e sur des enfants ; la f\u00e9condit\u00e9 est descendue en-de\u00e7\u00e0 du seuil de remplacement des g\u00e9n\u00e9rations, ce qui veut dire que notre population est amen\u00e9e \u00e0 diminuer dans les prochaines ann\u00e9es; les gens ne croient plus \u00e0 l\u2019amour vrai et durable ; un couple sur trois divorce en France, un sur deux \u00e0 Paris, etc. <strong>Il est capital d\u2019avoir conscience que l\u2019avortement a sa part de responsabilit\u00e9 dans cette \u00e9volution<\/strong>, et que tu es concern\u00e9 directement, <strong>c\u2019est ton avenir qui est en jeu<\/strong><strong>\u00a0\u00bb.<\/strong><\/p>\n<p>Sous forme de questions-r\u00e9ponses, ces jeunes personnes veulent revenir sur la loi de 1975 l\u00e9galisant l&rsquo;avortement, quelque soit la situation, ainsi que culpabiliser la contraception. Tous les cas de figures sont envisag\u00e9s, m\u00eames les plus graves, sous un angle moraliste pro-vie assum\u00e9. Le best-of\u00a0:<\/p>\n<ul>\n<li><span style=\"text-decoration: underline;\">\u00e0 propos de l&rsquo;avortement apr\u00e8s un viol\u00a0: <\/span>\n<ul>\n<li>\u00ab\u00a0Il faut savoir que <strong>les cas de f\u00e9condation apr\u00e8s un viol sont excessivement rares<\/strong>. Le corps de la femme est fait de telle sorte qu\u2019il y a un ph\u00e9nom\u00e8ne naturel bloquant la f\u00e9condation lors du viol\u00a0\u00bb, \u00ab\u00a0sa m\u00e8re croira exorciser son viol en avortant, certes ; mais c\u2019est un faux raisonnement\u00a0\u00bb,<\/li>\n<li>\u00ab\u00a0pla\u00e7ons-nous maintenant du c\u00f4t\u00e9 de l\u2019enfant. Il n\u2019a rien demand\u00e9, il est innocent du crime que son p\u00e8re a commis m\u00eame s\u2019il en est le fruit. De quel droit paierait-il de sa vie ce crime ?\u00a0\u00bb,<\/li>\n<\/ul>\n<\/li>\n<li><span style=\"text-decoration: underline;\">\u00e0 propos des viols conjugaux, qui seraient dus au droit \u00e0 l&rsquo;avortement\u00a0:\u00a0<\/span>\n<ul>\n<li>\u00ab\u00a0les violeurs sont aujourd\u2019hui pour un tiers le mari ou le petit ami de la victime. Pourquoi ? Parce que <strong>la femme est trop souvent consid\u00e9r\u00e9e comme un objet de consommation<\/strong>, et sa f\u00e9minit\u00e9 est tr\u00e8s peu respect\u00e9e\u00a0\u00bb.<\/li>\n<\/ul>\n<\/li>\n<li><span style=\"text-decoration: underline;\">\u00e0 propos de la contraception\u00a0:\u00a0<\/span>\n<ul>\n<li>\u00ab\u00a0<strong>le danger est grand, lorsqu\u2019on banalise le geste contraceptif, de se sentir d\u00e9responsabilis\u00e9 vis-\u00e0-vis de la valeur de la vie, et d\u2019en arriver \u00e0 envisager l\u2019avortement comme un moyen extr\u00eame de contraception<\/strong>. Lorsqu\u2019une femme qui pratique la contraception oublie de prendre sa pilule, un soir, et le pr\u00e9servatif n\u2019\u00e9tant pas fiable \u00e0 100%, le risque de f\u00e9condation existe toujours. Lorsqu\u2019une grossesse accidentelle survient, elle est en g\u00e9n\u00e9ral non d\u00e9sir\u00e9e, personne ne s\u2019y attend, mais ce n\u2019est pas une raison pour passer \u00e0 l\u2019avortement\u00a0\u00bb.<\/li>\n<li>\u00ab\u00a0certains moyens consid\u00e9r\u00e9s comme contraceptifs sont eux aussi abortifs. C\u2019est ce qu\u2019on appelle \u00ab\u00a0l\u2019avortement camoufl\u00e9\u00a0\u00bb. Ainsi en est-il de la \u00ab\u00a0pilule du lendemain\u00a0\u00bb. Cette pilule, qui se prend le lendemain d\u2019un rapport non prot\u00e9g\u00e9, est destin\u00e9e \u00e0 emp\u00eacher l\u2019\u0153uf f\u00e9cond\u00e9 (si \u0153uf il y a) de s\u2019implanter dans l\u2019ut\u00e9rus\u00a0\u00bb, \u00ab\u00a0et il est tout aussi \u00e9thiquement inacceptable de supprimer un embryon de quelques heures que de supprimer un f\u0153tus de 10 semaine ou m\u00eame de 9 mois\u00a0\u00bb<strong>.<\/strong><\/li>\n<\/ul>\n<\/li>\n<li><strong>\u00ab\u00a0l<\/strong>e st\u00e9rilet (petit fil de cuivre install\u00e9 dans l\u2019ut\u00e9rus) est un moyen abortif, qui emp\u00eache l\u2019\u0153uf d\u00e9j\u00e0 f\u00e9cond\u00e9, de se fixer \u00e0 la paroi ut\u00e9rine. L\u2019embryon, qui n\u2019a que quelques jours, meurt sans que personne ne le sache, et c\u2019est bien un avortement qui se passe en silence. <strong>Chaque ann\u00e9e, en France, plusieurs millions d\u2019\u00eatres humains sont ainsi priv\u00e9s du droit \u00e0 la vie, sans que personne ne s\u2019en \u00e9meuve\u00a0\u00bb.<\/strong><\/li>\n<li><strong><span style=\"text-decoration: underline;\">\u00e0 propos de l&rsquo;IMG (interruption m\u00e9dicale de grossesse, pour les cas de pathologie grave pour l&rsquo;enfant)\u00a0:<\/span><\/strong>\n<ul>\n<li><strong>\u00ab\u00a0l\u2019IMG conduit \u00e0 l\u2019enfant objet et \u00e0 l\u2019eug\u00e9nisme actif, qui n\u2019est pas et ne pourra jamais \u00eatre un progr\u00e8s de la m\u00e9decine. Nous d\u00e9douaner de notre propre souffrance en lui supprimant le droit de na\u00eetre est une solution qui, si elle peut se comprendre, ne peut \u00eatre l\u00e9gitim\u00e9e et accept\u00e9e comme bonne\u00a0\u00bb. <\/strong><\/li>\n<\/ul>\n<\/li>\n<li><span style=\"text-decoration: underline;\">\u00e0 propos de la r\u00e9gulation des naissances, notamment dans les pays du Tiers-Monde, o\u00f9 l&rsquo;avortement clandestin tue pr\u00e8s de 50 000 femmes par an\u00a0:<\/span>\n<ul>\n<li>\u00ab\u00a0Nous ne sommes pas trop nombreux sur terre! On nous abreuve de cette vision malthusienne de la surpopulation. Il y a assez de ressources naturelles sur terre pour nourrir encore 10 fois la population mondiale\u00a0\u00bb.<\/li>\n<li>\u00ab\u00a0pour des raisons de sant\u00e9 publique, on a instaur\u00e9 l\u2019avortement l\u00e9galis\u00e9, sous pr\u00e9texte de faire du \u00ab\u00a0travail propre\u00a0\u00bb.<\/li>\n<li>\u00ab\u00a0Les femmes africaines ont 10 enfants chacune ? C\u2019est que leur pauvret\u00e9 est telle que leurs enfants sont une assurance retraite pour elles. Il en meurt beaucoup, et, elles le savent seuls les enfants les plus r\u00e9sistants arrivent \u00e0 survivre dans ce monde sans piti\u00e9\u00a0\u00bb.<\/li>\n<\/ul>\n<\/li>\n<\/ul>\n<p><strong>Et enfin, une vision on ne peut plus paternaliste des droits des femmes\u00a0: \u00ab\u00a0Qu\u2019une femme choisisse ou non la maternit\u00e9, d\u2019accord ; qu\u2019elle supprime ou qu\u2019on supprime son enfant, je ne suis plus d\u2019accord<\/strong>. Qu\u2019elle prenne la pilule si elle y tient, qu\u2019elle assume sa f\u00e9minit\u00e9, et que les hommes assument et respectent eux aussi la f\u00e9minit\u00e9 de la femme\u00a0\u00bb. \u00ab\u00a0En somme, <strong>c\u2019est incontestablement la femme qui est la personne la plus concern\u00e9e par le b\u00e9b\u00e9 qu\u2019elle porte, mais la d\u00e9cision d\u2019avorter ne lui appartient pas pour autant\u00a0\u00bb.<\/strong><\/p>\n<p><strong>Malgr\u00e9 un marketing assur\u00e9ment jeune et moderne et un logo en forme de super-h\u00e9ros, les \u00ab\u00a0survivants\u00a0\u00bb ne passent pas l&rsquo;\u00e9preuve du debunkage f\u00e9ministe. <\/strong><\/p>\n<p>&nbsp;<\/p>\n<p><em><strong>Carla Parisi\u00a0<\/strong><\/em><\/p>\n","protected":false},"excerpt":{"rendered":"<p>Samedi 4 juin, un dr\u00f4le de cort\u00e8ge d&rsquo;un soixantaine de personnes d\u00e9filait \u00e0 Paris autour du centre Pompidou. Les \u00ab\u00a0survivants\u00a0\u00bb se sont enroul\u00e9s de papier adh\u00e9sif o\u00f9 \u00e9tait inscrit \u00ab\u00a0conforme\u00a0\u00bb et distribuaient des tracts anti-IVG aux passants. Sur fond de musique pop, v\u00eatus de casquettes et vestes branch\u00e9es, aux cris de \u00ab\u00a0nous sommes tous des &hellip; <a href=\"https:\/\/prochoix.org\/?p=966\" class=\"more-link\">Continuer la lecture de <span class=\"screen-reader-text\">Les \u00ab\u00a0survivants\u00a0\u00bb anti-IVG de retour, 20 ans apr\u00e8s.<\/span>  <span class=\"meta-nav\">&rarr;<\/span><\/a><\/p>\n","protected":false},"author":1,"featured_media":0,"comment_status":"open","ping_status":"open","sticky":false,"template":"","format":"standard","meta":{"footnotes":""},"categories":[16],"tags":[],"_links":{"self":[{"href":"https:\/\/prochoix.org\/index.php?rest_route=\/wp\/v2\/posts\/966"}],"collection":[{"href":"https:\/\/prochoix.org\/index.php?rest_route=\/wp\/v2\/posts"}],"about":[{"href":"https:\/\/prochoix.org\/index.php?rest_route=\/wp\/v2\/types\/post"}],"author":[{"embeddable":true,"href":"https:\/\/prochoix.org\/index.php?rest_route=\/wp\/v2\/users\/1"}],"replies":[{"embeddable":true,"href":"https:\/\/prochoix.org\/index.php?rest_route=%2Fwp%2Fv2%2Fcomments&post=966"}],"version-history":[{"count":2,"href":"https:\/\/prochoix.org\/index.php?rest_route=\/wp\/v2\/posts\/966\/revisions"}],"predecessor-version":[{"id":972,"href":"https:\/\/prochoix.org\/index.php?rest_route=\/wp\/v2\/posts\/966\/revisions\/972"}],"wp:attachment":[{"href":"https:\/\/prochoix.org\/index.php?rest_route=%2Fwp%2Fv2%2Fmedia&parent=966"}],"wp:term":[{"taxonomy":"category","embeddable":true,"href":"https:\/\/prochoix.org\/index.php?rest_route=%2Fwp%2Fv2%2Fcategories&post=966"},{"taxonomy":"post_tag","embeddable":true,"href":"https:\/\/prochoix.org\/index.php?rest_route=%2Fwp%2Fv2%2Ftags&post=966"}],"curies":[{"name":"wp","href":"https:\/\/api.w.org\/{rel}","templated":true}]}}