{"id":976,"date":"2016-06-06T15:20:35","date_gmt":"2016-06-06T14:20:35","guid":{"rendered":"http:\/\/www.prochoix.org\/wordpress\/?p=976"},"modified":"2016-06-06T15:20:41","modified_gmt":"2016-06-06T14:20:41","slug":"iconoclaste-jusquau-19-juin","status":"publish","type":"post","link":"https:\/\/prochoix.org\/?p=976","title":{"rendered":"Iconoclaste (Jusqu&rsquo;au 19 juin)"},"content":{"rendered":"<p><a href=\"http:\/\/www.prochoix.org\/wordpress\/wp-content\/uploads\/2016\/06\/Capture-d\u2019\u00e9cran-2016-06-06-\u00e0-16.18.43.png\"><img loading=\"lazy\" decoding=\"async\" class=\"alignnone size-medium wp-image-977\" src=\"http:\/\/www.prochoix.org\/wordpress\/wp-content\/uploads\/2016\/06\/Capture-d\u2019\u00e9cran-2016-06-06-\u00e0-16.18.43-300x217.png\" alt=\"Capture d\u2019\u00e9cran 2016-06-06 \u00e0 16.18.43\" width=\"300\" height=\"217\" srcset=\"https:\/\/prochoix.org\/wp-content\/uploads\/2016\/06\/Capture-d\u2019\u00e9cran-2016-06-06-\u00e0-16.18.43-300x217.png 300w, https:\/\/prochoix.org\/wp-content\/uploads\/2016\/06\/Capture-d\u2019\u00e9cran-2016-06-06-\u00e0-16.18.43-1024x739.png 1024w, https:\/\/prochoix.org\/wp-content\/uploads\/2016\/06\/Capture-d\u2019\u00e9cran-2016-06-06-\u00e0-16.18.43.png 1518w\" sizes=\"(max-width: 300px) 100vw, 300px\" \/><\/a><\/p>\n<p>La Galerie Mansart est heureuse d\u2019accueillir la premi\u00e8re exposition personnelle en France d\u2019Oksana Shachko.<br \/>\nPassionn\u00e9e depuis son plus jeune \u00e2ge par les ic\u00f4nes religieuses, ses \u00e9tudes de philosophie et son engagement dans la fondation du groupe ukrainien des FEMEN ont subverti sa peinture en arme activiste.<\/p>\n<p>Les r\u00e9f\u00e9rences esth\u00e9tiques des ic\u00f4nes d&rsquo;Oksana Shachko puisent dans une ironie r\u00e9volutionnaire, et la force de la d\u00e9nonciation sociale et religieuse r\u00e9v\u00e8le les grandes qualit\u00e9s techniques et artistiques de son travail, dans une dialectique puissante entre r\u00e9flexion et action.<\/p>\n<p>En savoir plus :\u00a0<a href=\"http:\/\/www.galerie-mansart.fr\/\" target=\"_blank\" rel=\"nofollow nofollow\">www.galerie-mansart.fr<\/a><\/p>\n<p>Curateur : Azad Asifovich<\/p>\n","protected":false},"excerpt":{"rendered":"<p>La Galerie Mansart est heureuse d\u2019accueillir la premi\u00e8re exposition personnelle en France d\u2019Oksana Shachko. Passionn\u00e9e depuis son plus jeune \u00e2ge par les ic\u00f4nes religieuses, ses \u00e9tudes de philosophie et son engagement dans la fondation du groupe ukrainien des FEMEN ont subverti sa peinture en arme activiste. Les r\u00e9f\u00e9rences esth\u00e9tiques des ic\u00f4nes d&rsquo;Oksana Shachko puisent dans &hellip; <a href=\"https:\/\/prochoix.org\/?p=976\" class=\"more-link\">Continuer la lecture de <span class=\"screen-reader-text\">Iconoclaste (Jusqu&rsquo;au 19 juin)<\/span>  <span class=\"meta-nav\">&rarr;<\/span><\/a><\/p>\n","protected":false},"author":1,"featured_media":0,"comment_status":"open","ping_status":"open","sticky":false,"template":"","format":"standard","meta":{"footnotes":""},"categories":[17],"tags":[],"_links":{"self":[{"href":"https:\/\/prochoix.org\/index.php?rest_route=\/wp\/v2\/posts\/976"}],"collection":[{"href":"https:\/\/prochoix.org\/index.php?rest_route=\/wp\/v2\/posts"}],"about":[{"href":"https:\/\/prochoix.org\/index.php?rest_route=\/wp\/v2\/types\/post"}],"author":[{"embeddable":true,"href":"https:\/\/prochoix.org\/index.php?rest_route=\/wp\/v2\/users\/1"}],"replies":[{"embeddable":true,"href":"https:\/\/prochoix.org\/index.php?rest_route=%2Fwp%2Fv2%2Fcomments&post=976"}],"version-history":[{"count":1,"href":"https:\/\/prochoix.org\/index.php?rest_route=\/wp\/v2\/posts\/976\/revisions"}],"predecessor-version":[{"id":978,"href":"https:\/\/prochoix.org\/index.php?rest_route=\/wp\/v2\/posts\/976\/revisions\/978"}],"wp:attachment":[{"href":"https:\/\/prochoix.org\/index.php?rest_route=%2Fwp%2Fv2%2Fmedia&parent=976"}],"wp:term":[{"taxonomy":"category","embeddable":true,"href":"https:\/\/prochoix.org\/index.php?rest_route=%2Fwp%2Fv2%2Fcategories&post=976"},{"taxonomy":"post_tag","embeddable":true,"href":"https:\/\/prochoix.org\/index.php?rest_route=%2Fwp%2Fv2%2Ftags&post=976"}],"curies":[{"name":"wp","href":"https:\/\/api.w.org\/{rel}","templated":true}]}}