{"id":994,"date":"2016-12-15T13:28:18","date_gmt":"2016-12-15T12:28:18","guid":{"rendered":"http:\/\/www.prochoix.org\/wordpress\/?p=994"},"modified":"2016-12-19T11:29:10","modified_gmt":"2016-12-19T10:29:10","slug":"les-laicophobes-a-lassaut-de-lantiracisme","status":"publish","type":"post","link":"https:\/\/prochoix.org\/?p=994","title":{"rendered":"Les la\u00efcophobes \u00e0 l\u2019assaut de l\u2019antiracisme"},"content":{"rendered":"<p>Le 18 d\u00e9cembre \u00e0 la Bourse du travail de Saint-Denis, une myriade d\u2019organisations souvent groupusculaires et quelques personnalit\u00e9s au service de l\u2019extr\u00eame-droite islamiste vont se r\u00e9unir en meeting et inverseront les r\u00f4les de l\u2019Histoire antiraciste.<\/p>\n<p>La Mairie de cette importante ville de Seine-Saint-Denis a donn\u00e9 quitus \u00e0 l\u2019occupation gratuite d\u2019une salle pour ce rassemblement \u00ab\u00a0contre l\u2019islamophobie et la x\u00e9nophobie\u00a0\u00e0 l\u2019heure de la pr\u00e9sidentielle\u00a0\u00bb.<\/p>\n<p>A premi\u00e8re vue, il serait louable qu\u2019une interpellation des candidat-es \u00e0 des \u00e9lections politiques, \u00e0 fortiori l\u2019\u00e9lection pr\u00e9sidentielle, permette toute leur attention aux revendications et aux attentes pour faire reculer le racisme et l\u2019antis\u00e9mitisme. Que des associations dites antiracistes tiennent un meeting en p\u00e9riode pr\u00e9-\u00e9lectorale sur ces fondements, rien de plus normal. Mais l\u2019enjeu des acteurs en question n\u2019est pas celui-l\u00e0.<\/p>\n<p>Appr\u00eatez-vous\u00a0les la\u00efques\u00a0! Ce jour-l\u00e0 vous serez insult\u00e9s de racistes sous l\u2019appellation d\u2019\u00ab\u00a0islamophobes\u00a0\u00bb.<\/p>\n<p>Vous les f\u00e9ministes et vous aussi les progressistes ne manquerez pas non plus d\u2019\u00eatre accus\u00e9s de lutter contre le droit des femmes, contre ce \u00ab\u00a0droit\u00a0\u00bb \u00e0 consid\u00e9rer impudiques toutes femmes qui ne se drapent pas. Bref, sous couvert de la critique d\u2019un f\u00e9minisme \u00ab\u00a0occidental\u00a0\u00bb ou \u00ab\u00a0colonial\u00a0\u00bb et dans une spectaculaire perversion du langage, on vous reprochera de lutter contre le \u00ab\u00a0droit\u00a0\u00bb \u00e0 l\u2019oppression et \u00e0 l\u2019enfermement des femmes.<\/p>\n<p>Les acteurs de ce meeting seront sur le terrain de Madjid Messaoud\u00e8ne, \u00e9lu municipal dyonisien d\u00e9l\u00e9gu\u00e9 \u00e0 \u00ab\u00a0la lutte contre les discriminations\u00a0\u00bb qui ne rate jamais une occasion de pourfendre la douleur des Fran\u00e7ais. Comme ce jour du meurtre des enfants juifs de Toulouse par le terroriste Merah quand cet \u00e9lu qui porte \u00e0 l\u2019occasion l\u2019\u00e9charpe tricolore d\u00e9clarait\u00a0sur son compte Twitter : \u00ab\u00a0Une tuerie\u00a0? Un deuil\u00a0? Attendez la p\u00e9riode \u00e9lectorale pour mourir et Hollande et Sarkozy se rendront \u00e0 votre chevet\u00a0\u00bb. Depuis, il ne s\u2019est jamais ravis\u00e9 et en a toujours rajout\u00e9 y compris pour s\u2019en prendre aux policiers qui ont neutralis\u00e9 les terroristes du \u00ab\u00a013 novembre\u00a0\u00bb log\u00e9s dans sa ville.<\/p>\n<p>Plus consistants, le CCIF (Collectif Contre l\u2019islamophobie en France), le PIR (Parti des Indig\u00e8nes de la R\u00e9publique), le NPA (Nouveau Parti Anticapitaliste) et leurs acolytes \u00e9laborent donc une approche islamiste pour la campagne pr\u00e9sidentielle. Des meetings antiracistes, j\u2019en ai organis\u00e9s des dizaines avec d\u2019autres militants sinc\u00e8res qui portaient une id\u00e9e ouverte et fraternelle de la France. Un mouvement antiraciste qui ne trie, ni ne se d\u00e9sint\u00e9resse des droits des femmes et du combat si permanent contre l\u2019antis\u00e9mitisme, ici occult\u00e9 dira-t-on par un doux euph\u00e9misme.<\/p>\n<p>D\u2019ailleurs, pour ce qui est de leur\u00a0\u00ab\u00a0f\u00e9minisme \u00bb, il se r\u00e9sume uniquement \u00e0 ce \u00ab droit\u00a0\u00bb d\u2019adopter les variantes des uniformes islamistes qui leur sont assign\u00e9es par des pr\u00e9dicateurs proches de plusieurs associations organisatrices. D\u2019apr\u00e8s leurs \u00ab\u00a0imams\u00a0\u00bb int\u00e9gristes,\u00a0 si elles ne veulent pas \u00ab\u00a0\u00eatre responsables de leur viol, elles doivent porter le Hijab car le Hijab c\u2019est la pudeur de la femme\u00a0\u00bb. La femme non-voil\u00e9e n\u2019est-elle d\u2019ailleurs pas \u00ab\u00a0comme une pi\u00e8ce de deux euros qui passe de mains en mains\u00a0\u00bb\u00a0?<\/p>\n<p>Pas \u00e9tonnant que, en ce d\u00e9but de mois, le CCIF et d\u2019autres signataires tenaient meeting commun avec \u00a0des islamistes turcs dans des locaux consulaires situ\u00e9s en banlieue de Lyon.<\/p>\n<p>Dans leur Appel actuel, nos dr\u00f4les d\u2019antiracistes critiquent avec v\u00e9h\u00e9mence notre \u00e9tat d\u2019urgence mais n\u2019ont rien dit aux amis du pr\u00e9sident Erdogan concernant celui qui s\u2019abat en Turquie et qui est l\u00e0-bas pr\u00e9texte \u00e0 purger la soci\u00e9t\u00e9 civile et \u00e0 emprisonner par paquets toute t\u00eate r\u00e9calcitrante \u00e0 la d\u00e9rive islamiste et dictatoriale du r\u00e9gime turc. Ni sur sa loi qui a failli amnistier les \u00a0violeurs de fillettes mineures s\u2019ils \u00e9pousaient leurs victimes pour r\u00e9parer\u00a0\u00ab\u00a0leur faute\u00a0\u00bb.<\/p>\n<p>Au contraire de l\u2019objectif de lutte contre le racisme, l\u2019antis\u00e9mitisme et la x\u00e9nophobie, cet \u00ab\u00a0antiracisme\u00a0\u00bb, puisqu\u2019il ose se nommer ainsi, va accro\u00eetre diff\u00e9rentes formes de racisme dans notre pays. C\u2019est d\u2019ailleurs son but ou le sous-produit collat\u00e9ral accept\u00e9 par cynisme.<\/p>\n<p>Faire reculer le racisme avec des groupes racialistes qui \u00a0interdisent leurs r\u00e9unions aux blancs et aux Juifs, c\u2019est se soumettre aux m\u00eames r\u00e8gles \u00ab\u00a0raciales\u00a0\u00bb que celles du Front National. Bref, dire que ces individus et ces organisations sont antiracistes, c\u2019est un peu comme affirmer que Donald Trump est f\u00e9ministe.<\/p>\n<p>Responsables politiques, \u00e9lus locaux, journalistes, enseignants qui vous associez \u00e0 ces sinistres islamistes, vous vous rendez complices. Mais nous ne nous tairons pas.<\/p>\n<p>Vous ne pouvez pas ignorer ces vid\u00e9os de Marwan Muhammad, porte-parole du CCIF,\u00a0 dans lesquelles il affirme que la France de 2010 est pire que l\u2019Allemagne des ann\u00e9es 30.<\/p>\n<p>Puisqu\u2019il faut vous le rappeler\u00a0: les lois nazies ont \u00e9limin\u00e9 les Juifs de toutes responsabilit\u00e9s civiles, politiques et militaires, interdit aux Allemands de commercer avec eux, encourag\u00e9 le saccage et le pillage de leurs biens avant de les conduire \u00e0 la mort par millions.<\/p>\n<p>Nos lois la\u00efques et sur la s\u00e9curit\u00e9 int\u00e9rieure qui interdisent tous les signes religieux \u00e0 l\u2019\u00e9cole et la possibilit\u00e9 de circuler le visage cach\u00e9 que vous fustigez vous sont-elles comparables\u00a0?\u00a0 Vous avez bien s\u00fbr le droit d\u2019y \u00eatre oppos\u00e9s mais n\u2019\u00eates-vous pas des criminels de la pens\u00e9e antiraciste quand vous vous acoquinez au personnage mentionn\u00e9 plus haut et qui d\u00e9clare dans cette m\u00eame vid\u00e9o pour illustrer la duret\u00e9 d\u2019\u00eatre musulman en France que \u00ab\u00a0les femmes musulmanes se font violer le jour de l\u2019A\u00efd\u00a0\u00bb\u00a0?<\/p>\n<p>Ce ne sont pas \u00ab\u00a0des crois\u00e9s\u00a0\u00bb qui ont \u00e9gorg\u00e9 ce pr\u00eatre, assassin\u00e9 ces enfants juifs dans leur \u00e9cole, ex\u00e9cut\u00e9 ces journalistes et caricaturistes, mitraill\u00e9 ces terrasses de caf\u00e9s et de restaurants, massacr\u00e9 des jeunes dans une salle de spectacle\u2026 mais des terroristes islamistes qui contraignent notre pays \u00e0 se prot\u00e9ger davantage et met tous nos concitoyens \u00e0 rude \u00e9preuve.<\/p>\n<p>L\u2019Appel farfelu de ces faussaires de l\u2019antiracisme proph\u00e9tise m\u00eame \u00ab\u00a0la cooptation de l\u2019extr\u00eame droite au sein du gouvernement\u00a0\u00bb socialiste. La pr\u00e9sence parmi eux de Tariq Ramadan, le pr\u00e9dicateur pr\u00e9f\u00e9r\u00e9 des \u00ab\u00a0Fr\u00e8res musulmans\u00a0\u00bb, leur donne d\u00e9cid\u00e9ment les ailes de l\u2019outrance.<\/p>\n<p>Mais comme on est toujours le traitre de quelqu\u2019un, nos faussaires de l\u2019antiracisme ont exclu la C.R.I (Coordination contre le Racisme et l\u2019Islamophobie) qui consid\u00e8re dans un communiqu\u00e9 fleuve que les organisateurs sont \u00ab\u00a0des paternalistes blancs\u00a0\u00bb. Selon la C.R.I, les \u00ab\u00a0basan\u00e9s\u00a0\u00bb que soutiennent les organisateurs du meeting ne sont que \u00ab\u00a0des indig\u00e8nes bien not\u00e9s par l\u2019extr\u00eame-gauche qui a disparu des quartiers\u00a0\u00bb et que lesdits organisateurs portent la responsabilit\u00e9 \u00ab\u00a0de d\u00e9g\u00e2ts irr\u00e9versibles puisque les r\u00e9seaux soraliens et autres int\u00e9gristes catholiques viennent recruter jusque dans nos mosqu\u00e9es\u00a0\u00bb.<\/p>\n<p>Ces batailles de chiffonniers de l\u2019outrance sont dignes de celles des chapelles de l\u2019extr\u00eame-droite, dont on ne sait jamais tr\u00e8s bien s\u2019il faut en rire, en pleurer ou en r\u00e9f\u00e9rer \u00e0 des sp\u00e9cialistes de la sant\u00e9 mentale. L\u2019\u00ab\u00a0antiracisme islamiste\u00a0\u00bb\u00a0serait la nouveaut\u00e9 vendue par quelques responsables politiques, journalistes et intellectuels\u00a0? Non, il n\u2019est pas une nouveaut\u00e9. Il est un oxymore.<\/p>\n<p>Nasser Ramdane Ferradj porte-parole du collectif TCIF \u00ab\u00a0Tous Contre l\u2019Islamisme en France \u2013 Ils n\u2019auront pas notre silence complice\u00a0\u00bb<\/p>\n<p>&nbsp;<\/p>\n<p><a href=\"http:\/\/www.prochoix.org\/wordpress\/wp-content\/uploads\/2016\/12\/tweets-meesaoud\u00e8ne.jpg\"><img loading=\"lazy\" decoding=\"async\" class=\"alignnone size-full wp-image-995\" src=\"http:\/\/www.prochoix.org\/wordpress\/wp-content\/uploads\/2016\/12\/tweets-meesaoud\u00e8ne.jpg\" alt=\"tweets meesaoud\u00e8ne\" width=\"600\" height=\"900\" srcset=\"https:\/\/prochoix.org\/wp-content\/uploads\/2016\/12\/tweets-meesaoud\u00e8ne.jpg 600w, https:\/\/prochoix.org\/wp-content\/uploads\/2016\/12\/tweets-meesaoud\u00e8ne-200x300.jpg 200w\" sizes=\"(max-width: 600px) 100vw, 600px\" \/><\/a><\/p>\n<p>&nbsp;<\/p>\n<p>&nbsp;<\/p>\n<p>&nbsp;<\/p>\n<p>&nbsp;<\/p>\n<p>sources :<\/p>\n<p><a id=\"LPlnk108546\" class=\"x_OWAAutoLink\" href=\"http:\/\/contre-attaques.org\/l-oeil-de\/article\/islamophobie-357\" target=\"_blank\">http:\/\/contre-attaques.org\/l-oeil-de\/article\/islamophobie-357<\/a><\/p>\n<p><a id=\"LPlnk342540\" class=\"x_OWAAutoLink\" href=\"http:\/\/www.ikhwan.whoswho\/blog\/archives\/10845\" target=\"_blank\">http:\/\/www.ikhwan.whoswho\/blog\/archives\/10845<\/a><\/p>\n<p><a id=\"LPlnk857883\" class=\"x_OWAAutoLink\" href=\"https:\/\/www.facebook.com\/CRIslamophobie\/posts\/1499708340043576\" target=\"_blank\">https:\/\/www.facebook.com\/CRIslamophobie\/posts\/1499708340043576<\/a><\/p>\n<div><a href=\"http:\/\/www.ikhwan.whoswho\/blog\/archives\/10790\" target=\"_blank\" rel=\"nofollow\">http:\/\/www.ikhwan.whoswho\/blog\/archives\/10790<\/a><\/div>\n<div><\/div>\n<div><\/div>\n<div><a href=\"http:\/\/www.prochoix.org\/wordpress\/wp-content\/uploads\/2016\/12\/CRI21.jpg\"><img loading=\"lazy\" decoding=\"async\" class=\"alignnone size-full wp-image-999\" src=\"http:\/\/www.prochoix.org\/wordpress\/wp-content\/uploads\/2016\/12\/CRI21.jpg\" alt=\"CRI2\" width=\"472\" height=\"506\" srcset=\"https:\/\/prochoix.org\/wp-content\/uploads\/2016\/12\/CRI21.jpg 472w, https:\/\/prochoix.org\/wp-content\/uploads\/2016\/12\/CRI21-280x300.jpg 280w\" sizes=\"(max-width: 472px) 100vw, 472px\" \/><\/a><a href=\"http:\/\/www.prochoix.org\/wordpress\/wp-content\/uploads\/2016\/12\/CRI2.jpg\"><img loading=\"lazy\" decoding=\"async\" class=\"alignnone size-full wp-image-998\" src=\"http:\/\/www.prochoix.org\/wordpress\/wp-content\/uploads\/2016\/12\/CRI2.jpg\" alt=\"CRI2\" width=\"472\" height=\"506\" srcset=\"https:\/\/prochoix.org\/wp-content\/uploads\/2016\/12\/CRI2.jpg 472w, https:\/\/prochoix.org\/wp-content\/uploads\/2016\/12\/CRI2-280x300.jpg 280w\" sizes=\"(max-width: 472px) 100vw, 472px\" \/><\/a><\/div>\n<div><\/div>\n<div><\/div>\n<div><\/div>\n","protected":false},"excerpt":{"rendered":"<p>Le 18 d\u00e9cembre \u00e0 la Bourse du travail de Saint-Denis, une myriade d\u2019organisations souvent groupusculaires et quelques personnalit\u00e9s au service de l\u2019extr\u00eame-droite islamiste vont se r\u00e9unir en meeting et inverseront les r\u00f4les de l\u2019Histoire antiraciste. La Mairie de cette importante ville de Seine-Saint-Denis a donn\u00e9 quitus \u00e0 l\u2019occupation gratuite d\u2019une salle pour ce rassemblement \u00ab\u00a0contre &hellip; <a href=\"https:\/\/prochoix.org\/?p=994\" class=\"more-link\">Continuer la lecture de <span class=\"screen-reader-text\">Les la\u00efcophobes \u00e0 l\u2019assaut de l\u2019antiracisme<\/span>  <span class=\"meta-nav\">&rarr;<\/span><\/a><\/p>\n","protected":false},"author":1,"featured_media":0,"comment_status":"open","ping_status":"open","sticky":false,"template":"","format":"standard","meta":{"footnotes":""},"categories":[17,7],"tags":[],"_links":{"self":[{"href":"https:\/\/prochoix.org\/index.php?rest_route=\/wp\/v2\/posts\/994"}],"collection":[{"href":"https:\/\/prochoix.org\/index.php?rest_route=\/wp\/v2\/posts"}],"about":[{"href":"https:\/\/prochoix.org\/index.php?rest_route=\/wp\/v2\/types\/post"}],"author":[{"embeddable":true,"href":"https:\/\/prochoix.org\/index.php?rest_route=\/wp\/v2\/users\/1"}],"replies":[{"embeddable":true,"href":"https:\/\/prochoix.org\/index.php?rest_route=%2Fwp%2Fv2%2Fcomments&post=994"}],"version-history":[{"count":3,"href":"https:\/\/prochoix.org\/index.php?rest_route=\/wp\/v2\/posts\/994\/revisions"}],"predecessor-version":[{"id":1002,"href":"https:\/\/prochoix.org\/index.php?rest_route=\/wp\/v2\/posts\/994\/revisions\/1002"}],"wp:attachment":[{"href":"https:\/\/prochoix.org\/index.php?rest_route=%2Fwp%2Fv2%2Fmedia&parent=994"}],"wp:term":[{"taxonomy":"category","embeddable":true,"href":"https:\/\/prochoix.org\/index.php?rest_route=%2Fwp%2Fv2%2Fcategories&post=994"},{"taxonomy":"post_tag","embeddable":true,"href":"https:\/\/prochoix.org\/index.php?rest_route=%2Fwp%2Fv2%2Ftags&post=994"}],"curies":[{"name":"wp","href":"https:\/\/api.w.org\/{rel}","templated":true}]}}